{"id":708,"date":"2013-05-20T21:01:08","date_gmt":"2013-05-20T19:01:08","guid":{"rendered":"http:\/\/blogs.hoy.es\/extremadurasecreta\/?p=708"},"modified":"2022-10-16T19:24:55","modified_gmt":"2022-10-16T17:24:55","slug":"la-casa-del-tesoro","status":"publish","type":"post","link":"https:\/\/blogs.hoy.es\/extremadurasecreta\/2013\/05\/20\/la-casa-del-tesoro\/","title":{"rendered":"Publio Hurtado y la casa del tesoro"},"content":{"rendered":"<p style=\"text-align: justify;\"><span style=\"font-size: 10pt;\">Ya hablamos en otra ocasi\u00f3n de <a title=\"Las Casas del Miedo\" href=\"https:\/\/blogs.hoy.es\/extremadurasecreta\/2012\/05\/14\/las-casas-del-miedo\/\">Las<strong> Casas de Miedo<\/strong><\/a> extreme\u00f1as: Hoy vamos a visitar otras mas agradables, pero no menos misteriosas\u2026 las <strong>Casas del Tesoro.<\/strong><\/span><\/p>\n<p style=\"text-align: justify;\"><span style=\"font-size: 10pt;\">\u00a0<\/span><span style=\"font-size: 10pt;\">Quiz\u00e1s la m\u00e1s conocida sea la \u201c<strong>Casa del Tesoro<\/strong>\u201d de <strong>C\u00e1ceres<\/strong>, una mansi\u00f3n con algo m\u00e1s que historia que alberg\u00f3 no solo un tesoro intelectual, sino que se supone que a\u00fan guarda en su interior un fabuloso tesoro dentro de varios cantaros de barro.<\/span><\/p>\n<p style=\"text-align: justify;\"><span style=\"font-size: 10pt;\">\u00a0<\/span><span style=\"font-size: 10pt;\">Para conocer el origen de la leyenda tenemos que remontarnos\u00a0 al siglo XIV, cuando en una casona cercana a la <strong>Plaza Mayor<\/strong> viv\u00edan los <strong>Cohen<\/strong>, una acomodada familia hebrea a la que los Reyes Cat\u00f3licos expulsan sin contemplaciones\u00a0 en el siglo XV. Los Cohen, como muchas otras familias jud\u00edas, pensando que volver\u00edan y ante el temor de ser robados por el camino, deciden esconder en la misma casa\u00a0 una importante cantidad de dinero en dos cantaros, adem\u00e1s de libros, piezas de sedas y algunos documentos.<\/span><\/p>\n<div id=\"attachment_710\" style=\"width: 837px\" class=\"wp-caption alignright\"><a href=\"\/extremadurasecreta\/wp-content\/uploads\/sites\/16\/2013\/05\/C\u00e1ceres-8_1936x1288.jpg\"><img aria-describedby=\"caption-attachment-710\" loading=\"lazy\" class=\" wp-image-710\" title=\"C\u00e1ceres (8)_1936x1288\" src=\"\/extremadurasecreta\/wp-content\/uploads\/sites\/16\/2013\/05\/C\u00e1ceres-8_1936x1288.jpg\" alt=\"\" width=\"827\" height=\"551\" srcset=\"https:\/\/static-blogs.hoy.es\/wp-content\/uploads\/sites\/16\/2013\/05\/C\u00e1ceres-8_1936x1288.jpg 1936w, https:\/\/static-blogs.hoy.es\/wp-content\/uploads\/sites\/16\/2013\/05\/C\u00e1ceres-8_1936x1288-300x200.jpg 300w, https:\/\/static-blogs.hoy.es\/wp-content\/uploads\/sites\/16\/2013\/05\/C\u00e1ceres-8_1936x1288-768x511.jpg 768w, https:\/\/static-blogs.hoy.es\/wp-content\/uploads\/sites\/16\/2013\/05\/C\u00e1ceres-8_1936x1288-1024x681.jpg 1024w\" sizes=\"(max-width: 827px) 100vw, 827px\" \/><\/a><p id=\"caption-attachment-710\" class=\"wp-caption-text\"><\/span> <span style=\"font-size: 8pt;\">La condesa de Fern\u00e1n Nu\u00f1ez se construye una mansi\u00f3n&#8230; (A. Briz para Extremadura Secreta)<\/span><\/p><\/div>\n<p style=\"text-align: justify;\"><span style=\"font-size: 10pt;\">\u00a0<\/span><span style=\"font-size: 10pt;\">Pero los Cohen, como otra muchos extreme\u00f1os, no volvieron, y el tiempo cubri\u00f3 con el holl\u00edn de una carboner\u00eda sus vetustos muros, hasta que un siglo despu\u00e9s la <strong>duquesa de Fernan Nu\u00f1ez <\/strong>decide construirse una mansi\u00f3n, edificando, como era costumbre, sobre los muros y los pozos de la casa anterior.<\/span><\/p>\n<p style=\"text-align: justify;\"><span style=\"font-size: 10pt;\">\u00a0<\/span><\/p>\n<div id=\"attachment_711\" style=\"width: 864px\" class=\"wp-caption alignleft\"><a href=\"\/extremadurasecreta\/wp-content\/uploads\/sites\/16\/2013\/05\/C\u00e1ceres-20_1936x1288.jpg\"><img aria-describedby=\"caption-attachment-711\" loading=\"lazy\" class=\" wp-image-711\" title=\"C\u00e1ceres (20)_1936x1288\" src=\"\/extremadurasecreta\/wp-content\/uploads\/sites\/16\/2013\/05\/C\u00e1ceres-20_1936x1288.jpg\" alt=\"\" width=\"854\" height=\"703\" srcset=\"https:\/\/static-blogs.hoy.es\/wp-content\/uploads\/sites\/16\/2013\/05\/C\u00e1ceres-20_1936x1288.jpg 1293w, https:\/\/static-blogs.hoy.es\/wp-content\/uploads\/sites\/16\/2013\/05\/C\u00e1ceres-20_1936x1288-300x247.jpg 300w, https:\/\/static-blogs.hoy.es\/wp-content\/uploads\/sites\/16\/2013\/05\/C\u00e1ceres-20_1936x1288-768x632.jpg 768w, https:\/\/static-blogs.hoy.es\/wp-content\/uploads\/sites\/16\/2013\/05\/C\u00e1ceres-20_1936x1288-1024x843.jpg 1024w\" sizes=\"(max-width: 854px) 100vw, 854px\" \/><\/a><p id=\"caption-attachment-711\" class=\"wp-caption-text\"><\/span> <span style=\"font-size: 8pt;\">&#8230; y Publio Hurtado compra la casa (A. Briz para Extremadura Secreta)<\/span><\/p><\/div>\n<p style=\"text-align: justify;\"><span style=\"font-size: 10pt;\">En el a\u00f1o 1881 la casona es comprada por nuestro querido \u00a0investigador <strong>Publio Hurtado<\/strong>, recopilador extraordinario de leyendas y saberes antiguos, quien sabe si atra\u00eddo por las <a title=\"Grimorios, Ciprianillos y Gacetas de Tesoros\" href=\"https:\/\/blogs.hoy.es\/extremadurasecreta\/2012\/04\/24\/grimorios-ciprianillos-y-gacetas-de-tesoros\/\">consejas del tesoro<\/a>, y en ella\u00a0 vivieron sus descendientes hasta los a\u00f1os 60, d\u00e9cada en la que aparecieron varios objetos ocultos en una estancia, entre los que destacabann varias piezas de tela y sedas que se deshicieron al tocarlas, pero que \u00a0no hicieron mas que aportar m\u00e1s hilo al pa\u00f1o de la leyenda.<\/span><\/p>\n<p style=\"text-align: justify;\"><span style=\"font-size: 10pt;\">\u00a0<\/span><span style=\"font-size: 10pt;\">En 1991 el ayuntamiento compra el edificio, y actualmente la Casa del Tesoro forma parte de las dependencias municipales de la ciudad.<\/span><\/p>\n<div id=\"attachment_712\" style=\"width: 864px\" class=\"wp-caption alignright\"><a href=\"\/extremadurasecreta\/wp-content\/uploads\/sites\/16\/2013\/05\/C\u00e1ceres-21_1936x1288.jpg\"><img aria-describedby=\"caption-attachment-712\" loading=\"lazy\" class=\" wp-image-712\" title=\"C\u00e1ceres (21)_1936x1288\" src=\"\/extremadurasecreta\/wp-content\/uploads\/sites\/16\/2013\/05\/C\u00e1ceres-21_1936x1288.jpg\" alt=\"\" width=\"854\" height=\"569\" srcset=\"https:\/\/static-blogs.hoy.es\/wp-content\/uploads\/sites\/16\/2013\/05\/C\u00e1ceres-21_1936x1288.jpg 1936w, https:\/\/static-blogs.hoy.es\/wp-content\/uploads\/sites\/16\/2013\/05\/C\u00e1ceres-21_1936x1288-300x200.jpg 300w, https:\/\/static-blogs.hoy.es\/wp-content\/uploads\/sites\/16\/2013\/05\/C\u00e1ceres-21_1936x1288-768x511.jpg 768w, https:\/\/static-blogs.hoy.es\/wp-content\/uploads\/sites\/16\/2013\/05\/C\u00e1ceres-21_1936x1288-1024x681.jpg 1024w\" sizes=\"(max-width: 854px) 100vw, 854px\" \/><\/a><p id=\"caption-attachment-712\" class=\"wp-caption-text\"><\/span> <span style=\"font-size: 8pt;\">Cuentan que un subterr\u00e1neo sale de la casa (A. Briz para Extremadura Secreta)<\/span><\/p><\/div>\n<p style=\"text-align: justify;\"><span style=\"font-size: 10pt;\">\u00a0<\/span><span style=\"font-size: 10pt;\">Afirma el investigador cacere\u00f1o\u00a0 Alonso <a title=\"Aproximaci\u00f3n a los tesoros escondidos de la provincia de C\u00e1ceres\" href=\"http:\/\/www.amazon.es\/Aproximacion-tesoros-escondidos-provincia-C%C3%A1ceres\/dp\/8460545237\" rel=\"external nofollow\"><strong>Corrales Gait\u00e1n<\/strong> <\/a>que en el transcurrir de los a\u00f1os varias han sido las personas que se han dedicado, sin \u00e9xito, a buscar este tesoro, que seg\u00fan parece se encuentra depositado en una <a title=\"Las Morunas, los t\u00faneles secretos de Extremadura\" href=\"https:\/\/blogs.hoy.es\/extremadurasecreta\/2012\/07\/23\/las-morunas-los-tuneles-secretos-de-extremadura\/\">galer\u00eda subterr\u00e1nea<\/a> que pasa por debajo del edificio y que lleva hasta el interior del recinto amurallado, partiendo otro tramo hasta la proximidades de la <strong>plaza de Italia<\/strong>.<\/span><\/p>\n<p style=\"text-align: justify;\"><span style=\"font-size: 10pt;\">\u00a0<\/span><span style=\"font-size: 10pt;\">Y a\u00fan permanecen aqu\u00ed, tesoro y subterr\u00e1neo, para seguir enriqueciendo los sue\u00f1os e imaginaciones de generaciones de cacere\u00f1os.<\/span><\/p>\n<p style=\"text-align: justify;\"><span style=\"font-size: 10pt;\">\u00a0<\/span><span style=\"font-size: 10pt;\">Pero no es esta la \u00fanica \u201cCasa del Tesoro\u201d de la capital cacere\u00f1a, ya que seg\u00fan Corrales en los a\u00f1os 50 una familia que viv\u00eda en una casa pr\u00f3xima a la <strong>Torre<\/strong><strong> de Bujaco<\/strong> pic\u00f3 un muro para quitar humedades, y se encontraron con un peque\u00f1o arco oculto que conten\u00eda una olla con una peque\u00f1a bolsa con monedas y documentos del siglo XIII.<\/span><\/p>\n<p style=\"text-align: justify;\"><span style=\"font-size: 10pt;\">\u00a0<\/span><span style=\"font-size: 10pt;\">En septiembre de 1993, en unas obras realizadas en las proximidades de la <strong>Fuente<\/strong><strong> Concejo<\/strong> salieron\u00a0 a la luz, al tirar una vieja casona, numerosas monedas y hasta una espada. Y en la <strong>Cuesta<\/strong><strong> de Aldana<\/strong>\u00a0 por la misma \u00e9poca se desenterr\u00f3 una olla de barro que conten\u00eda varias joyas de \u00e9poca medieval.<\/span><\/p>\n<p style=\"text-align: justify;\"><span style=\"font-size: 10pt;\">\u00a0<\/span><span style=\"font-size: 10pt;\">Pero <strong>C\u00e1ceres<\/strong> no tiene la exclusiva en casas con premio. Y si no que se lo digan <a title=\"Los tesoros de la Torre de Miguel Sesmero\" href=\"https:\/\/blogs.hoy.es\/extremadurasecreta\/2013\/04\/16\/los-tesoros-de-la-torre-de-miguel-sesmero\/\">al vecino de <strong>Torre de Miguel Sesmero<\/strong> que encontr\u00f3 una olla de monedas en su patio,<\/a> al <a title=\"\u00bfQui\u00e9n se llev\u00f3 los tesoros de la Sierra de Gata?\" href=\"https:\/\/blogs.hoy.es\/extremadurasecreta\/2013\/04\/29\/quien-se-llevo-los-tesoros-de-la-sierra-de-gata\/\">herrero de <strong>Villamiel<\/strong>,<\/a> que enriqueci\u00f3 de un d\u00eda para otro tras encontrar un tesoro en su s\u00f3tano, o a tantos otros que encontraron, por casualidad, su gozo en un pozo de su humilde morada.<\/span><\/p>\n<p style=\"text-align: justify;\"><span style=\"font-size: 10pt;\">\u00a0<\/span><span style=\"font-size: 10pt;\">En mi min\u00fasculo apartamento si\u00a0 hago reformas, lo m\u00e1ximo que me puedo encontrar es el sal\u00f3n de mi vecino. Pero no desespero. Alg\u00fan d\u00eda me comprar\u00e9 una casa con tesoro incluido, y no parar\u00e9 hasta destrozarla y encontrar el oro. Y con el oro me comprar\u00e9 otra casa con tesoro, y no parar\u00e9 hasta destrozarla y encontrar el\u00a0 oro. Y con el oro me comprar\u00e9 otra casa\u2026<\/span><\/p>\n<p style=\"text-align: justify;\"><span style=\"font-size: 10pt;\">\u00a0<\/span><\/p>\n<!-- AddThis Advanced Settings generic via filter on the_content --><!-- AddThis Share Buttons generic via filter on the_content -->","protected":false},"excerpt":{"rendered":"<p>Ya hablamos en otra ocasi\u00f3n de Las Casas de Miedo extreme\u00f1as: Hoy vamos a visitar otras mas agradables, pero no menos misteriosas\u2026 las Casas del Tesoro. \u00a0Quiz\u00e1s la m\u00e1s conocida sea la \u201cCasa del Tesoro\u201d de C\u00e1ceres, una mansi\u00f3n con algo m\u00e1s que historia que alberg\u00f3 no solo un tesoro intelectual, sino que se supone [&hellip;]<!-- AddThis Advanced Settings generic via filter on get_the_excerpt --><!-- AddThis Share Buttons generic via filter on get_the_excerpt --><\/p>\n","protected":false},"author":20,"featured_media":709,"comment_status":"open","ping_status":"closed","sticky":false,"template":"","format":"standard","meta":[],"categories":[4,5,10],"tags":[179,223,225,315,330,421,978,999,1171,1189,1192,1216,1266],"_links":{"self":[{"href":"https:\/\/blogs.hoy.es\/extremadurasecreta\/wp-json\/wp\/v2\/posts\/708"}],"collection":[{"href":"https:\/\/blogs.hoy.es\/extremadurasecreta\/wp-json\/wp\/v2\/posts"}],"about":[{"href":"https:\/\/blogs.hoy.es\/extremadurasecreta\/wp-json\/wp\/v2\/types\/post"}],"author":[{"embeddable":true,"href":"https:\/\/blogs.hoy.es\/extremadurasecreta\/wp-json\/wp\/v2\/users\/20"}],"replies":[{"embeddable":true,"href":"https:\/\/blogs.hoy.es\/extremadurasecreta\/wp-json\/wp\/v2\/comments?post=708"}],"version-history":[{"count":1,"href":"https:\/\/blogs.hoy.es\/extremadurasecreta\/wp-json\/wp\/v2\/posts\/708\/revisions"}],"predecessor-version":[{"id":2440,"href":"https:\/\/blogs.hoy.es\/extremadurasecreta\/wp-json\/wp\/v2\/posts\/708\/revisions\/2440"}],"wp:featuredmedia":[{"embeddable":true,"href":"https:\/\/blogs.hoy.es\/extremadurasecreta\/wp-json\/wp\/v2\/media\/709"}],"wp:attachment":[{"href":"https:\/\/blogs.hoy.es\/extremadurasecreta\/wp-json\/wp\/v2\/media?parent=708"}],"wp:term":[{"taxonomy":"category","embeddable":true,"href":"https:\/\/blogs.hoy.es\/extremadurasecreta\/wp-json\/wp\/v2\/categories?post=708"},{"taxonomy":"post_tag","embeddable":true,"href":"https:\/\/blogs.hoy.es\/extremadurasecreta\/wp-json\/wp\/v2\/tags?post=708"}],"curies":[{"name":"wp","href":"https:\/\/api.w.org\/{rel}","templated":true}]}}