{"id":726,"date":"2013-06-09T12:36:32","date_gmt":"2013-06-09T10:36:32","guid":{"rendered":"http:\/\/blogs.hoy.es\/extremadurasecreta\/?p=726"},"modified":"2013-06-09T12:36:32","modified_gmt":"2013-06-09T10:36:32","slug":"la-boca-del-lobo","status":"publish","type":"post","link":"https:\/\/blogs.hoy.es\/extremadurasecreta\/2013\/06\/09\/la-boca-del-lobo\/","title":{"rendered":"La Boca del Lobo"},"content":{"rendered":"<p style=\"text-align: justify;\"><span style=\"font-size: medium;\">\u00a0<\/span><\/p>\n<p style=\"text-align: justify;\"><span style=\"font-size: medium;\"><a href=\"\/extremadurasecreta\/wp-content\/uploads\/sites\/16\/2013\/06\/portadabocadellobo.jpg\"><img loading=\"lazy\" class=\"alignleft size-medium wp-image-727\" title=\"portadabocadellobo\" src=\"\/extremadurasecreta\/wp-content\/uploads\/sites\/16\/2013\/06\/portadabocadellobo.jpg\" alt=\"\" width=\"241\" height=\"300\" srcset=\"https:\/\/static-blogs.hoy.es\/wp-content\/uploads\/sites\/16\/2013\/06\/portadabocadellobo.jpg 2456w, https:\/\/static-blogs.hoy.es\/wp-content\/uploads\/sites\/16\/2013\/06\/portadabocadellobo-242x300.jpg 242w, https:\/\/static-blogs.hoy.es\/wp-content\/uploads\/sites\/16\/2013\/06\/portadabocadellobo-768x953.jpg 768w, https:\/\/static-blogs.hoy.es\/wp-content\/uploads\/sites\/16\/2013\/06\/portadabocadellobo-825x1024.jpg 825w\" sizes=\"(max-width: 241px) 100vw, 241px\" \/><\/a>Acaba de presentarse en <strong>M\u00e9rida<\/strong> el c\u00f3mic <a title=\"La boca del Lobo\" href=\"http:\/\/vimeo.com\/55115673\" rel=\"external nofollow\"><strong>La Boca<\/strong><strong> del Lobo<\/strong><\/a>, \u00faltima obra del artista extreme\u00f1o<strong> <a title=\"El ilustrador de leyendas extreme\u00f1as\" href=\"http:\/\/www.hoy.es\/videos\/noticias-de-extremadura\/extremadura\/1709947000001-ilustrador-leyendas-extremenas.html\" rel=\"external nofollow\">Borja Gonz\u00e1lez Hoyos<\/a><\/strong>, ilustrador habitual de <a title=\"Extremadura ya no es tan secreta\" href=\"https:\/\/blogs.hoy.es\/extremadurasecreta\/2013\/03\/27\/extremadura-ya-no-es-tan-secreta\/\">este blog<\/a>, y del escritor <strong>Alejo Bueno<\/strong>. Un libro oscuro, magn\u00e9tico, en el que dos conocidos personajes extreme\u00f1os \u00a0se re\u00fanen en torno a una dama eterna: <strong>la muerte<\/strong>.<\/span><\/p>\n<p style=\"text-align: justify;\"><span style=\"font-size: medium;\">\u00a0<\/span><\/p>\n<p style=\"text-align: justify;\"><span style=\"font-size: medium;\">\u201cLa boca del lobo\u201d, coeditado por la <strong>Editora Regional<\/strong><strong> y Dad\u00e1 Ediciones<\/strong>, aporta nuevas pinceladas a la reconstrucci\u00f3n de la vida del artista extreme\u00f1o Juez Nieto, utilizando la ficci\u00f3n para dar luz a un momento clave de su vida: la muerte de su madre, que desemboca en unos \u00faltimos trece a\u00f1os recluido en su casa.<\/span><\/p>\n<div id=\"attachment_730\" style=\"width: 310px\" class=\"wp-caption alignright\"><a href=\"\/extremadurasecreta\/wp-content\/uploads\/sites\/16\/2013\/06\/XXXII-Feria-del-Libro-6-junio-de-2013-032_2352x1568.jpg\"><img aria-describedby=\"caption-attachment-730\" loading=\"lazy\" class=\"size-medium wp-image-730\" title=\"XXXII Feria del Libro, 6 junio de 2013 032_2352x1568\" src=\"\/extremadurasecreta\/wp-content\/uploads\/sites\/16\/2013\/06\/XXXII-Feria-del-Libro-6-junio-de-2013-032_2352x1568.jpg\" alt=\"\" width=\"300\" height=\"200\" srcset=\"https:\/\/static-blogs.hoy.es\/wp-content\/uploads\/sites\/16\/2013\/06\/XXXII-Feria-del-Libro-6-junio-de-2013-032_2352x1568.jpg 2352w, https:\/\/static-blogs.hoy.es\/wp-content\/uploads\/sites\/16\/2013\/06\/XXXII-Feria-del-Libro-6-junio-de-2013-032_2352x1568-300x200.jpg 300w, https:\/\/static-blogs.hoy.es\/wp-content\/uploads\/sites\/16\/2013\/06\/XXXII-Feria-del-Libro-6-junio-de-2013-032_2352x1568-768x512.jpg 768w, https:\/\/static-blogs.hoy.es\/wp-content\/uploads\/sites\/16\/2013\/06\/XXXII-Feria-del-Libro-6-junio-de-2013-032_2352x1568-1024x683.jpg 1024w\" sizes=\"(max-width: 300px) 100vw, 300px\" \/><\/a><p id=\"caption-attachment-730\" class=\"wp-caption-text\">Borja Gonzalez, Israel J. Espino y Alejo Bueno (A. Briz)<\/p><\/div>\n<p style=\"text-align: justify;\">\u00a0<\/p>\n<p style=\"text-align: justify;\"><span style=\"font-size: medium;\"><strong>\u00a0<\/strong><\/span><\/p>\n<p style=\"text-align: justify;\">\u00a0<\/p>\n<p style=\"text-align: justify;\"><span style=\"font-size: medium;\"><strong><a title=\"Antonio Juez Nieto\" href=\"http:\/\/lusipedia.blogspot.com.es\/2009\/01\/antonio-juez.html\" rel=\"external nofollow\">Antonio Juez Nieto<\/a><\/strong>, nacido en 1893 en <strong>Badajoz<\/strong> se sumerge de cabeza en las maravillosas corrientes del Modernismo, el Prerrafaelismo, el Simbolismo, el Esteticismo y el Decadentismo, y el acercamiento de sus pinturas a la tem\u00e1tica de la muerte le acompa\u00f1\u00f3 en su vida diaria, al igual que a la otra protagonista del libro: <strong><a title=\"Carolina Coronado\" href=\"http:\/\/es.wikipedia.org\/wiki\/Carolina_Coronado\" rel=\"external nofollow\">Carolina Coronado<\/a><\/strong>, \u201cLa muerta\u201d.<\/span><\/p>\n<p style=\"text-align: justify;\"><span style=\"font-size: medium;\">\u00a0<\/span><\/p>\n<p style=\"text-align: justify;\"><span style=\"font-size: medium;\"><a href=\"\/extremadurasecreta\/wp-content\/uploads\/sites\/16\/2013\/06\/4_3543x4429.jpg\"><img loading=\"lazy\" class=\"alignleft size-medium wp-image-729\" title=\"4_3543x4429\" src=\"\/extremadurasecreta\/wp-content\/uploads\/sites\/16\/2013\/06\/4_3543x4429.jpg\" alt=\"\" width=\"239\" height=\"300\" srcset=\"https:\/\/static-blogs.hoy.es\/wp-content\/uploads\/sites\/16\/2013\/06\/4_3543x4429.jpg 3543w, https:\/\/static-blogs.hoy.es\/wp-content\/uploads\/sites\/16\/2013\/06\/4_3543x4429-240x300.jpg 240w, https:\/\/static-blogs.hoy.es\/wp-content\/uploads\/sites\/16\/2013\/06\/4_3543x4429-768x960.jpg 768w, https:\/\/static-blogs.hoy.es\/wp-content\/uploads\/sites\/16\/2013\/06\/4_3543x4429-819x1024.jpg 819w\" sizes=\"(max-width: 239px) 100vw, 239px\" \/><\/a><\/span><\/p>\n<p style=\"text-align: justify;\">\u00a0<\/p>\n<p style=\"text-align: justify;\">\u00a0<\/p>\n<p style=\"text-align: justify;\"><span style=\"font-size: medium;\">La poeta de <strong>Almendralejo<\/strong>, bella, exc\u00e9ntrica y catal\u00e9ptica, convive con la muerte, muere en vida varias veces y ve como la muerte le arrebata a todos los que ama: sus hijos, su marido, su amante imaginario\u2026 Se obsesiona con la idea de ser enterrada en vida, hasta tal punto que embalsama el cad\u00e1ver de su marido, neg\u00e1ndose a enterrarlo e incluso dirigi\u00e9ndose a \u00e9l con el apelativo de &#8220;el silencioso&#8221; y &#8220;el hombre de arriba&#8221;. Incluso tiene varias &#8220;premoniciones&#8221; en las que anticipa el fallecimiento de su hija.<\/span><\/p>\n<p style=\"text-align: justify;\"><span style=\"font-size: medium;\">\u00a0<\/span><\/p>\n<p style=\"text-align: justify;\">\u00a0<\/p>\n<p style=\"text-align: justify;\"><span style=\"font-size: medium;\">En los a\u00f1os cincuenta, Antonio Juez, (en ese momento Jefe de Jardines de Badajoz, puesto concedido tras su retirada del mundo art\u00edstico) coloca la famosa estatua de Carolina Coronado en el <strong>Parque de Castelar<\/strong>. La cercan\u00eda con la muerte, punto de uni\u00f3n entre ambos autores, es el ombligo de \u201cla boca del Lobo\u201d.<a href=\"\/extremadurasecreta\/wp-content\/uploads\/sites\/16\/2013\/06\/images.jpg\"><img loading=\"lazy\" class=\"alignright size-medium wp-image-728\" title=\"images\" src=\"\/extremadurasecreta\/wp-content\/uploads\/sites\/16\/2013\/06\/images.jpg\" alt=\"\" width=\"300\" height=\"162\" srcset=\"https:\/\/static-blogs.hoy.es\/wp-content\/uploads\/sites\/16\/2013\/06\/images.jpg 305w, https:\/\/static-blogs.hoy.es\/wp-content\/uploads\/sites\/16\/2013\/06\/images-300x162.jpg 300w\" sizes=\"(max-width: 300px) 100vw, 300px\" \/><\/a><\/span><\/p>\n<p style=\"text-align: justify;\"><span style=\"font-size: medium;\">\u00a0<\/span><\/p>\n<p style=\"text-align: justify;\"><span style=\"font-size: medium;\">Fant\u00e1stico, oscuro y cuidado ensamblaje de palabras y trazos,\u00a0 este libro merece, por est\u00e9tica y por tem\u00e1tica, ocupar un estante privilegiado en nuestra <strong>Biblioteca Secreta<\/strong>. Que lo disfruten.<\/span><\/p>\n<p style=\"text-align: justify;\"><span style=\"font-size: medium;\">\u00a0<\/span><\/p>\n<p style=\"text-align: justify;\">\u00a0<\/p>\n<p style=\"text-align: justify;\"><span style=\"font-size: medium;\">\u00a0<\/span><\/p>\n<p style=\"text-align: justify;\">\u00a0<\/p>\n<p style=\"text-align: justify;\">\u00a0<\/p>\n<p style=\"text-align: justify;\"><span style=\"font-size: medium;\">\u00a0<\/span><\/p>\n<p style=\"text-align: justify;\">\u00a0<\/p>\n<p style=\"text-align: justify;\"><span style=\"font-size: medium;\">\u00a0<\/span><\/p>\n<!-- AddThis Advanced Settings generic via filter on the_content --><!-- AddThis Share Buttons generic via filter on the_content -->","protected":false},"excerpt":{"rendered":"<p>\u00a0 Acaba de presentarse en M\u00e9rida el c\u00f3mic La Boca del Lobo, \u00faltima obra del artista extreme\u00f1o Borja Gonz\u00e1lez Hoyos, ilustrador habitual de este blog, y del escritor Alejo Bueno. Un libro oscuro, magn\u00e9tico, en el que dos conocidos personajes extreme\u00f1os \u00a0se re\u00fanen en torno a una dama eterna: la muerte. \u00a0 \u201cLa boca del [&hellip;]<!-- AddThis Advanced Settings generic via filter on get_the_excerpt --><!-- AddThis Share Buttons generic via filter on get_the_excerpt --><\/p>\n","protected":false},"author":20,"featured_media":0,"comment_status":"open","ping_status":"closed","sticky":false,"template":"","format":"standard","meta":[],"categories":[3,4],"tags":[51,61,83,115,145,220,277,676,831,880,936],"_links":{"self":[{"href":"https:\/\/blogs.hoy.es\/extremadurasecreta\/wp-json\/wp\/v2\/posts\/726"}],"collection":[{"href":"https:\/\/blogs.hoy.es\/extremadurasecreta\/wp-json\/wp\/v2\/posts"}],"about":[{"href":"https:\/\/blogs.hoy.es\/extremadurasecreta\/wp-json\/wp\/v2\/types\/post"}],"author":[{"embeddable":true,"href":"https:\/\/blogs.hoy.es\/extremadurasecreta\/wp-json\/wp\/v2\/users\/20"}],"replies":[{"embeddable":true,"href":"https:\/\/blogs.hoy.es\/extremadurasecreta\/wp-json\/wp\/v2\/comments?post=726"}],"version-history":[{"count":0,"href":"https:\/\/blogs.hoy.es\/extremadurasecreta\/wp-json\/wp\/v2\/posts\/726\/revisions"}],"wp:attachment":[{"href":"https:\/\/blogs.hoy.es\/extremadurasecreta\/wp-json\/wp\/v2\/media?parent=726"}],"wp:term":[{"taxonomy":"category","embeddable":true,"href":"https:\/\/blogs.hoy.es\/extremadurasecreta\/wp-json\/wp\/v2\/categories?post=726"},{"taxonomy":"post_tag","embeddable":true,"href":"https:\/\/blogs.hoy.es\/extremadurasecreta\/wp-json\/wp\/v2\/tags?post=726"}],"curies":[{"name":"wp","href":"https:\/\/api.w.org\/{rel}","templated":true}]}}