{"id":733,"date":"2013-06-10T23:12:58","date_gmt":"2013-06-10T21:12:58","guid":{"rendered":"http:\/\/blogs.hoy.es\/extremadurasecreta\/?p=733"},"modified":"2013-06-10T23:12:58","modified_gmt":"2013-06-10T21:12:58","slug":"prisciliano-de-herejes-brujos-y-santos","status":"publish","type":"post","link":"https:\/\/blogs.hoy.es\/extremadurasecreta\/2013\/06\/10\/prisciliano-de-herejes-brujos-y-santos\/","title":{"rendered":"Prisciliano: De herejes, brujos y santos"},"content":{"rendered":"<p style=\"text-align: justify;\">\u00a0<\/p>\n<p style=\"text-align: justify;\"><span style=\"font-size: medium;\">\u00a0<\/span><\/p>\n<p style=\"text-align: justify;\"><span style=\"font-size: medium;\"><a href=\"\/extremadurasecreta\/wp-content\/uploads\/sites\/16\/2013\/06\/prisciliano5.jpg\"><img loading=\"lazy\" class=\"alignleft size-medium wp-image-734\" title=\"prisciliano[5]\" src=\"\/extremadurasecreta\/wp-content\/uploads\/sites\/16\/2013\/06\/prisciliano5.jpg\" alt=\"\" width=\"213\" height=\"300\" srcset=\"https:\/\/static-blogs.hoy.es\/wp-content\/uploads\/sites\/16\/2013\/06\/prisciliano5.jpg 345w, https:\/\/static-blogs.hoy.es\/wp-content\/uploads\/sites\/16\/2013\/06\/prisciliano5-214x300.jpg 214w\" sizes=\"(max-width: 213px) 100vw, 213px\" \/><\/a>A <strong><a title=\"Prisciliano\" href=\"http:\/\/es.wikipedia.org\/wiki\/Prisciliano\" rel=\"external nofollow\">Prisciliano<\/a><\/strong>, que camin\u00f3 por nuestras tierras en el siglo IV, le cabe el dudoso honor de ser el primer sentenciado a muerte en nombre de la Iglesia Cat\u00f3lica, acusado de herej\u00eda.<\/span><\/p>\n<p style=\"text-align: justify;\"><span style=\"font-size: medium;\">\u00a0<\/span><\/p>\n<p style=\"text-align: justify;\"><span style=\"font-size: medium;\">Fue una especie de ni\u00f1o prodigio de familia bien que hasta estudi\u00f3 en el extranjero. Atrevido, erudito, buen orador, nada codicioso y parco en comer y beber, aunque <strong><a title=\"Sulpicio Severo\" href=\"http:\/\/es.wikipedia.org\/wiki\/Sulpicio_Severo\" rel=\"external nofollow\">Sulpicio<\/a><\/strong> empa\u00f1a este bello retrato afirmando que<\/span><\/p>\n<p style=\"text-align: justify;\"><span style=\"font-size: medium;\">\u00a0<\/span><\/p>\n<p style=\"text-align: justify;\"><span style=\"font-size: medium;\"><em>con estas cualidades mezclaba\u00a0 gran vanidad, hinchado con su falsa y profana ciencia, puesto que hab\u00eda ejercido las artes m\u00e1gicas desde su juventud<\/em><\/span><\/p>\n<p style=\"text-align: justify;\"><span style=\"font-size: medium;\">\u00a0<\/span><\/p>\n<p style=\"text-align: justify;\"><span style=\"font-size: medium;\">Y es aqu\u00ed, en <strong>Lusitania<\/strong>, donde Prisciliano triunfa. El priscilianismo arraiga con fuerza entre colonos y esclavos, y alza su voz contra una iglesia corrupta, excesivamente enriquecida e integrada en el aparato del poder. Y el poder establecido no tarda en revolverse.<\/span><\/p>\n<p style=\"text-align: justify;\"><span style=\"font-size: medium;\">\u00a0<\/span><\/p>\n<p style=\"text-align: justify;\"><span style=\"font-size: medium;\">Se acusa a los priscilianistas de \u201ccostumbres indeseables\u201d como de contar con<\/span><\/p>\n<p style=\"text-align: justify;\"><span style=\"font-size: medium;\">\u00a0 <\/span><\/p>\n<p style=\"text-align: justify;\"><span style=\"font-size: medium;\"><em>mujeres que asisten a lecturas de la Biblia en casas de hombres con quienes no tienen parentesco; el ayuno dominical y la ausencia de las iglesias durante la cuaresma; la recepci\u00f3n de las especies eucar\u00edsticas en la iglesia sin consumirlas de inmediato; el apartamiento en celdas y retiros en las monta\u00f1as; y andar descalzos<\/em>.<\/span><\/p>\n<div id=\"attachment_735\" style=\"width: 310px\" class=\"wp-caption alignright\"><a href=\"\/extremadurasecreta\/wp-content\/uploads\/sites\/16\/2013\/06\/MERIDA-LUDICA-9-2012-41.jpg\"><img aria-describedby=\"caption-attachment-735\" loading=\"lazy\" class=\"size-medium wp-image-735\" title=\"MERIDA LUDICA-9-2012 (41)\" src=\"\/extremadurasecreta\/wp-content\/uploads\/sites\/16\/2013\/06\/MERIDA-LUDICA-9-2012-41.jpg\" alt=\"\" width=\"300\" height=\"200\" srcset=\"https:\/\/static-blogs.hoy.es\/wp-content\/uploads\/sites\/16\/2013\/06\/MERIDA-LUDICA-9-2012-41.jpg 1600w, https:\/\/static-blogs.hoy.es\/wp-content\/uploads\/sites\/16\/2013\/06\/MERIDA-LUDICA-9-2012-41-300x201.jpg 300w, https:\/\/static-blogs.hoy.es\/wp-content\/uploads\/sites\/16\/2013\/06\/MERIDA-LUDICA-9-2012-41-768x514.jpg 768w, https:\/\/static-blogs.hoy.es\/wp-content\/uploads\/sites\/16\/2013\/06\/MERIDA-LUDICA-9-2012-41-1024x685.jpg 1024w\" sizes=\"(max-width: 300px) 100vw, 300px\" \/><\/a><p id=\"caption-attachment-735\" class=\"wp-caption-text\">El baile era parte importante de la liturgia prisciliana (Jimber)<\/p><\/div>\n<p style=\"text-align: justify;\">\u00a0<\/p>\n<p style=\"text-align: justify;\"><span style=\"font-size: medium;\">\u00a0<\/span><\/p>\n<p style=\"text-align: justify;\"><span style=\"font-size: medium;\">Como argumento, flojito&#8230; Lo cierto es que sus reuniones, frecuentemente nocturnas, se celebran en bosques, cuevas o villas alejadas de las ciudades, y con el baile como una parte importante de la liturgia, que inclu\u00eda tanto a hombres como a mujeres. Sustituye la consagraci\u00f3n oficial con pan y vino por leche y uvas; acoge a las mujeres y los esclavos en las sesiones de lectura de textos b\u00edblicos (incluyendo los ap\u00f3crifos), intenta la reforma del clero a trav\u00e9s de la pobreza voluntaria, y aboga por la interpretaci\u00f3n directa de los textos evang\u00e9licos. Exige que la Iglesia vuelva a unirse a los pobres. Niega la resurrecci\u00f3n de los cuerpos, pero admite la trasmigraci\u00f3n de las almas.<\/span><\/p>\n<p style=\"text-align: justify;\"><span style=\"font-size: medium;\">\u00a0<\/span><\/p>\n<p style=\"text-align: justify;\"><span style=\"font-size: medium;\">El clero extreme\u00f1o consigue imponer la candidatura del hereje, pero las cosas han ido demasiado lejos. <a title=\"Hidacio de M\u00e9rida\" href=\"http:\/\/www.mcnbiografias.com\/app-bio\/do\/show?key=hidacio-de-merida\" rel=\"external nofollow\"><strong>Hidacio<\/strong>, metropolitano de la Lusitania,<\/a> excomulga\u00a0 a los priscilianistas de <strong>M\u00e9rida<\/strong> acus\u00e1ndolos de indisciplina. Prisciliano llega\u00a0 a la ciudad, entra en la iglesia cuando el patriarca est\u00e1 predicando y lo interpela. Sicarios sin rostro lo zarandean y lo expulsan del templo. Es la gota que colma el vaso. El hereje busca un techo amigo\u00a0 y por primera vez empu\u00f1a la pluma para defenderse. En pocos d\u00edas redacta el <em>Liber Apologeticus <\/em>y clava esa declaraci\u00f3n de principios en las puertas de la seo emeritense para que amigos y enemigos se enteren de lo que piensa. Es el predecesor de Lutero.<\/span><\/p>\n<p style=\"text-align: justify;\"><span style=\"font-size: medium;\">\u00a0<\/span><\/p>\n<p style=\"text-align: justify;\">\u00a0<\/p>\n<div id=\"attachment_736\" style=\"width: 247px\" class=\"wp-caption alignleft\"><a href=\"\/extremadurasecreta\/wp-content\/uploads\/sites\/16\/2013\/06\/eslovenia-2012-61.jpg\"><img aria-describedby=\"caption-attachment-736\" loading=\"lazy\" class=\"size-medium wp-image-736\" title=\"eslovenia-2012 (61)\" src=\"\/extremadurasecreta\/wp-content\/uploads\/sites\/16\/2013\/06\/eslovenia-2012-61.jpg\" alt=\"\" width=\"237\" height=\"300\" srcset=\"https:\/\/static-blogs.hoy.es\/wp-content\/uploads\/sites\/16\/2013\/06\/eslovenia-2012-61.jpg 405w, https:\/\/static-blogs.hoy.es\/wp-content\/uploads\/sites\/16\/2013\/06\/eslovenia-2012-61-237x300.jpg 237w\" sizes=\"(max-width: 237px) 100vw, 237px\" \/><\/a><p id=\"caption-attachment-736\" class=\"wp-caption-text\">Al final el obispo se sali\u00f3 con la suya... (Jimber)<\/p><\/div>\n<p style=\"text-align: justify;\"><span style=\"font-size: medium;\">Para no cansar mucho, dir\u00e9 que al final se salieron con la suya. Detenido en <strong>Alemania<\/strong>, es tendido en el potro y despu\u00e9s de varias \u201csesiones\u201d admite brujer\u00eda, haber orado desnudo y en promiscuidad de sexos y haber hecho el amor despu\u00e9s de celebradas las ceremonias religiosas. Oficialmente se le acusa de ofrecer cosechas al sol y a la luna y se le inculpa de practicar rituales m\u00e1gicos que incluyen danzas nocturnas, el uso de hierbas abortivas y la astrolog\u00eda cabal\u00edstica.<\/span><\/p>\n<p style=\"text-align: justify;\"><span style=\"font-size: medium;\">\u00a0<\/span><\/p>\n<p style=\"text-align: justify;\"><span style=\"font-size: medium;\">Es condenado a muerte. El indulto llega cuando acaba de rodar su cabeza y las de cuatro de sus compa\u00f1eros. Sus seguidores extreme\u00f1os traen a Espa\u00f1a sus restos, a los que ofrecen culto en la clandestinidad.<\/span><\/p>\n<p style=\"text-align: justify;\"><span style=\"font-size: medium;\">\u00a0<\/span><\/p>\n<p style=\"text-align: justify;\"><span style=\"font-size: medium;\">Afirma <strong><a title=\"Historia de los heterodoxos espa\u00f1oles\" href=\"http:\/\/es.wikipedia.org\/wiki\/Historia_de_los_heterodoxos_espa%C3%B1oles\" rel=\"external nofollow\">Men\u00e9ndez\u00a0 Pelayo<\/a><\/strong> que tras la muerte del hereje<\/span><\/p>\n<p style=\"text-align: justify;\"><span style=\"font-size: medium;\"><em>\u00a0<\/em><\/span><\/p>\n<p style=\"text-align: justify;\"><span style=\"font-size: medium;\"><em>no se interrumpieron los nocturnos concili\u00e1bulos, pero h\u00edzose inviolable juramento de no revelar nunca lo en ellos pasaba. <\/em><\/span><\/p>\n<p style=\"text-align: justify;\"><span style=\"font-size: medium;\">\u00a0<\/span><\/p>\n<p style=\"text-align: justify;\"><span style=\"font-size: medium;\">Unidos as\u00ed por los lazos de toda sociedad secreta, llegaron\u00a0 a ejercer un verdadero dominio en la iglesia y produjeron un verdadero cisma.<\/span><\/p>\n<p style=\"text-align: justify;\"><span style=\"font-size: medium;\">\u00a0<\/span><\/p>\n<p style=\"text-align: justify;\"><span style=\"font-size: medium;\">Pero no acaban aqu\u00ed las sorpresas del hereje. Porque muchas voces afirman que <a title=\"\u00bfSantiago o Prisciliano?\" href=\"http:\/\/www.elmundo.es\/cronica\/2003\/399\/1055060973.html\" rel=\"external nofollow\">quien esta realmente enterrado en <strong>Santiago de Compostela<\/strong> es <strong>Prisciliano<\/strong>, y no <\/a><strong><a title=\"\u00bfSantiago o Prisciliano?\" href=\"http:\/\/www.elmundo.es\/cronica\/2003\/399\/1055060973.html\" rel=\"external nofollow\">Santiago<\/a>,<\/strong> quien, por cierto, se rumorea que estuvo enterrado en <strong>M\u00e9rida<\/strong>. Vaya traj\u00edn.<\/span><\/p>\n<p style=\"text-align: justify;\"><span style=\"font-size: medium;\">\u00a0<\/span><\/p>\n<p style=\"text-align: justify;\"><span style=\"font-size: medium;\">Les cuento: en el a\u00f1o 813 un ermita\u00f1o le cuenta al obispo de <strong>Iria Flavia<\/strong> que en el <strong>bosque Libred\u00f3n<\/strong> se ven unas luces extra\u00f1as. El obispo, buscando el origen de las luces halla un sepulcro, que no duda en atribuir inmediatamente al ap\u00f3stol Santiago.<\/span><\/p>\n<p style=\"text-align: justify;\"><span style=\"font-size: medium;\">\u00a0<\/span><\/p>\n<p style=\"text-align: justify;\"><span style=\"font-size: medium;\">Sin embargo, en el a\u00f1o 1900 el hagi\u00f3grafo <strong>Louis Duchesne<\/strong> publica un art\u00edculo en el que sugiere que el que realmente est\u00e1 enterrado en Compostela es Prisciliano, bas\u00e1ndose en el viaje que sus disc\u00edpulos hicieron con los restos mortales del hereje hasta su tierra natal. Posteriormente <strong>S\u00e1nchez-Albornoz<\/strong> y <strong>Unamuno<\/strong> se hacen eco de esta hip\u00f3tesis que ha pasado a convertirse en una hip\u00f3tesis muy popular, alternativa a la tradici\u00f3n cristiana, y seguida entre otros por<strong> Atienza<\/strong> y <strong>Sanchez Drag\u00f3<\/strong>.<\/span><\/p>\n<div id=\"attachment_737\" style=\"width: 310px\" class=\"wp-caption alignright\"><a href=\"\/extremadurasecreta\/wp-content\/uploads\/sites\/16\/2013\/06\/inscripcic3b3n-mc3a9rida.png\"><img aria-describedby=\"caption-attachment-737\" loading=\"lazy\" class=\"size-medium wp-image-737\" title=\"inscripcic3b3n-mc3a9rida\" src=\"\/extremadurasecreta\/wp-content\/uploads\/sites\/16\/2013\/06\/inscripcic3b3n-mc3a9rida.png\" alt=\"\" width=\"300\" height=\"86\" srcset=\"https:\/\/static-blogs.hoy.es\/wp-content\/uploads\/sites\/16\/2013\/06\/inscripcic3b3n-mc3a9rida.png 639w, https:\/\/static-blogs.hoy.es\/wp-content\/uploads\/sites\/16\/2013\/06\/inscripcic3b3n-mc3a9rida-300x87.png 300w\" sizes=\"(max-width: 300px) 100vw, 300px\" \/><\/a><p id=\"caption-attachment-737\" class=\"wp-caption-text\">Inscripci\u00f3n aparecida en la iglesia de Santa Mar\u00eda de M\u00e9rida<\/p><\/div>\n<p style=\"text-align: justify;\">\u00a0<\/p>\n<p style=\"text-align: justify;\"><span style=\"font-size: medium;\">.<\/span><\/p>\n<p style=\"text-align: justify;\"><span style=\"font-size: medium;\">Por otra parte, y para acabar de enmara\u00f1ar la madeja her\u00e9tica, el abad e historiador <a title=\"Alberto Solana: Teor\u00edas anti-jacobeas\" href=\"http:\/\/albertosolana.wordpress.com\/teorias-anti-jacobeas\/\" rel=\"external nofollow\"><strong>P\u00e9rez de Urbel<\/strong> afirma que el ap\u00f3stol Santiago estuvo enterrado en <strong>M\u00e9rida<\/strong> <\/a>hasta que los tonsurados portugueses se lo llevaron a <strong>Galicia <\/strong>para salvarlo de los moros. Como demostraci\u00f3n esgrime el hallazgo en la ciudad de cierta l\u00e1pida del siglo VII donde se afirma que<strong> la iglesia emeritense de Santa Mar\u00eda <\/strong>custodiaba las reliquias de los dos hijos de <strong>Zebedeo<\/strong>.<\/span><\/p>\n<p style=\"text-align: justify;\"><span style=\"font-size: medium;\">\u00a0<\/span><\/p>\n<p style=\"text-align: justify;\"><span style=\"font-size: medium;\">En fin, que como dir\u00eda aquel, \u201ceste muerto est\u00e1 muy vivo\u201d, y m\u00e1s que lo estar\u00e1. Porque en el siglo XVI Prisciliano resucita en nuestras tierras en una nueva herej\u00eda: La de <strong>los Alumbrados<\/strong>. Pero esa es otra historia\u2026<\/span><\/p>\n<p style=\"text-align: justify;\"><span style=\"font-size: medium;\">\u00a0<\/span><\/p>\n<p style=\"text-align: justify;\">\u00a0<\/p>\n<p style=\"text-align: justify;\">\u00a0<\/p>\n<p style=\"text-align: justify;\">\u00a0<\/p>\n<p style=\"text-align: justify;\">\u00a0<\/p>\n<p style=\"text-align: justify;\">\u00a0<\/p>\n<p style=\"text-align: justify;\">\u00a0<\/p>\n<p style=\"text-align: justify;\"><span style=\"font-size: medium;\">\u00a0<\/span><\/p>\n<p style=\"text-align: justify;\"><span style=\"font-size: medium;\">\u00a0<\/span><\/p>\n<!-- AddThis Advanced Settings generic via filter on the_content --><!-- AddThis Share Buttons generic via filter on the_content -->","protected":false},"excerpt":{"rendered":"<p>\u00a0 \u00a0 A Prisciliano, que camin\u00f3 por nuestras tierras en el siglo IV, le cabe el dudoso honor de ser el primer sentenciado a muerte en nombre de la Iglesia Cat\u00f3lica, acusado de herej\u00eda. \u00a0 Fue una especie de ni\u00f1o prodigio de familia bien que hasta estudi\u00f3 en el extranjero. Atrevido, erudito, buen orador, nada [&hellip;]<!-- AddThis Advanced Settings generic via filter on get_the_excerpt --><!-- AddThis Share Buttons generic via filter on get_the_excerpt --><\/p>\n","protected":false},"author":20,"featured_media":0,"comment_status":"open","ping_status":"closed","sticky":false,"template":"","format":"standard","meta":[],"categories":[4,7],"tags":[158,600,632,777,788,831,996,1088],"_links":{"self":[{"href":"https:\/\/blogs.hoy.es\/extremadurasecreta\/wp-json\/wp\/v2\/posts\/733"}],"collection":[{"href":"https:\/\/blogs.hoy.es\/extremadurasecreta\/wp-json\/wp\/v2\/posts"}],"about":[{"href":"https:\/\/blogs.hoy.es\/extremadurasecreta\/wp-json\/wp\/v2\/types\/post"}],"author":[{"embeddable":true,"href":"https:\/\/blogs.hoy.es\/extremadurasecreta\/wp-json\/wp\/v2\/users\/20"}],"replies":[{"embeddable":true,"href":"https:\/\/blogs.hoy.es\/extremadurasecreta\/wp-json\/wp\/v2\/comments?post=733"}],"version-history":[{"count":0,"href":"https:\/\/blogs.hoy.es\/extremadurasecreta\/wp-json\/wp\/v2\/posts\/733\/revisions"}],"wp:attachment":[{"href":"https:\/\/blogs.hoy.es\/extremadurasecreta\/wp-json\/wp\/v2\/media?parent=733"}],"wp:term":[{"taxonomy":"category","embeddable":true,"href":"https:\/\/blogs.hoy.es\/extremadurasecreta\/wp-json\/wp\/v2\/categories?post=733"},{"taxonomy":"post_tag","embeddable":true,"href":"https:\/\/blogs.hoy.es\/extremadurasecreta\/wp-json\/wp\/v2\/tags?post=733"}],"curies":[{"name":"wp","href":"https:\/\/api.w.org\/{rel}","templated":true}]}}