{"id":739,"date":"2013-06-19T23:36:50","date_gmt":"2013-06-19T21:36:50","guid":{"rendered":"http:\/\/blogs.hoy.es\/extremadurasecreta\/?p=739"},"modified":"2018-11-01T15:40:21","modified_gmt":"2018-11-01T13:40:21","slug":"el-fuego-magico-de-san-juan","status":"publish","type":"post","link":"https:\/\/blogs.hoy.es\/extremadurasecreta\/2013\/06\/19\/el-fuego-magico-de-san-juan\/","title":{"rendered":"El fuego m\u00e1gico de San Juan"},"content":{"rendered":"<div class=\"mceTemp\"><\/div>\n<div class=\"mceTemp\"><\/div>\n<p style=\"text-align: justify;\"><span style=\"font-size: medium;\">Primero fueron los <strong>fuegos de Beltaine<\/strong>, <a title=\"Cuando \u00e9ramos celtas: de hogueras, lunas y calaveras\" href=\"https:\/\/blogs.hoy.es\/extremadurasecreta\/2012\/07\/27\/nuestros-abuelos-los-celtas-de-hogueras-lunas-y-calaveras\/\">cuando \u00e9ramos celtas<\/a>. En honor al dios <strong>Belenos<\/strong> encend\u00edamos hogueras que eran saltadas por los m\u00e1s valientes con largas p\u00e9rtigas. Despu\u00e9s los druidas hac\u00edan pasar el ganado entre las llamas para purificarlo y defenderlo contra las enfermedades. Constru\u00edamos hogueras circulares en lugares sagrados. Las \u00a0encend\u00edamos en el justo momento del ocaso y las bendec\u00edamos para consagrar sus poderes para la protecci\u00f3n de los cultivos.<\/span><\/p>\n<p style=\"text-align: justify;\"><span style=\"font-size: medium;\">\u00a0<\/span><\/p>\n<p style=\"text-align: justify;\"><span style=\"font-size: medium;\">\u00a0M\u00e1s tarde, <a title=\"Nuestros dioses: cuando \u00e9ramos romanos\" href=\"https:\/\/blogs.hoy.es\/extremadurasecreta\/2012\/10\/01\/nuestros-dioses-cuando-eramos-romanos\/\">cuando fuimos romanos<\/a>, celebramos <strong>las Parilia<\/strong> con un ceremonial de ritos con fuego a la hora del crep\u00fasculo. Despu\u00e9s de haber realizado numerosas ceremonias y recitado ciertas oraciones a la <strong>diosa Palas<\/strong> y a <a title=\"El patas de cabra y las lamias cast\u00faas\" href=\"https:\/\/blogs.hoy.es\/extremadurasecreta\/2013\/02\/13\/el-patas-de-cabra-y-las-lamias-castuas\/\"><strong>Fauno<\/strong>,<\/a> deidades de los campos, nuestros pastores barr\u00edan y regaban el suelo del pasto, y adornaban con flores y hojas el espacio del redil, para conjurar los peligros del lobo.<\/span><\/p>\n<p style=\"text-align: justify;\"><span style=\"font-size: medium;\">\u00a0<\/span><\/p>\n<p style=\"text-align: justify;\"><span style=\"font-size: medium;\">Encend\u00edamos hogueras de heno y salt\u00e1bamos por encima de ellas al menos\u00a0 tres veces. Con esta ceremonia no solo se limpiaba al saltador, sino que tambi\u00e9n limpiaba\u00a0 a su ganado.<\/span><\/p>\n<div id=\"attachment_742\" style=\"width: 691px\" class=\"wp-caption aligncenter\"><a href=\"\/extremadurasecreta\/wp-content\/uploads\/sites\/16\/2013\/06\/I-Noche-en-blanco-29-septiembre-2012-92_1288x1936.jpg\"><img aria-describedby=\"caption-attachment-742\" loading=\"lazy\" class=\"wp-image-742 size-large\" title=\"I Noche en blanco, 29 septiembre 2012 (92)_1288x1936\" src=\"https:\/\/static-blogs.hoy.es\/wp-content\/uploads\/sites\/16\/2013\/06\/I-Noche-en-blanco-29-septiembre-2012-92_1288x1936-681x1024.jpg\" width=\"681\" height=\"1024\" srcset=\"https:\/\/static-blogs.hoy.es\/wp-content\/uploads\/sites\/16\/2013\/06\/I-Noche-en-blanco-29-septiembre-2012-92_1288x1936-681x1024.jpg 681w, https:\/\/static-blogs.hoy.es\/wp-content\/uploads\/sites\/16\/2013\/06\/I-Noche-en-blanco-29-septiembre-2012-92_1288x1936-200x300.jpg 200w, https:\/\/static-blogs.hoy.es\/wp-content\/uploads\/sites\/16\/2013\/06\/I-Noche-en-blanco-29-septiembre-2012-92_1288x1936-768x1154.jpg 768w, https:\/\/static-blogs.hoy.es\/wp-content\/uploads\/sites\/16\/2013\/06\/I-Noche-en-blanco-29-septiembre-2012-92_1288x1936.jpg 1288w\" sizes=\"(max-width: 681px) 100vw, 681px\" \/><\/a><p id=\"caption-attachment-742\" class=\"wp-caption-text\">Cuando \u00e9ramos romanos encend\u00edamos hogueras&#8230; (A. Briz)<\/p><\/div>\n<p style=\"text-align: justify;\"><span style=\"font-size: medium;\">\u00a0<\/span><\/p>\n<p style=\"text-align: justify;\"><span style=\"font-size: medium;\">Despu\u00e9s fuimos visigodos y <a title=\"Una pareja encantadora\" href=\"https:\/\/blogs.hoy.es\/extremadurasecreta\/2012\/09\/25\/perdone-pero-me-he-comido-la-pierna-de-su-senora\/\">moros<\/a>, y celebr\u00e1bamos juntos la sanjuanada y la la <strong>Ansara<\/strong>, una festividad que ya celebraban, curiosamente, los ber\u00e9beres de del norte de \u00c1frica el 24 de junio.<\/span><\/p>\n<p style=\"text-align: justify;\"><span style=\"font-size: medium;\">\u00a0<\/span><\/p>\n<p style=\"text-align: justify;\"><span style=\"font-size: medium;\">Las hogueras que encend\u00edamos produc\u00edan un denso humo que proteg\u00eda los campos cultivados. A trav\u00e9s del fuego pas\u00e1bamos los objetos y utensilios m\u00e1s importantes del hogar. Iluminaban\u00a0nuestros patios, caminos, campos y encrucijadas, preferentemente junto a las higueras, y quem\u00e1bamos <a title=\"Plantas m\u00e1gicas, los secretos del curandero\" href=\"https:\/\/blogs.hoy.es\/extremadurasecreta\/2012\/05\/22\/plantas-magicas-hierbas-que-sanan\/\">plantas m\u00e1gicas<\/a> y\u00a0arom\u00e1ticas. Lo ahum\u00e1bamos todo, incluso los huertos y las mieses. Salt\u00e1bamos siete veces sobre las brasas, pase\u00e1bamos las ramas encendidas por el interior de las casas y hasta las acerc\u00e1bamos a los enfermos para purificar e inmunizar el entorno de todos los males.<\/span><\/p>\n<p style=\"text-align: justify;\"><span style=\"font-size: medium;\">\u00a0<\/span><\/p>\n<p style=\"text-align: justify;\"><span style=\"font-size: medium;\">\u00a0<\/span><span style=\"font-size: medium;\">En la mentalidad m\u00e1gico-animista de nuestros antepasados las <strong>hogueras de San Juan t<\/strong>en\u00edan la virtud de preservar de todo mal a las personas, animales y cosechas. Todav\u00eda perviven una serie de rituales en el que antorchas, hogueras, ascuas y cenizas juegan un papel predominante.<\/span><\/p>\n<p style=\"text-align: justify;\"><span style=\"font-size: medium;\">\u00a0<\/span><\/p>\n<p style=\"text-align: justify;\"><span style=\"font-size: medium;\"><strong>La noche de San Juan<\/strong>, la del 23 de junio, el crepitar de las llamas purifica los cuerpos, y ahuyenta los malos esp\u00edritus e impulsa al Sol en su continuo deambular por el firmamento, ya que a partir de ahora los d\u00edas ser\u00e1n m\u00e1s cortos. En algunas majadas campesinas de la <strong>Sierra de Gata<\/strong>, se encend\u00edan cuatro hogueras para iluminar los cuatro puntos cardinales como protecci\u00f3n contra la malaventura y los esp\u00edritus nocivos tanto para animales como para hombres.<\/span><\/p>\n<p style=\"text-align: justify;\"><span style=\"font-size: medium;\">\u00a0<\/span><\/p>\n<p style=\"text-align: justify;\"><span style=\"font-size: medium;\">Las llamas sanjuaneras tambi\u00e9n preserva de <a title=\"Amores burros\" href=\"https:\/\/blogs.hoy.es\/extremadurasecreta\/2013\/06\/05\/amores-burros\/\">los maleficios de las brujas<\/a> y expulsa a las hechiceras y a los ladrones y preserva de los animales da\u00f1inos, como las culebras o las mordeduras de perro. Si se salta de un modo determinado, se obtienen la seguridad del matrimonio, y recitando ciertas f\u00f3rmulas, se asegura la cosecha.<\/span><\/p>\n<p style=\"text-align: justify;\"><span style=\"font-size: medium;\">\u00a0<\/span><\/p>\n<div id=\"attachment_743\" style=\"width: 730px\" class=\"wp-caption aligncenter\"><a href=\"\/extremadurasecreta\/wp-content\/uploads\/sites\/16\/2013\/06\/GARROVILLAS-septiembre-2009-261.jpg\"><img aria-describedby=\"caption-attachment-743\" loading=\"lazy\" class=\"wp-image-743 size-full\" title=\"GARROVILLAS-septiembre-2009 (261)\" src=\"https:\/\/static-blogs.hoy.es\/wp-content\/uploads\/sites\/16\/2013\/06\/GARROVILLAS-septiembre-2009-261.jpg\" width=\"720\" height=\"482\" srcset=\"https:\/\/static-blogs.hoy.es\/wp-content\/uploads\/sites\/16\/2013\/06\/GARROVILLAS-septiembre-2009-261.jpg 720w, https:\/\/static-blogs.hoy.es\/wp-content\/uploads\/sites\/16\/2013\/06\/GARROVILLAS-septiembre-2009-261-300x201.jpg 300w\" sizes=\"(max-width: 720px) 100vw, 720px\" \/><\/a><p id=\"caption-attachment-743\" class=\"wp-caption-text\">Los animales tambi\u00e9n pasan por &#8220;el tuero&#8221; de San Juan (Jimber)<\/p><\/div>\n<p style=\"text-align: justify;\"><span style=\"font-size: medium;\">Y es que el valor profil\u00e1ctico del <strong>fuego de San Juan<\/strong> no preserva solo a las personas. En <strong>Aldea del Cano<\/strong> solo hay que pasar a los animales delante del Tuero de la <strong>noche de San Juan<\/strong> para prevenirlos de futuras enfermedades y de maleficios.<\/span><\/p>\n<p style=\"text-align: justify;\"><span style=\"font-size: medium;\">El fuego preserva de la sarna y la ti\u00f1a, y cura otras enfermedades. El etn\u00f3grafo <strong><a title=\" APUNTES DE ETNOGRAF\u00cdA DE CILLEROS (III) \" href=\"http:\/\/www.funjdiaz.net\/folklore\/07ficha.cfm?id=2565\" rel=\"external nofollow\">Jose Luis Rodriguez Plasencia<\/a><\/strong> nos cuenta que en <strong>Cilleros<\/strong> se saltaba tres veces sobre las hogueras para alcanzar salud y felicidad, a la vez que se dec\u00edan \u00a0letan\u00edas como<\/span><\/p>\n<p style=\"text-align: justify;\"><span style=\"font-size: medium;\">\u00a0<\/span><\/p>\n<p style=\"text-align: justify;\"><span style=\"font-size: medium;\"><em>\u201cSal\u00fa p\u2019am\u00ed <\/em><\/span><\/p>\n<p style=\"text-align: justify;\"><span style=\"font-size: medium;\"><em>y p\u2019a toos los qu\u2019est\u00e1n aqu\u00ed\u201d<\/em><\/span><\/p>\n<p style=\"text-align: justify;\"><span style=\"font-size: medium;\">\u00a0<\/span><\/p>\n<p style=\"text-align: justify;\"><span style=\"font-size: medium;\">\u00a0y algunas m\u00e1s anticlericales:<\/span><\/p>\n<p style=\"text-align: justify;\"><span style=\"font-size: medium;\"><em>\u00a0<\/em><\/span><\/p>\n<p style=\"text-align: justify;\"><span style=\"font-size: medium;\"><em>\u00a0\u201cSal\u00fa p\u2019a la levadura <\/em><\/span><\/p>\n<p style=\"text-align: justify;\"><span style=\"font-size: medium;\"><em>y sarna p\u2019al se\u00f1ol cura\u201d\u2026<\/em><\/span><\/p>\n<p style=\"text-align: justify;\"><span style=\"font-size: medium;\">\u00a0<\/span><\/p>\n<p style=\"text-align: justify;\"><span style=\"font-size: medium;\">En otros muchos pueblos extreme\u00f1os se realiza el <a title=\"Plantas m\u00e1gicas, los secretos del curandero\" href=\"https:\/\/blogs.hoy.es\/extremadurasecreta\/2012\/05\/22\/plantas-magicas-hierbas-que-sanan\/\"><strong>sahumerio<\/strong> o <strong>zajumerio<\/strong><\/a>, como en <strong><a title=\"Rituales del fuego solsticial en Ahigal (C\u00e1ceres)\" href=\"http:\/\/www.funjdiaz.net\/folklore\/07ficha.cfm?id=231\" rel=\"external nofollow\">Ahigal<\/a><\/strong>. El investigador <a title=\"LA NOCHE DE SAN JUAN EN LA ALTA EXTREMADURA\" href=\"http:\/\/www.funjdiaz.net\/folklore\/07ficha.cfm?id=375\" rel=\"external nofollow\"><strong>Dom\u00ednguez Moreno<\/strong> <\/a>cuenta como las familias colocan a las puertas de sus casas peque\u00f1os matojos de tomillo cortados la v\u00edspera del Corpus y que fueron\u00a0 esparcidos durante la procesi\u00f3n eucar\u00edstica.<\/span><\/p>\n<p style=\"text-align: justify;\"><span style=\"font-size: medium;\">\u00a0<\/span><\/p>\n<p style=\"text-align: justify;\"><span style=\"font-size: medium;\">Estas piras de tomillo son humedecidas con agua antes de que la m\u00e1s anciana de la casa pretenda encenderlas, para que la intensidad del humo supere a la de las llamas. Las calles presentan un aspecto fantasmag\u00f3rico con sus hileras de piras diminutas por las que saltan repetidamente los miembros de las familias.<\/span><\/p>\n<p style=\"text-align: justify;\"><span style=\"font-size: medium;\">\u00a0<\/span><\/p>\n<p style=\"text-align: justify;\"><span style=\"font-size: medium;\">De hecho, en <strong>Herreruela<\/strong> se conoce a\u00a0esta noche como <strong>La Noche de los Tomillos<\/strong>, y en \u00a0\u00a0<a title=\"Rituales del fuego solsticial en Ahigal (C\u00e1ceres)\" href=\"http:\/\/www.funjdiaz.net\/folklore\/07ficha.cfm?id=231\" rel=\"external nofollow\"><strong>Ahigal<\/strong>,<\/a> se conoce al <strong>d\u00eda de San Juan<\/strong> con el nombre de \u201c<strong>d\u00eda del zajumerio<\/strong>\u201d, all\u00ed se recita, al saltar sobre el tomillo quemado el siguiente ensalmo:<\/span><\/p>\n<p style=\"text-align: justify;\"><span style=\"font-size: medium;\">\u00a0<\/span><\/p>\n<p style=\"text-align: justify;\"><span style=\"font-size: medium;\"><em>Pas\u00f3 San Juan<\/em><\/span><\/p>\n<p style=\"text-align: justify;\"><span style=\"font-size: medium;\"><em>Por aqu\u00ed<\/em><\/span><\/p>\n<p style=\"text-align: justify;\"><span style=\"font-size: medium;\"><em>Yo no lo v\u00ed<\/em><\/span><\/p>\n<p style=\"text-align: justify;\"><span style=\"font-size: medium;\"><em>Sarna en ti,<\/em><\/span><\/p>\n<p style=\"text-align: justify;\"><span style=\"font-size: medium;\"><em>Salud en m\u00ed.<\/em><\/span><\/p>\n<p style=\"text-align: justify;\"><span style=\"font-size: medium;\">\u00a0<\/span><\/p>\n<p style=\"text-align: justify;\"><span style=\"font-size: medium;\">Durante todo el ritual las puertas de las casas permanecen abiertas, porque el humo que penetra en las casas y envuelve a quienes saltan a trav\u00e9s de la hoguera defiende a hacienda y a personas de los males contagiosos, de la tormenta, de los incendios, de los poderes del<a title=\"No me aojes, que te veo\" href=\"https:\/\/blogs.hoy.es\/extremadurasecreta\/2012\/03\/05\/no-me-aojes-que-te-veo\/\"> mal de ojo <\/a>y de otras artes brujeriles.<\/span><\/p>\n<p style=\"text-align: justify;\"><span style=\"font-size: medium;\">\u00a0<\/span><\/p>\n<p style=\"text-align: justify;\"><span style=\"font-size: medium;\"><strong>La ceniza<\/strong>, al igual que el humo, posee fuerza fumigadora. Lavarse con ella la <strong>ma\u00f1ana de San Juan<\/strong> es un remedio eficaz contra las enfermedades de la piel. La ceniza tambi\u00e9n protege contra las tormentas. Constituye igualmente un medio profil\u00e1ctico sobre los animales, a los que se saca por la ma\u00f1ana de sus cuadras y se les obliga a pasar sobre ella para librarlos de las m\u00e1s diversas enfermedades, de los peores contratiempos y del ataque de las alima\u00f1as, especialmente del lobo.<\/span><\/p>\n<p style=\"text-align: justify;\"><span style=\"font-size: medium;\">\u00a0<\/span><\/p>\n<p style=\"text-align: justify;\"><span style=\"font-size: medium;\">Hasta en m\u00e1s m\u00ednimo\u00a0resto de la hoguera tiene su poder. Son recogidos entre oraciones y esparcidos por los huertos, ya que propician una excelente cosecha. Desde luego, p<\/span><span style=\"font-size: medium;\">ocas cosas dan tanto de s\u00ed en estos tiempos. <\/span><\/p>\n<p style=\"text-align: justify;\"><span style=\"font-size: medium;\">Que ustedes lo humeen bien.<\/span><\/p>\n<p style=\"text-align: justify;\"><span style=\"font-size: medium;\">\u00a0<\/span><\/p>\n<p style=\"text-align: justify;\"><span style=\"font-size: medium;\">\u00a0<\/span><\/p>\n<p style=\"text-align: justify;\"><span style=\"font-size: medium;\">\u00a0<\/span><\/p>\n<p style=\"text-align: justify;\"><span style=\"font-size: medium;\">\u00a0<\/span><\/p>\n<p style=\"text-align: justify;\"><span style=\"font-size: medium;\">\u00a0<\/span><\/p>\n<p>&nbsp;<\/p>\n<!-- AddThis Advanced Settings generic via filter on the_content --><!-- AddThis Share Buttons generic via filter on the_content -->","protected":false},"excerpt":{"rendered":"<p>Primero fueron los fuegos de Beltaine, cuando \u00e9ramos celtas. En honor al dios Belenos encend\u00edamos hogueras que eran saltadas por los m\u00e1s valientes con largas p\u00e9rtigas. Despu\u00e9s los druidas hac\u00edan pasar el ganado entre las llamas para purificarlo y defenderlo contra las enfermedades. Constru\u00edamos hogueras circulares en lugares sagrados. Las \u00a0encend\u00edamos en el justo momento [&hellip;]<!-- AddThis Advanced Settings generic via filter on get_the_excerpt --><!-- AddThis Share Buttons generic via filter on get_the_excerpt --><\/p>\n","protected":false},"author":20,"featured_media":1392,"comment_status":"open","ping_status":"closed","sticky":false,"template":"","format":"standard","meta":[],"categories":[4,7],"tags":[31,46,81,133,155,309,386,413,497,528,605,613,800,875,900,902,928,935,1046,1059,1073,1119,1184],"_links":{"self":[{"href":"https:\/\/blogs.hoy.es\/extremadurasecreta\/wp-json\/wp\/v2\/posts\/739"}],"collection":[{"href":"https:\/\/blogs.hoy.es\/extremadurasecreta\/wp-json\/wp\/v2\/posts"}],"about":[{"href":"https:\/\/blogs.hoy.es\/extremadurasecreta\/wp-json\/wp\/v2\/types\/post"}],"author":[{"embeddable":true,"href":"https:\/\/blogs.hoy.es\/extremadurasecreta\/wp-json\/wp\/v2\/users\/20"}],"replies":[{"embeddable":true,"href":"https:\/\/blogs.hoy.es\/extremadurasecreta\/wp-json\/wp\/v2\/comments?post=739"}],"version-history":[{"count":2,"href":"https:\/\/blogs.hoy.es\/extremadurasecreta\/wp-json\/wp\/v2\/posts\/739\/revisions"}],"predecessor-version":[{"id":1685,"href":"https:\/\/blogs.hoy.es\/extremadurasecreta\/wp-json\/wp\/v2\/posts\/739\/revisions\/1685"}],"wp:featuredmedia":[{"embeddable":true,"href":"https:\/\/blogs.hoy.es\/extremadurasecreta\/wp-json\/wp\/v2\/media\/1392"}],"wp:attachment":[{"href":"https:\/\/blogs.hoy.es\/extremadurasecreta\/wp-json\/wp\/v2\/media?parent=739"}],"wp:term":[{"taxonomy":"category","embeddable":true,"href":"https:\/\/blogs.hoy.es\/extremadurasecreta\/wp-json\/wp\/v2\/categories?post=739"},{"taxonomy":"post_tag","embeddable":true,"href":"https:\/\/blogs.hoy.es\/extremadurasecreta\/wp-json\/wp\/v2\/tags?post=739"}],"curies":[{"name":"wp","href":"https:\/\/api.w.org\/{rel}","templated":true}]}}