{"id":747,"date":"2013-06-26T00:27:12","date_gmt":"2013-06-25T22:27:12","guid":{"rendered":"http:\/\/blogs.hoy.es\/extremadurasecreta\/?p=747"},"modified":"2018-11-01T15:35:22","modified_gmt":"2018-11-01T13:35:22","slug":"dragones-castuos-lagartos-monstruosos","status":"publish","type":"post","link":"https:\/\/blogs.hoy.es\/extremadurasecreta\/2013\/06\/26\/dragones-castuos-lagartos-monstruosos\/","title":{"rendered":"Dragones cast\u00faos, lagartos monstruosos"},"content":{"rendered":"<div class=\"mceTemp\"><\/div>\n<p style=\"text-align: justify;\"><span style=\"font-size: medium;\">\u00bfHubo dragones en Extremadura? Conocerlos, los conoc\u00edamos. <strong><a title=\"Bonifacio Gil: El cancionero popular de Extremadura\" href=\"http:\/\/www.folkloredeextremadura.com\/Menu07Festivales\/FestivalesRegionales\/BonifacioGil\/Biografia.htm#El_Cancionero_Popular_de_Extremadura\" rel=\"external nofollow\">Bonifacio Gil<\/a> <\/strong>\u00a0recoge un romance de ciego de <strong>Herrera del Duque<\/strong> llamado <em><strong>La Fiera<\/strong><strong> Malvada<\/strong><\/em>, que nos describe a un aut\u00e9ntico drag\u00f3n:<\/span><\/p>\n<p style=\"text-align: justify;\"><span style=\"font-size: medium;\">\u00a0<\/span><span style=\"font-size: medium;\"><em>Ten\u00eda orejas de caballo<\/em><\/span><\/p>\n<p style=\"text-align: justify;\"><span style=\"font-size: medium;\"><em>La boca como una vaca<\/em><\/span><\/p>\n<p style=\"text-align: justify;\"><span style=\"font-size: medium;\"><em>El arqueao de sus u\u00f1as<\/em><\/span><\/p>\n<p style=\"text-align: justify;\"><span style=\"font-size: medium;\"><em>Como gancho de romana<\/em><\/span><\/p>\n<p style=\"text-align: justify;\"><span style=\"font-size: medium;\"><em>El pelo como alfileres<\/em><\/span><\/p>\n<p style=\"text-align: justify;\"><span style=\"font-size: medium;\"><em>\u00a0 \u00a0 \u00a0 \u00a0 \u00a0 \u00a0 \u00a0 \u00a0 \u00a0 \u00a0 \u00a0 \u00a0 \u00a0 \u00a0 \u00a0 \u00a0 \u00a0 \u00a0 \u00a0 \u00a0 \u00a0 \u00a0 \u00a0 \u00a0 \u00a0 \u00a0 \u00a0 \u00a0 \u00a0 \u00a0\u00a0 La cola como una lanza<\/em><\/span><\/p>\n<p style=\"text-align: justify;\"><span style=\"font-size: medium;\"><em>\u00a0 \u00a0 \u00a0 \u00a0 \u00a0 \u00a0 \u00a0 \u00a0 \u00a0 \u00a0 \u00a0 \u00a0 \u00a0 \u00a0 \u00a0 \u00a0 \u00a0 \u00a0 \u00a0 \u00a0 \u00a0 \u00a0 \u00a0 \u00a0 \u00a0 \u00a0 \u00a0 \u00a0 \u00a0 \u00a0 Dos cuernos en la cabeza<\/em><\/span><\/p>\n<p style=\"text-align: justify;\"><span style=\"font-size: medium;\"><em>\u00a0 \u00a0 \u00a0 \u00a0 \u00a0 \u00a0 \u00a0 \u00a0 \u00a0 \u00a0 \u00a0 \u00a0 \u00a0 \u00a0 \u00a0 \u00a0 \u00a0 \u00a0 \u00a0 \u00a0 \u00a0 \u00a0 \u00a0 \u00a0 \u00a0 \u00a0 \u00a0 \u00a0 \u00a0\u00a0 Tambi\u00e9n alas que volaban.<\/em><\/span><\/p>\n<div id=\"attachment_749\" style=\"width: 730px\" class=\"wp-caption aligncenter\"><a href=\"\/extremadurasecreta\/wp-content\/uploads\/sites\/16\/2013\/06\/ESLOVENIA-ljubljana-2012-34.jpg\"><img aria-describedby=\"caption-attachment-749\" loading=\"lazy\" class=\"wp-image-749 size-full\" title=\"ESLOVENIA-ljubljana-2012 (34)\" src=\"https:\/\/static-blogs.hoy.es\/wp-content\/uploads\/sites\/16\/2013\/06\/ESLOVENIA-ljubljana-2012-34.jpg\" width=\"720\" height=\"482\" srcset=\"https:\/\/static-blogs.hoy.es\/wp-content\/uploads\/sites\/16\/2013\/06\/ESLOVENIA-ljubljana-2012-34.jpg 720w, https:\/\/static-blogs.hoy.es\/wp-content\/uploads\/sites\/16\/2013\/06\/ESLOVENIA-ljubljana-2012-34-300x201.jpg 300w\" sizes=\"(max-width: 720px) 100vw, 720px\" \/><\/a><p id=\"caption-attachment-749\" class=\"wp-caption-text\">A los dragones los conoc\u00edamos, pero no los nombr\u00e1bamos.\u00a0 (Jimber)<\/p><\/div>\n<p style=\"text-align: justify;\"><span style=\"font-size: medium;\">\u00a0<\/span><\/p>\n<p style=\"text-align: justify;\"><span style=\"font-size: medium;\">Pero los campesinos pod\u00edan respirar tranquilos. Esta <em>Fiera Malvada<\/em> se encontraba a miles de kil\u00f3metros, en el casi m\u00edtico \u201creino de Jerusalem\u201d.<\/span><\/p>\n<p style=\"text-align: justify;\"><span style=\"font-size: medium;\">\u00a0<\/span><\/p>\n<p style=\"text-align: justify;\"><span style=\"font-size: medium;\">Sin embargo, los extreme\u00f1os no est\u00e1bamos del todo a salvo. Aqu\u00ed, m\u00e1s pragm\u00e1ticos y menos caballerescos, lo que ten\u00edamos es lo que conoc\u00edamos: <strong><a title=\"Anfibios legendarios y otros seres resbalosos\" href=\"https:\/\/blogs.hoy.es\/extremadurasecreta\/2012\/08\/31\/anfibios-legendarios-y-otros-seres-resbalosos\/\">lagartos<\/a><\/strong>. Pero <strong>lagartos monstruosos<\/strong>, eso s\u00ed.<\/span><\/p>\n<p style=\"text-align: justify;\"><span style=\"font-size: medium;\">\u00a0<\/span><\/p>\n<p style=\"text-align: justify;\"><span style=\"font-size: medium;\">Sin duda la leyenda m\u00e1s conocida en Extremadura acerca de enormes saurios es la del <a title=\"El lagarto de Calzadilla y otras historias de lagartos\" href=\"http:\/\/www.funjdiaz.net\/folklore\/07ficha.cfm?id=2412\" rel=\"external nofollow\">lagarto de <strong>Calzadilla<\/strong><\/a>. Cuenta la historia que un gran lagarto asolaba los reba\u00f1os, hasta que un d\u00eda un pastor se lo encuentra de frente<\/span><\/p>\n<p style=\"text-align: justify;\"><span style=\"font-size: medium;\">\u00a0<\/span><\/p>\n<div class=\"mceTemp\">\n<div id=\"attachment_773\" style=\"width: 1034px\" class=\"wp-caption aligncenter\"><a href=\"\/extremadurasecreta\/wp-content\/uploads\/sites\/16\/2013\/06\/Calzadilla-de-Coria13-132_1936x1288.jpg\"><img aria-describedby=\"caption-attachment-773\" loading=\"lazy\" class=\"wp-image-773 size-large\" title=\"Calzadilla de Coria13 132_1936x1288\" src=\"https:\/\/static-blogs.hoy.es\/wp-content\/uploads\/sites\/16\/2013\/06\/Calzadilla-de-Coria13-132_1936x1288-1024x681.jpg\" width=\"1024\" height=\"681\" srcset=\"https:\/\/static-blogs.hoy.es\/wp-content\/uploads\/sites\/16\/2013\/06\/Calzadilla-de-Coria13-132_1936x1288-1024x681.jpg 1024w, https:\/\/static-blogs.hoy.es\/wp-content\/uploads\/sites\/16\/2013\/06\/Calzadilla-de-Coria13-132_1936x1288-300x200.jpg 300w, https:\/\/static-blogs.hoy.es\/wp-content\/uploads\/sites\/16\/2013\/06\/Calzadilla-de-Coria13-132_1936x1288-768x511.jpg 768w, https:\/\/static-blogs.hoy.es\/wp-content\/uploads\/sites\/16\/2013\/06\/Calzadilla-de-Coria13-132_1936x1288.jpg 1936w\" sizes=\"(max-width: 1024px) 100vw, 1024px\" \/><\/a><p id=\"caption-attachment-773\" class=\"wp-caption-text\">El lagarto de Calzadilla (A. Briz)<\/p><\/div>\n<p>&nbsp;<\/p>\n<p><span style=\"font-size: medium;\"><em>De entre zarza y matorrales,<\/em><\/span><\/p>\n<\/div>\n<p style=\"text-align: justify;\"><span style=\"font-size: medium;\"><em>de humedales y pe\u00f1ascos,<\/em><\/span><\/p>\n<p style=\"text-align: justify;\"><span style=\"font-size: medium;\"><em>surg\u00eda una figura horrible,<\/em><\/span><\/p>\n<p style=\"text-align: justify;\"><span style=\"font-size: medium;\"><em>la de un inmenso lagarto<\/em><\/span><\/p>\n<p style=\"text-align: justify;\"><span style=\"font-size: medium;\"><em>que con las fauces abiertas<\/em><\/span><\/p>\n<p style=\"text-align: justify;\"><span style=\"font-size: medium;\"><em>atacaba a su ganado.<\/em><\/span><\/p>\n<p style=\"text-align: justify;\"><span style=\"font-size: medium;\">\u00a0<\/span><span style=\"font-size: medium;\"><em>\u00bfQu\u00e9 era aquello, aquel diablo?<\/em><\/span><\/p>\n<p style=\"text-align: justify;\"><span style=\"font-size: medium;\"><em>\u00a0\u00bfun cocodrilo, un caim\u00e1n?<\/em><\/span><\/p>\n<p style=\"text-align: justify;\"><span style=\"font-size: medium;\"><em>\u00a0\u00bfuna fiera de otros lados?<\/em><\/span><\/p>\n<p style=\"text-align: justify;\"><span style=\"font-size: medium;\"><em>\u00a0\u00bfqu\u00e9 hac\u00eda el drag\u00f3n rabioso<\/em><\/span><\/p>\n<p style=\"text-align: justify;\"><span style=\"font-size: medium;\"><em>\u00a0\u00a0 devorando a su reba\u00f1o?.<\/em><\/span><\/p>\n<p style=\"text-align: justify;\"><span style=\"font-size: medium;\">\u00a0<\/span><\/p>\n<p style=\"text-align: justify;\"><span style=\"font-size: medium;\">El pastor se enfrenta a \u00e9l, y no teniendo nada m\u00e1s que su cayado, pide al <strong>Cristo de la Agon\u00eda<\/strong> que convierta su bast\u00f3n en escopeta y el pan en munici\u00f3n. Su piel escamosa puede verse a\u00fan en la ermita, y sus vecinos han heredado, ya por siempre, el apodo de \u201clagartos\u201d.<\/span><\/p>\n<p style=\"text-align: justify;\"><span style=\"font-size: medium;\">\u00a0<\/span><\/p>\n<div id=\"attachment_774\" style=\"width: 1034px\" class=\"wp-caption aligncenter\"><a href=\"\/extremadurasecreta\/wp-content\/uploads\/sites\/16\/2013\/06\/Convento-de-los-Angeles-Ovejuela13-149_1936x1288.jpg\"><img aria-describedby=\"caption-attachment-774\" loading=\"lazy\" class=\"wp-image-774 size-large\" title=\"Convento de los Angeles Ovejuela13 149_1936x1288\" src=\"https:\/\/static-blogs.hoy.es\/wp-content\/uploads\/sites\/16\/2013\/06\/Convento-de-los-Angeles-Ovejuela13-149_1936x1288-1024x681.jpg\" width=\"1024\" height=\"681\" srcset=\"https:\/\/static-blogs.hoy.es\/wp-content\/uploads\/sites\/16\/2013\/06\/Convento-de-los-Angeles-Ovejuela13-149_1936x1288-1024x681.jpg 1024w, https:\/\/static-blogs.hoy.es\/wp-content\/uploads\/sites\/16\/2013\/06\/Convento-de-los-Angeles-Ovejuela13-149_1936x1288-300x200.jpg 300w, https:\/\/static-blogs.hoy.es\/wp-content\/uploads\/sites\/16\/2013\/06\/Convento-de-los-Angeles-Ovejuela13-149_1936x1288-768x511.jpg 768w, https:\/\/static-blogs.hoy.es\/wp-content\/uploads\/sites\/16\/2013\/06\/Convento-de-los-Angeles-Ovejuela13-149_1936x1288.jpg 1936w\" sizes=\"(max-width: 1024px) 100vw, 1024px\" \/><\/a><p id=\"caption-attachment-774\" class=\"wp-caption-text\">Por el convento de los \u00c1ngeles, cerca de Ovejuela, viv\u00eda &#8220;El Pecado&#8221;, otro lagarto monstruoso (A. Briz)<\/p><\/div>\n<p>&nbsp;<\/p>\n<p style=\"text-align: justify;\"><span style=\"font-size: medium;\">Otro lagarto de gigantescas proporciones era igualmente el que diezmaba la hacienda de los vecinos de <strong>Ovejuela<\/strong>, alquer\u00eda hurdana pr\u00f3xima al <strong>convento de Nuestra Se\u00f1ora de los \u00c1ngeles<\/strong>. Nos cuenta el historiador <strong><a title=\"EL LAGARTO EN EXTREMADURA: ENTRE EL MITO Y LA TRADICI\u00d3N\" href=\"http:\/\/www.funjdiaz.net\/folklore\/07ficha.cfm?id=2568\" rel=\"external nofollow\">Jos\u00e9 Mar\u00eda Dom\u00ednguez Moreno<\/a> <\/strong>que eso fue antes de que <strong>San Pedro de Alc\u00e1ntara<\/strong> llegara como guardi\u00e1n del cenobio, lo domesticara y lo convirtiera una inofensiva mascota. Y eso que los frailes, debido a la fealdad del monstruo, lo conoc\u00edan con el nombre de \u201c<strong>El Pecado<\/strong>\u201d.<\/span><\/p>\n<div id=\"attachment_751\" style=\"width: 1034px\" class=\"wp-caption aligncenter\"><a href=\"\/extremadurasecreta\/wp-content\/uploads\/sites\/16\/2013\/06\/Seres-Gigantes-de-Caba\u00f1as-del-castillo.jpg\"><img aria-describedby=\"caption-attachment-751\" loading=\"lazy\" class=\"wp-image-751 size-large\" title=\"Seres Gigantes de Caba\u00f1as del castillo\" src=\"https:\/\/static-blogs.hoy.es\/wp-content\/uploads\/sites\/16\/2013\/06\/Seres-Gigantes-de-Caba\u00f1as-del-castillo-1024x686.jpg\" width=\"1024\" height=\"686\" srcset=\"https:\/\/static-blogs.hoy.es\/wp-content\/uploads\/sites\/16\/2013\/06\/Seres-Gigantes-de-Caba\u00f1as-del-castillo-1024x686.jpg 1024w, https:\/\/static-blogs.hoy.es\/wp-content\/uploads\/sites\/16\/2013\/06\/Seres-Gigantes-de-Caba\u00f1as-del-castillo-300x201.jpg 300w, https:\/\/static-blogs.hoy.es\/wp-content\/uploads\/sites\/16\/2013\/06\/Seres-Gigantes-de-Caba\u00f1as-del-castillo-768x514.jpg 768w\" sizes=\"(max-width: 1024px) 100vw, 1024px\" \/><\/a><p id=\"caption-attachment-751\" class=\"wp-caption-text\">Caba\u00f1as del castillo y el castillo de Caba\u00f1as (Jimber)<\/p><\/div>\n<p style=\"text-align: justify;\"><span style=\"font-size: medium;\">\u00a0<\/span><\/p>\n<p style=\"text-align: justify;\"><span style=\"font-size: medium;\">M\u00e1s grande todav\u00eda afirma que era el monstruoso lagarto que lleg\u00f3 a deslomar de un coletazo <strong>la sierra de Las Villuercas<\/strong> a la altura de <strong>Caba\u00f1as del Castillo<\/strong>. Nadie osaba entrar en aquellos parajes por miedo a ser devorado, hasta que un forajido que hu\u00eda de la justicia no tuvo m\u00e1s remedio que adentrarse en aquellos parajes. Tras deslumbrar al monstruo con una patena que hab\u00eda robado de la <strong>iglesia de Jaraicejo<\/strong>, consigui\u00f3 dar muerte al inmenso reptil.<\/span><\/p>\n<p style=\"text-align: justify;\"><span style=\"font-size: medium;\">\u00a0<\/span><\/p>\n<p style=\"text-align: justify;\"><span style=\"font-size: medium;\">Con esta haza\u00f1a el forajido pas\u00f3 de delincuente a h\u00e9roe, y no s\u00f3lo fue perdonado, sino que como premio a su gran haza\u00f1a recibi\u00f3 amplias tierras en propiedad y la potestad de erigir una fortaleza, la que luego se conocer\u00eda como <strong>el Castillo de Caba\u00f1as<\/strong>. <\/span><\/p>\n<p style=\"text-align: justify;\"><span style=\"font-size: medium;\">Desconocida leyenda, bello pueblo y ruinoso castillo.<\/span><\/p>\n<p style=\"text-align: justify;\"><span style=\"font-size: medium;\">Y pobre, pobre lagarto.<\/span><\/p>\n<p style=\"text-align: justify;\"><span style=\"font-size: medium;\">\u00a0<\/span><\/p>\n<!-- AddThis Advanced Settings generic via filter on the_content --><!-- AddThis Share Buttons generic via filter on the_content -->","protected":false},"excerpt":{"rendered":"<p>\u00bfHubo dragones en Extremadura? Conocerlos, los conoc\u00edamos. Bonifacio Gil \u00a0recoge un romance de ciego de Herrera del Duque llamado La Fiera Malvada, que nos describe a un aut\u00e9ntico drag\u00f3n: \u00a0Ten\u00eda orejas de caballo La boca como una vaca El arqueao de sus u\u00f1as Como gancho de romana El pelo como alfileres \u00a0 \u00a0 \u00a0 \u00a0 [&hellip;]<!-- AddThis Advanced Settings generic via filter on get_the_excerpt --><!-- AddThis Share Buttons generic via filter on get_the_excerpt --><\/p>\n","protected":false},"author":20,"featured_media":748,"comment_status":"open","ping_status":"closed","sticky":false,"template":"","format":"standard","meta":[],"categories":[2,4],"tags":[144,169,188,243,412,604,645,663,697,737,738,751,758,920,941,1075],"_links":{"self":[{"href":"https:\/\/blogs.hoy.es\/extremadurasecreta\/wp-json\/wp\/v2\/posts\/747"}],"collection":[{"href":"https:\/\/blogs.hoy.es\/extremadurasecreta\/wp-json\/wp\/v2\/posts"}],"about":[{"href":"https:\/\/blogs.hoy.es\/extremadurasecreta\/wp-json\/wp\/v2\/types\/post"}],"author":[{"embeddable":true,"href":"https:\/\/blogs.hoy.es\/extremadurasecreta\/wp-json\/wp\/v2\/users\/20"}],"replies":[{"embeddable":true,"href":"https:\/\/blogs.hoy.es\/extremadurasecreta\/wp-json\/wp\/v2\/comments?post=747"}],"version-history":[{"count":3,"href":"https:\/\/blogs.hoy.es\/extremadurasecreta\/wp-json\/wp\/v2\/posts\/747\/revisions"}],"predecessor-version":[{"id":1683,"href":"https:\/\/blogs.hoy.es\/extremadurasecreta\/wp-json\/wp\/v2\/posts\/747\/revisions\/1683"}],"wp:featuredmedia":[{"embeddable":true,"href":"https:\/\/blogs.hoy.es\/extremadurasecreta\/wp-json\/wp\/v2\/media\/748"}],"wp:attachment":[{"href":"https:\/\/blogs.hoy.es\/extremadurasecreta\/wp-json\/wp\/v2\/media?parent=747"}],"wp:term":[{"taxonomy":"category","embeddable":true,"href":"https:\/\/blogs.hoy.es\/extremadurasecreta\/wp-json\/wp\/v2\/categories?post=747"},{"taxonomy":"post_tag","embeddable":true,"href":"https:\/\/blogs.hoy.es\/extremadurasecreta\/wp-json\/wp\/v2\/tags?post=747"}],"curies":[{"name":"wp","href":"https:\/\/api.w.org\/{rel}","templated":true}]}}