{"id":768,"date":"2013-07-10T02:34:07","date_gmt":"2013-07-10T00:34:07","guid":{"rendered":"http:\/\/blogs.hoy.es\/extremadurasecreta\/?p=768"},"modified":"2022-10-16T20:37:07","modified_gmt":"2022-10-16T18:37:07","slug":"el-duende-jampon-cuando-tiembla-la-despensa","status":"publish","type":"post","link":"https:\/\/blogs.hoy.es\/extremadurasecreta\/2013\/07\/10\/el-duende-jampon-cuando-tiembla-la-despensa\/","title":{"rendered":"El Duende Jamp\u00f3n y el Zamparr\u00f3n: cuando tiembla la despensa"},"content":{"rendered":"<p style=\"text-align: justify;\"><span style=\"font-size: 10pt;\">Si en <strong>Extremadura<\/strong> tenemos duendes ruidosos, tambi\u00e9n hay otros que no lo son. Tienen los pies enormes, como los <a title=\"Los ruidosos duendes extreme\u00f1os\" href=\"https:\/\/blogs.hoy.es\/extremadurasecreta\/2012\/08\/24\/los-ruidosos-duendes-extremenos\/\">frailecillos,<\/a> y un apetito desmedido, como los trasgos, aunque, como casi todos los duendes, hace la vida \u00a0imposible a las sufridas amadas de casa extreme\u00f1as.<\/span><\/p>\n<p style=\"text-align: justify;\"><span style=\"font-size: 10pt;\">\u00a0<\/span><span style=\"font-size: 10pt;\">\u00a0Es el <strong><a title=\"Los ruidosos duendes extreme\u00f1os\" href=\"https:\/\/blogs.hoy.es\/extremadurasecreta\/2012\/08\/24\/los-ruidosos-duendes-extremenos\/\">Duende Jamp\u00f3n<\/a><\/strong>, que seg\u00fan recoge el investigador <strong><a title=\"La figura juglaresca de t\u00edo Goyo, un arquet\u00edpico hurdano \" href=\"http:\/\/www.funjdiaz.net\/folklore\/07ficha.cfm?id=2222\" rel=\"external nofollow\">F\u00e9lix Barroso<\/a> <\/strong>es tan peque\u00f1o que no levanta dos palmos del suelo, aunque su escaso tama\u00f1o no es \u00f3bice para que su apetito sea descomunal y continuo, sobre todo durante la noche.<\/span><\/p>\n<p style=\"text-align: justify;\"><span style=\"font-size: 10pt;\">\u00a0<\/span><span style=\"font-size: 10pt;\">Tiene unos pies enormes, m\u00e1s grandes que el cuerpo, por\u00a0 lo que duerme de pie, durante el d\u00eda, esperando a que el sol se oculte para saciar su hambre voraz.<\/span><\/p>\n<p style=\"text-align: justify;\"><span style=\"font-size: 10pt;\">\u00a0<\/span><span style=\"font-size: 10pt;\">De hecho, y seg\u00fan afirmaba el <strong>T\u00edo Goyo<\/strong>, vecino de <strong>Nu\u00f1omoral,<\/strong> que el <strong>Duende Jamp\u00f3n <\/strong>ten\u00eda que comer al d\u00eda siete arrobas de comida, aunque \u00e9l no pesaba ni media arroba.<\/span><\/p>\n<div id=\"attachment_770\" style=\"width: 797px\" class=\"wp-caption aligncenter\"><a href=\"\/extremadurasecreta\/wp-content\/uploads\/sites\/16\/2013\/07\/1-136_1934x1173.jpg\"><img aria-describedby=\"caption-attachment-770\" loading=\"lazy\" class=\" wp-image-770\" title=\"1 136_1934x1173\" src=\"\/extremadurasecreta\/wp-content\/uploads\/sites\/16\/2013\/07\/1-136_1934x1173.jpg\" alt=\"\" width=\"787\" height=\"477\" srcset=\"https:\/\/static-blogs.hoy.es\/wp-content\/uploads\/sites\/16\/2013\/07\/1-136_1934x1173.jpg 1934w, https:\/\/static-blogs.hoy.es\/wp-content\/uploads\/sites\/16\/2013\/07\/1-136_1934x1173-300x182.jpg 300w, https:\/\/static-blogs.hoy.es\/wp-content\/uploads\/sites\/16\/2013\/07\/1-136_1934x1173-768x466.jpg 768w, https:\/\/static-blogs.hoy.es\/wp-content\/uploads\/sites\/16\/2013\/07\/1-136_1934x1173-1024x621.jpg 1024w\" sizes=\"(max-width: 787px) 100vw, 787px\" \/><\/a><p id=\"caption-attachment-770\" class=\"wp-caption-text\"><\/span> <span style=\"font-size: 8pt;\">Al Duende Jamp\u00f3n le gustan las cocinas extreme\u00f1as (A. Briz para Extremadura Secreta)<\/span><\/p><\/div>\n<p style=\"text-align: justify;\"><span style=\"font-size: 10pt;\">\u00a0<\/span><span style=\"font-size: 10pt;\">Si en una casa aparecen las patatas o el tocino ro\u00eddos o mordisqueados no cabe duda de que el <strong>Duende Jamp\u00f3n<\/strong> anda, como adolescente deportista, trasteando por la cocina. Y tanta hambre gasta que no le hace ascos ni al pienso del ganado.<\/span><\/p>\n<p style=\"text-align: justify;\"><span style=\"font-size: 10pt;\">\u00a0<\/span><span style=\"font-size: 10pt;\">Y por eso, antes se dec\u00eda en los pueblos:\u00a0<\/span><span style=\"font-size: 10pt;\">\u00a0\u00a0\u00a0\u00a0 <em>Eres como el Duende Jamp\u00f3n, que\u00a0<\/em><\/span><em style=\"font-size: 10pt;\">lo mismo te da el tocino que el jam\u00f3n.<\/em><\/p>\n<p style=\"text-align: justify;\"><span style=\"font-size: 10pt;\"><em>\u00a0<\/em><\/span><span style=\"font-size: 10pt;\">Echarlo de casa es dif\u00edcil (como a los adolescentes, sean deportistas o no), pero s\u00ed que existe un m\u00e9todo que ya conocemos para asegurarnos de que es el Duende, y no las ratas, quien acaba con nuestra despensa.<\/span><\/p>\n<p style=\"text-align: justify;\"><span style=\"font-size: 10pt;\">\u00a0<\/span><span style=\"font-size: 10pt;\">\u00bfRecuerdan al <strong><a title=\"El Duende Mam\u00f3n\" href=\"https:\/\/blogs.hoy.es\/extremadurasecreta\/2013\/05\/27\/el-duende-mamon\/\">Duende Mam\u00f3n<\/a><\/strong>? \u00bfY a las <strong><a title=\"Las culebras que mamaban de las mujeres\" href=\"https:\/\/blogs.hoy.es\/extremadurasecreta\/2013\/01\/15\/las-culebras-que-mamaban-de-las-mujeres\/\">culebras mamadoras<\/a><\/strong>? Pues el m\u00e9todo es el mismo: llenar el suelo de ceniza y esperar a la ma\u00f1ana siguiente. Si el culpable es el Duende se ver\u00e1n sus enormes pisadas en el suelo de la cocina.<\/span><\/p>\n<p style=\"text-align: justify;\"><span style=\"font-size: 10pt;\">\u00a0<\/span><\/p>\n<div id=\"attachment_771\" style=\"width: 656px\" class=\"wp-caption aligncenter\"><a href=\"\/extremadurasecreta\/wp-content\/uploads\/sites\/16\/2013\/07\/1-147_1288x1936.jpg\"><img aria-describedby=\"caption-attachment-771\" loading=\"lazy\" class=\" wp-image-771\" title=\"1 147_1288x1936\" src=\"\/extremadurasecreta\/wp-content\/uploads\/sites\/16\/2013\/07\/1-147_1288x1936.jpg\" alt=\"\" width=\"646\" height=\"971\" srcset=\"https:\/\/static-blogs.hoy.es\/wp-content\/uploads\/sites\/16\/2013\/07\/1-147_1288x1936.jpg 1288w, https:\/\/static-blogs.hoy.es\/wp-content\/uploads\/sites\/16\/2013\/07\/1-147_1288x1936-200x300.jpg 200w, https:\/\/static-blogs.hoy.es\/wp-content\/uploads\/sites\/16\/2013\/07\/1-147_1288x1936-768x1154.jpg 768w, https:\/\/static-blogs.hoy.es\/wp-content\/uploads\/sites\/16\/2013\/07\/1-147_1288x1936-681x1024.jpg 681w\" sizes=\"(max-width: 646px) 100vw, 646px\" \/><\/a><p id=\"caption-attachment-771\" class=\"wp-caption-text\"><\/span> <span style=\"font-size: 8pt;\">Algunas casas hurdanas estaban &#8220;enduendadas&#8221; (A. Briz para Extremadura Secreta)<\/span><\/p><\/div>\n<p style=\"text-align: justify;\"><span style=\"font-size: 10pt;\">Otro que tal traga es el desagradable <strong>Zamparr\u00f3n<\/strong>, con cara de ogro y voz gutural, y de una voracidad insaciables. Afirma <a title=\"Mitos y Leyendas de Tradici\u00f3n oral en la Alta Extremadura\" href=\"http:\/\/books.google.es\/books\/about\/Mitos_y_Leyendas_de_Tradici%C3%B3n_Oral_en_l.html?hl=es&amp;id=06eBAAAAMAAJ\" rel=\"external nofollow\">Flores del Manzano<\/a> que est\u00e1 hecho de una materia el\u00e1stica, porque su cuerpo tiene la capacidad de encogerse y estirarse para poder introducirse en las viviendas\u00a0 por los agujeros y por ventanucos. <\/span><\/p>\n<p style=\"text-align: justify;\"><span style=\"font-size: 10pt;\">Su est\u00f3mago nunca se llena, porque cuanto m\u00e1s comida se mete, m\u00e1s se estira. Vive en la intemperie, pero cuando le entra el hambre se cuela en las casas para zamparse todo lo que se encuentre, especialmente a las personas, y concretamente, a los tiernos, tiernos ni\u00f1os&#8230; aunque realmente no los mastica, sino que los succiona hacia lo m\u00e1s hondode su est\u00f3mago sin fondo.<\/span><\/p>\n<p style=\"text-align: justify;\"><span style=\"font-size: 10pt;\">Al igal que el <strong>Duende Jamp\u00f3n<\/strong>, acostumbra a esconderse en las despensas, esta vez del <strong>Valle del Jerte<\/strong>, donde espera agazapado a que suban los ni\u00f1os a buscar su merienda.<\/span><\/p>\n<p style=\"text-align: justify;\"><span style=\"font-size: 10pt;\">Por cierto, que para todos aquellos que me preguntan s\u00ed realmente creo en estos seres que pululan por las p\u00e1ginas de <strong><em><a title=\"Extremadura ya no es tan secreta\" href=\"https:\/\/blogs.hoy.es\/extremadurasecreta\/2013\/03\/27\/extremadura-ya-no-es-tan-secreta\/\">Extremadura Secreta<\/a><\/em><\/strong>, me remito (con un peque\u00f1o gui\u00f1o hacia nuestros lectores del <strong>Pa\u00eds Vasco<\/strong>), a una sentencia popular de aquellas m\u00e1gicas tierras que todav\u00eda se conserva y que se refiere a todos estos seres fant\u00e1sticos:<\/span><\/p>\n<p style=\"text-align: justify;\"><span style=\"font-size: 10pt;\">\u00a0<\/span><span style=\"font-size: 10pt;\"><em>\u201cNo hay que creer que existen, pero nunca hay que decir que no existen\u201d.<\/em><\/span><\/p>\n<p style=\"text-align: justify;\"><span style=\"font-size: 10pt;\">\u00a0<\/span><span style=\"font-size: 10pt;\">Pues eso. <\/span><\/p>\n<p style=\"text-align: justify;\"><span style=\"font-size: 10pt;\">Yo, por si acaso,\u00a0cerraba la alacena.<\/span><\/p>\n<p>&nbsp;<\/p>\n<p style=\"text-align: justify;\"><span style=\"font-size: medium;\">\u00a0<\/span><\/p>\n<!-- AddThis Advanced Settings generic via filter on the_content --><!-- AddThis Share Buttons generic via filter on the_content -->","protected":false},"excerpt":{"rendered":"<p>Si en Extremadura tenemos duendes ruidosos, tambi\u00e9n hay otros que no lo son. Tienen los pies enormes, como los frailecillos, y un apetito desmedido, como los trasgos, aunque, como casi todos los duendes, hace la vida \u00a0imposible a las sufridas amadas de casa extreme\u00f1as. \u00a0\u00a0Es el Duende Jamp\u00f3n, que seg\u00fan recoge el investigador F\u00e9lix Barroso [&hellip;]<!-- AddThis Advanced Settings generic via filter on get_the_excerpt --><!-- AddThis Share Buttons generic via filter on get_the_excerpt --><\/p>\n","protected":false},"author":20,"featured_media":769,"comment_status":"open","ping_status":"closed","sticky":false,"template":"","format":"standard","meta":[],"categories":[4,1406,9],"tags":[365,418,419,500,520,907,1236,1290],"_links":{"self":[{"href":"https:\/\/blogs.hoy.es\/extremadurasecreta\/wp-json\/wp\/v2\/posts\/768"}],"collection":[{"href":"https:\/\/blogs.hoy.es\/extremadurasecreta\/wp-json\/wp\/v2\/posts"}],"about":[{"href":"https:\/\/blogs.hoy.es\/extremadurasecreta\/wp-json\/wp\/v2\/types\/post"}],"author":[{"embeddable":true,"href":"https:\/\/blogs.hoy.es\/extremadurasecreta\/wp-json\/wp\/v2\/users\/20"}],"replies":[{"embeddable":true,"href":"https:\/\/blogs.hoy.es\/extremadurasecreta\/wp-json\/wp\/v2\/comments?post=768"}],"version-history":[{"count":3,"href":"https:\/\/blogs.hoy.es\/extremadurasecreta\/wp-json\/wp\/v2\/posts\/768\/revisions"}],"predecessor-version":[{"id":2460,"href":"https:\/\/blogs.hoy.es\/extremadurasecreta\/wp-json\/wp\/v2\/posts\/768\/revisions\/2460"}],"wp:featuredmedia":[{"embeddable":true,"href":"https:\/\/blogs.hoy.es\/extremadurasecreta\/wp-json\/wp\/v2\/media\/769"}],"wp:attachment":[{"href":"https:\/\/blogs.hoy.es\/extremadurasecreta\/wp-json\/wp\/v2\/media?parent=768"}],"wp:term":[{"taxonomy":"category","embeddable":true,"href":"https:\/\/blogs.hoy.es\/extremadurasecreta\/wp-json\/wp\/v2\/categories?post=768"},{"taxonomy":"post_tag","embeddable":true,"href":"https:\/\/blogs.hoy.es\/extremadurasecreta\/wp-json\/wp\/v2\/tags?post=768"}],"curies":[{"name":"wp","href":"https:\/\/api.w.org\/{rel}","templated":true}]}}