{"id":781,"date":"2013-08-07T21:12:44","date_gmt":"2013-08-07T19:12:44","guid":{"rendered":"http:\/\/blogs.hoy.es\/extremadurasecreta\/?p=781"},"modified":"2018-11-14T09:51:24","modified_gmt":"2018-11-14T07:51:24","slug":"las-animas-benditas-de-extremadura","status":"publish","type":"post","link":"https:\/\/blogs.hoy.es\/extremadurasecreta\/2013\/08\/07\/las-animas-benditas-de-extremadura\/","title":{"rendered":"Las \u00c1nimas Benditas de Extremadura"},"content":{"rendered":"<p>&nbsp;<\/p>\n<p style=\"text-align: justify;\">\u00c1nimas hay en Extremadura desde que viv\u00edamos en la<a title=\"Los misterios de la cueva de Maltravieso\" href=\"http:\/\/www.camaracaceres.es\/actividades\/publicaciones\/libros\/completos\/61\/contenidos\/callejo.htm\" rel=\"external nofollow\"> <strong>cueva de Maltravieso<\/strong><\/a>, pero benditas, lo que se dice benditas, no las tuvimos hasta que lleg\u00f3 el cristianismo a esta tierra de encinas.<\/p>\n<p style=\"text-align: justify;\">Y nos aficionamos a ellas. Tanto, que hasta dieron nombre a nuestros pueblos,\u00a0 como <strong><a title=\"Huerta de \u00c1nimas\" href=\"http:\/\/www.huertas-de-animas.es\/\" rel=\"external nofollow\">Huerta de \u00c1nimas<\/a><\/strong>, provenientes de las <strong>Cofrad\u00edas de \u00c1nimas<\/strong> que existieron por toda nuestra geograf\u00eda y que a\u00fan persisten, en menor n\u00famero, en algunas de nuestras villas.<\/p>\n<p style=\"text-align: justify;\">En otros lugares no llegan a dar nombre al pueblo, pero tienen sus propias coplas, como sucede con <strong>Barcarrota<\/strong>. El <a title=\"Diccionario geogr\u00e1fico popular de Extremadura\" href=\"http:\/\/www.paseovirtual.net\/diccionariopopular\/pueblo3.htm\" rel=\"external nofollow\">Diccionario geogr\u00e1fico popular de Extremadura<\/a> afirma que la creencia \u00a0en las \u00e1nimas del purgatorio es tal, que hace muchos a\u00f1os se origin\u00f3 un disturbio por creer los vecinos que la sombra de un poste de tel\u00e9fono era un \u00e1nima en pena. Aunque claro est\u00e1, no falta quien, ampar\u00e1ndose en la creencia generalizada, se coloca una s\u00e1bana encima y roba bellotas para llenar un carro. Y el pueblo extreme\u00f1o, antes guas\u00f3n que miedoso, le hizo la copla:<\/p>\n<p style=\"text-align: justify;\"><em>\u00a0<\/em><\/p>\n<p style=\"text-align: justify;\"><em>\u201cLas \u00e1nimas benditas<\/em><\/p>\n<p style=\"text-align: justify;\">de Barcarrota<\/p>\n<p style=\"text-align: justify;\"><em>como son pobrecitas<\/em><\/p>\n<p style=\"text-align: justify;\"><em>comen bellotas<\/em>\u201d.<\/p>\n<p style=\"text-align: justify;\">Suceso que, sin duda, ayuda a acrecentar la fama de pobretones de los fantasmas de este pueblo:<\/p>\n<p style=\"text-align: justify;\"><em>\u201cla \u00e1nimas benditas<\/em><\/p>\n<p style=\"text-align: justify;\">de Barcarrota<\/p>\n<p style=\"text-align: justify;\"><em>como son pobrecitas<\/em><\/p>\n<p style=\"text-align: justify;\"><em>siempre est\u00e1n rotas<\/em>\u201d.<\/p>\n<div id=\"attachment_783\" style=\"width: 1034px\" class=\"wp-caption aligncenter\"><img aria-describedby=\"caption-attachment-783\" loading=\"lazy\" class=\"size-large wp-image-783\" src=\"https:\/\/static-blogs.hoy.es\/wp-content\/uploads\/sites\/16\/2013\/08\/Juicio-Final-Zafra-1024x635.jpg\" alt=\"\u00c1nimas del Purgatorio en una iglesia de Zafra (Israel J. Espino)\" width=\"1024\" height=\"635\" srcset=\"https:\/\/static-blogs.hoy.es\/wp-content\/uploads\/sites\/16\/2013\/08\/Juicio-Final-Zafra-1024x635.jpg 1024w, https:\/\/static-blogs.hoy.es\/wp-content\/uploads\/sites\/16\/2013\/08\/Juicio-Final-Zafra-300x186.jpg 300w, https:\/\/static-blogs.hoy.es\/wp-content\/uploads\/sites\/16\/2013\/08\/Juicio-Final-Zafra-768x476.jpg 768w\" sizes=\"(max-width: 1024px) 100vw, 1024px\" \/><p id=\"caption-attachment-783\" class=\"wp-caption-text\">\u00c1nimas del Purgatorio en una iglesia de Zafra (Israel J. Espino)<\/p><\/div>\n<p style=\"text-align: justify;\">En otros pueblos estas almas en pena \u00a0tienen su propia fiesta, como el <a title=\"Carnaval de \u00c1nimas. Villar del Pedroso\" href=\"http:\/\/villardelpedroso.com\/carnavales\/introduccion.htm\" rel=\"external nofollow\"><strong>Carnaval de \u00c1nimas <\/strong>de <strong>Villar del Pedroso<\/strong>. <\/a>Cuenta la leyenda que, ante la superioridad del enemigo en la batalla, un general hijo del pueblo se encomend\u00f3 a las \u00c1nimas benditas y prometi\u00f3 celebrar una funci\u00f3n anual en su honor si consegu\u00eda vencer en la batalla. Gan\u00f3. Y desde entonces, se celebra el &#8220;Carnaval de \u00c1nimas&#8221;, mitad religioso, mitad militar, y cuyos or\u00edgenes se remontan a la Edad Media.<\/p>\n<p style=\"text-align: justify;\">Pero no todos comulgaban en Extremadura con la idea de que las almas se encontraban en el purgatorio. Rescata <strong><a title=\"Extremadura, Tierra de Brujas\" href=\"https:\/\/blogs.hoy.es\/extremadurasecreta\/2013\/07\/23\/extremadura-tierra-de-brujas\/\">Ferm\u00edn Mayorga<\/a><\/strong> a <strong>Isabel Gonzalez, \u201cLa Titila\u201d,<\/strong> una viuda de <strong>Fregenal de la Sierra<\/strong>, que fue denunciada a la<strong> Santa Inquisici\u00f3n <\/strong>porque afirmaba que no hab\u00eda purgatorio, y que las \u00e1nimas \u201candaban entre nosotros\u201d. Y lo afirmaba tajantemente porque habiendo muerto un cl\u00e9rigo, se le apareci\u00f3 ya difunto, dici\u00e9ndole a La Titila:<\/p>\n<p style=\"text-align: justify;\">&#8211;\u00a0\u00a0\u00a0\u00a0\u00a0\u00a0 <em>\u00a1Bien me dec\u00edas , Titila, que no hab\u00eda purgatorio\u2026!<\/em><\/p>\n<p style=\"text-align: justify;\">La Titila no se asust\u00f3, porque al parecer llevaba rezando desde los siete a\u00f1os a las \u00e1nimas de los difuntos para que se le apareciesen. Y vaya si se le aparec\u00edan. Unos entre hogueras y otros por las calles purgando por sus pecados. No sabemos d\u00f3nde acabar\u00eda La Titila, que top\u00f3 con la iglesia de bruces.<\/p>\n<div id=\"attachment_784\" style=\"width: 1034px\" class=\"wp-caption aligncenter\"><img aria-describedby=\"caption-attachment-784\" loading=\"lazy\" class=\"size-large wp-image-784\" src=\"https:\/\/static-blogs.hoy.es\/wp-content\/uploads\/sites\/16\/2013\/08\/Araceli-Azabal-Iglesias.-El-Asegur-Las-Hurdes-13-485-1024x681.jpg\" alt=\"Araceli Azabal Iglesias, de Asegur\" width=\"1024\" height=\"681\" srcset=\"https:\/\/static-blogs.hoy.es\/wp-content\/uploads\/sites\/16\/2013\/08\/Araceli-Azabal-Iglesias.-El-Asegur-Las-Hurdes-13-485-1024x681.jpg 1024w, https:\/\/static-blogs.hoy.es\/wp-content\/uploads\/sites\/16\/2013\/08\/Araceli-Azabal-Iglesias.-El-Asegur-Las-Hurdes-13-485-300x200.jpg 300w, https:\/\/static-blogs.hoy.es\/wp-content\/uploads\/sites\/16\/2013\/08\/Araceli-Azabal-Iglesias.-El-Asegur-Las-Hurdes-13-485-768x511.jpg 768w, https:\/\/static-blogs.hoy.es\/wp-content\/uploads\/sites\/16\/2013\/08\/Araceli-Azabal-Iglesias.-El-Asegur-Las-Hurdes-13-485.jpg 1936w\" sizes=\"(max-width: 1024px) 100vw, 1024px\" \/><p id=\"caption-attachment-784\" class=\"wp-caption-text\">Araceli Azabal Iglesias, de Asegur<\/p><\/div>\n<p style=\"text-align: justify;\">Pero a pesar de todo la creencia de que las \u00e1nimas benditas siguen entre nosotros se conserva, al menos en algunos lugares como<strong> Las Hurdes<\/strong>. <strong>Araceli Azabal Iglesias<\/strong>, vecina de la alquer\u00eda\u00a0 de<strong> Asegur<\/strong>, me contaba hace unos d\u00edas en su patio, cuajado de parras y orillado al r\u00edo, que las \u00e1nimas benditas<\/p>\n<p style=\"text-align: justify;\">\u201c\u2026 <em>vienen del otro mundo para darte cuenta de algo que hayas hecho mal. Si est\u00e1n en la pena viene el esp\u00edritu a verte. Por eso hay que ponerle velas, como hago yo con mi marido. Y dicen que en la habitaci\u00f3n donde le pongas la vela\u00a0 no puedes entrar, porque las \u00e1nimas est\u00e1n all\u00ed, al lado de la luz, vigilantas\u2026\u201d.<\/em><\/p>\n<p style=\"text-align: justify;\">Otro d\u00eda, porque hay para mucho, hablaremos de la <strong>Esquila de \u00c1nimas<\/strong>, de \u00e1nimas no tan benditas, del <strong>\u00c1nima Sola<\/strong> y del <strong>Cortejo de Muerte<\/strong>. Pero eso ser\u00e1 otro d\u00eda. Otro d\u00eda m\u00e1s fr\u00edo, m\u00e1s lluvioso y m\u00e1s oscuro. Prometido.<\/p>\n<p style=\"text-align: justify;\">\n<!-- AddThis Advanced Settings generic via filter on the_content --><!-- AddThis Share Buttons generic via filter on the_content -->","protected":false},"excerpt":{"rendered":"<p>&nbsp; \u00c1nimas hay en Extremadura desde que viv\u00edamos en la cueva de Maltravieso, pero benditas, lo que se dice benditas, no las tuvimos hasta que lleg\u00f3 el cristianismo a esta tierra de encinas. Y nos aficionamos a ellas. Tanto, que hasta dieron nombre a nuestros pueblos,\u00a0 como Huerta de \u00c1nimas, provenientes de las Cofrad\u00edas de [&hellip;]<!-- AddThis Advanced Settings generic via filter on get_the_excerpt --><!-- AddThis Share Buttons generic via filter on get_the_excerpt --><\/p>\n","protected":false},"author":20,"featured_media":1194,"comment_status":"open","ping_status":"closed","sticky":false,"template":"","format":"standard","meta":[],"categories":[4,7,9],"tags":[76,77,103,124,217,314,503,623,729,751,1084,1272],"_links":{"self":[{"href":"https:\/\/blogs.hoy.es\/extremadurasecreta\/wp-json\/wp\/v2\/posts\/781"}],"collection":[{"href":"https:\/\/blogs.hoy.es\/extremadurasecreta\/wp-json\/wp\/v2\/posts"}],"about":[{"href":"https:\/\/blogs.hoy.es\/extremadurasecreta\/wp-json\/wp\/v2\/types\/post"}],"author":[{"embeddable":true,"href":"https:\/\/blogs.hoy.es\/extremadurasecreta\/wp-json\/wp\/v2\/users\/20"}],"replies":[{"embeddable":true,"href":"https:\/\/blogs.hoy.es\/extremadurasecreta\/wp-json\/wp\/v2\/comments?post=781"}],"version-history":[{"count":2,"href":"https:\/\/blogs.hoy.es\/extremadurasecreta\/wp-json\/wp\/v2\/posts\/781\/revisions"}],"predecessor-version":[{"id":1709,"href":"https:\/\/blogs.hoy.es\/extremadurasecreta\/wp-json\/wp\/v2\/posts\/781\/revisions\/1709"}],"wp:featuredmedia":[{"embeddable":true,"href":"https:\/\/blogs.hoy.es\/extremadurasecreta\/wp-json\/wp\/v2\/media\/1194"}],"wp:attachment":[{"href":"https:\/\/blogs.hoy.es\/extremadurasecreta\/wp-json\/wp\/v2\/media?parent=781"}],"wp:term":[{"taxonomy":"category","embeddable":true,"href":"https:\/\/blogs.hoy.es\/extremadurasecreta\/wp-json\/wp\/v2\/categories?post=781"},{"taxonomy":"post_tag","embeddable":true,"href":"https:\/\/blogs.hoy.es\/extremadurasecreta\/wp-json\/wp\/v2\/tags?post=781"}],"curies":[{"name":"wp","href":"https:\/\/api.w.org\/{rel}","templated":true}]}}