{"id":808,"date":"2013-10-04T00:58:17","date_gmt":"2013-10-03T22:58:17","guid":{"rendered":"http:\/\/blogs.hoy.es\/extremadurasecreta\/?p=808"},"modified":"2022-10-16T19:44:16","modified_gmt":"2022-10-16T17:44:16","slug":"monstruos-castuos-el-drago","status":"publish","type":"post","link":"https:\/\/blogs.hoy.es\/extremadurasecreta\/2013\/10\/04\/monstruos-castuos-el-drago\/","title":{"rendered":"Monstruos cast\u00faos: El Drago"},"content":{"rendered":"<p style=\"text-align: justify;\"><span style=\"font-size: 10pt;\">\u00a0<\/span><span style=\"font-size: 10pt;\">Hace muchos, muchos a\u00f1os, un terror\u00edfico monstruo atemorizaba la Alta Extremadura. Su insaciable apetito y su extra\u00f1o aspecto hizo que <strong>\u00a0<a title=\"Supersticiones extreme\u00f1as\" href=\"http:\/\/www.paseovirtual.net\/revistas\/extremadura1.htm\" rel=\"external nofollow\">Publio Hurtado<\/a><\/strong> nos hablara de \u00e9l en 1902. Era <strong>El Drago<\/strong>, un ser monstruoso que habitaba en mitad del camino que conduce desde<strong> <a title=\"Extremeni\u00f1os: C\u00f3mo ser est\u00e9ril y no morir en el intento\" href=\"https:\/\/blogs.hoy.es\/extremadurasecreta\/2012\/05\/31\/extremeninos-como-ser-esteril-y-no-morir-en-el-intento\/\">Pozuelo de Zarz\u00f3n<\/a><\/strong> a <strong>Santa Cruz de Paniagua<\/strong>. \u201c<em>A unos doscientos metros a la izquierda de la v\u00eda y en el cerro de la Bardera<\/em> \u2013afirma Hurtado- <em>hay un enorme pe\u00f1asco de forma c\u00f3nica, con un ap\u00e9ndice que parece el trozo de un puente de un solo ojo, que mide tres metros de alto por dos de ancho y de cuya clave pend\u00eda una enorme argolla de hierro. Subiendo un poco por las sinuosidades de la pe\u00f1a se ve una caverna medio oculta en las angulosidades de la pizarra, denominada <strong>El Horno del Drago<\/strong>\u201d.<\/em><\/span><\/p>\n<p style=\"text-align: justify;\"><span style=\"font-size: 10pt;\">Este Drago era un gigante monstruoso, con cabeza y brazos de hombre y el resto del cuerpo de basilisco. Cuando ten\u00eda hambre daba unos bramidos tan fuertes que se o\u00edan en dos leguas a la redonda y atemorizaba a los habitantes de la comarca, quienes, para aplacarlo, le llevaban una vaca o varios carneros que el monstruo mataba y colgaba de la argolla. Despu\u00e9s se los com\u00eda crudos y como no le duraban m\u00e1s que un d\u00eda las ofrendas ten\u00edan que ser diarias.<\/span><\/p>\n<p style=\"text-align: justify;\"><span style=\"font-size: 10pt;\"> Pero si sorprendentes son la magnitud del monstruo y sus pantagru\u00e9lica \u00a0dieta, m\u00e1s prodigioso a\u00fan resulta su origen, ya que seg\u00fan recoge el historiador<strong> <a title=\"Despoblados extreme\u00f1os: Mitos y Leyendas\" href=\"http:\/\/www.funjdiaz.net\/folklore\/07ficha.php?id=2575\" rel=\"external nofollow\">Dom\u00ednguez Moreno<\/a>\u00a0<\/strong>fue engendrado mediante la c\u00f3pula de la cueva denominada <strong>Horno del Drago<\/strong> y la<strong> Pe\u00f1a Picuda<\/strong>, una roca de connotaciones f\u00e1licas que se halla en sus proximidades.<\/span><\/p>\n<div id=\"attachment_812\" style=\"width: 790px\" class=\"wp-caption aligncenter\"><a href=\"\/extremadurasecreta\/wp-content\/uploads\/sites\/16\/2013\/10\/278784-santa-cruz-de-paniagua-la-cueva-del-drago.jpg\"><img aria-describedby=\"caption-attachment-812\" loading=\"lazy\" class=\" wp-image-812\" title=\"278784-santa-cruz-de-paniagua-la-cueva-del-drago\" src=\"\/extremadurasecreta\/wp-content\/uploads\/sites\/16\/2013\/10\/278784-santa-cruz-de-paniagua-la-cueva-del-drago.jpg\" alt=\"\" width=\"780\" height=\"585\" srcset=\"https:\/\/static-blogs.hoy.es\/wp-content\/uploads\/sites\/16\/2013\/10\/278784-santa-cruz-de-paniagua-la-cueva-del-drago.jpg 640w, https:\/\/static-blogs.hoy.es\/wp-content\/uploads\/sites\/16\/2013\/10\/278784-santa-cruz-de-paniagua-la-cueva-del-drago-300x225.jpg 300w\" sizes=\"(max-width: 780px) 100vw, 780px\" \/><\/a><p id=\"caption-attachment-812\" class=\"wp-caption-text\"><\/span> <span style=\"font-size: 8pt;\">La guarida del Drago (Sixto Rivas)<\/span><\/p><\/div>\n<p style=\"text-align: justify;\"><span style=\"font-size: 10pt;\">La <strong>Pe\u00f1a del Drago<\/strong>, seg\u00fan nos cuenta <strong><a title=\"Foro Pueblos de Espa\u00f1a\" href=\"http:\/\/www.pueblos-espana.org\/extremadura\/caceres\/bronco\/foro-tema\/167899\/\" rel=\"external nofollow\">Sixto Rivas<\/a><\/strong>, de la pedan\u00eda de <strong>El Bronco<\/strong>, en realidad se trata de dos pe\u00f1ascos ubicado en los m\u00e1s altos del cerro. En uno de ellos se encuentra la cueva o guarida, que concuerda totalmente con lo afirmado por Publio, pero donde ya ha desaparecido la enigm\u00e1tica argolla.<\/span><\/p>\n<p style=\"text-align: justify;\"><span style=\"font-size: 10pt;\">En la otra colindante se halla lo m\u00e1s llamativo del lugar, el &#8220;horno&#8221;, un curioso hueco en el interior de la roca, formado por capricho de la naturaleza, con semejanza a los hornos tradicionales. Su peque\u00f1a boca semejante a un trapecio, est\u00e1 a unos dos metros y medio del suelo y sus dimensiones interiores son de unos tres metros de largo por dos de anchura y casi un metro de altura, que presenta signos evidentes de haber sido utilizado.<\/span><\/p>\n<p style=\"text-align: justify;\"><span style=\"font-size: 10pt;\">De hecho, la cueva o guarida del mitol\u00f3gico &#8220;drago&#8221;, sirvi\u00f3 de refugio en distintas \u00e9pocas a bandoleros y malhechores, debido a que por su posici\u00f3n estrat\u00e9gica se domina todo el entorno, ofreci\u00e9ndoles por ello aparente seguridad.<\/span><\/p>\n<div id=\"attachment_813\" style=\"width: 826px\" class=\"wp-caption aligncenter\"><a href=\"\/extremadurasecreta\/wp-content\/uploads\/sites\/16\/2013\/10\/AA-120.jpg\"><img aria-describedby=\"caption-attachment-813\" loading=\"lazy\" class=\" wp-image-813\" title=\"AA (120)\" src=\"\/extremadurasecreta\/wp-content\/uploads\/sites\/16\/2013\/10\/AA-120.jpg\" alt=\"\" width=\"816\" height=\"506\" srcset=\"https:\/\/static-blogs.hoy.es\/wp-content\/uploads\/sites\/16\/2013\/10\/AA-120.jpg 1600w, https:\/\/static-blogs.hoy.es\/wp-content\/uploads\/sites\/16\/2013\/10\/AA-120-300x186.jpg 300w, https:\/\/static-blogs.hoy.es\/wp-content\/uploads\/sites\/16\/2013\/10\/AA-120-768x476.jpg 768w, https:\/\/static-blogs.hoy.es\/wp-content\/uploads\/sites\/16\/2013\/10\/AA-120-1024x635.jpg 1024w\" sizes=\"(max-width: 816px) 100vw, 816px\" \/><\/a><p id=\"caption-attachment-813\" class=\"wp-caption-text\"><\/span> <span style=\"font-size: 8pt;\">&#8230; y cuando ya no le quedaban reses por comer, se zamp\u00f3 a los extreme\u00f1os. (Jimber para Extremadura Secreta)<\/span><\/p><\/div>\n<p style=\"text-align: justify;\"><span style=\"font-size: 10pt;\">Y una vez localizada y explorada su guarida volvamos al Drago y a su discutido final. Seg\u00fan <strong>Publio Hurtado<\/strong>, su enorme voracidad termina con la ganader\u00eda de la comarca, y no quedando reses por engullir, acomete y se come a los habitantes de la <strong>Alta Extremadura<\/strong>. Cuando da fin con ellos, baja a la <strong>provincia de Badajoz<\/strong> y hace lo mismo. Luego despuebla<strong> Andaluc\u00eda<\/strong> y por \u00faltimo, siempre buscando alimento, pasa a <strong>\u00c1frica<\/strong>, de donde no volvi\u00f3 jam\u00e1s.<\/span><\/p>\n<p style=\"text-align: justify;\"><span style=\"font-size: 10pt;\">Sin embargo, otras versiones recogidas por el antrop\u00f3logo <strong>Flores del Manzano<\/strong> con posterioridad indican que el insaciable Drago, despu\u00e9s de pasar un tiempo desolando las tierras africanas, regres\u00f3 a estos lares extreme\u00f1os, donde muri\u00f3 de inanici\u00f3n al no poderse llevar ya casi nada a la boca. Y apuntan que eran tales sus dimensiones que de sus huesos se hicieron las vigas de prensar de todos los lagares aceiteros de la comarca.<\/span><\/p>\n<p style=\"text-align: justify;\"><span style=\"font-size: 10pt;\">Otra versi\u00f3n de trasmisi\u00f3n oral acerca de la naturaleza de El Drago, recogida por Sixto, menos fant\u00e1stica y m\u00e1s prosaica, se\u00f1ala que el monstruo en realidad era una persona que en la antig\u00fcedad hab\u00eda enloquecido, tomando una actitud agresiva, por lo cual sus familiares lo ten\u00edan confinado en la referida cueva, amarrado con una cadena a la referida argolla, desde donde emit\u00eda gritos aterradores. \u00c9stos le llevaban comida y fueron los que extendieron la leyenda de la existencia del &#8220;monstruo&#8221;, para ahuyentar y mantener alejado a vecinos o curiosos.<\/span><\/p>\n<p style=\"text-align: justify;\"><span style=\"font-size: 10pt;\">Personalmente me quedo con la primera versi\u00f3n, por mitol\u00f3gica y legendaria. Y porque en ella, al menos, s\u00f3lo aparece un monstruo.<\/span><\/p>\n<p>&nbsp;<\/p>\n<!-- AddThis Advanced Settings generic via filter on the_content --><!-- AddThis Share Buttons generic via filter on the_content -->","protected":false},"excerpt":{"rendered":"<p>\u00a0Hace muchos, muchos a\u00f1os, un terror\u00edfico monstruo atemorizaba la Alta Extremadura. Su insaciable apetito y su extra\u00f1o aspecto hizo que \u00a0Publio Hurtado nos hablara de \u00e9l en 1902. Era El Drago, un ser monstruoso que habitaba en mitad del camino que conduce desde Pozuelo de Zarz\u00f3n a Santa Cruz de Paniagua. \u201cA unos doscientos metros [&hellip;]<!-- AddThis Advanced Settings generic via filter on get_the_excerpt --><!-- AddThis Share Buttons generic via filter on get_the_excerpt --><\/p>\n","protected":false},"author":20,"featured_media":810,"comment_status":"open","ping_status":"closed","sticky":false,"template":"","format":"standard","meta":[],"categories":[2,4,9],"tags":[127,411,618,862,953,956,991,1082],"_links":{"self":[{"href":"https:\/\/blogs.hoy.es\/extremadurasecreta\/wp-json\/wp\/v2\/posts\/808"}],"collection":[{"href":"https:\/\/blogs.hoy.es\/extremadurasecreta\/wp-json\/wp\/v2\/posts"}],"about":[{"href":"https:\/\/blogs.hoy.es\/extremadurasecreta\/wp-json\/wp\/v2\/types\/post"}],"author":[{"embeddable":true,"href":"https:\/\/blogs.hoy.es\/extremadurasecreta\/wp-json\/wp\/v2\/users\/20"}],"replies":[{"embeddable":true,"href":"https:\/\/blogs.hoy.es\/extremadurasecreta\/wp-json\/wp\/v2\/comments?post=808"}],"version-history":[{"count":2,"href":"https:\/\/blogs.hoy.es\/extremadurasecreta\/wp-json\/wp\/v2\/posts\/808\/revisions"}],"predecessor-version":[{"id":2444,"href":"https:\/\/blogs.hoy.es\/extremadurasecreta\/wp-json\/wp\/v2\/posts\/808\/revisions\/2444"}],"wp:featuredmedia":[{"embeddable":true,"href":"https:\/\/blogs.hoy.es\/extremadurasecreta\/wp-json\/wp\/v2\/media\/810"}],"wp:attachment":[{"href":"https:\/\/blogs.hoy.es\/extremadurasecreta\/wp-json\/wp\/v2\/media?parent=808"}],"wp:term":[{"taxonomy":"category","embeddable":true,"href":"https:\/\/blogs.hoy.es\/extremadurasecreta\/wp-json\/wp\/v2\/categories?post=808"},{"taxonomy":"post_tag","embeddable":true,"href":"https:\/\/blogs.hoy.es\/extremadurasecreta\/wp-json\/wp\/v2\/tags?post=808"}],"curies":[{"name":"wp","href":"https:\/\/api.w.org\/{rel}","templated":true}]}}