{"id":824,"date":"2013-10-25T10:10:30","date_gmt":"2013-10-25T08:10:30","guid":{"rendered":"http:\/\/blogs.hoy.es\/extremadurasecreta\/?p=824"},"modified":"2022-10-16T20:52:32","modified_gmt":"2022-10-16T18:52:32","slug":"aranas-bailonas-y-perdonavidas-tarantelas-tarantuelas-y-tarantachuelas","status":"publish","type":"post","link":"https:\/\/blogs.hoy.es\/extremadurasecreta\/2013\/10\/25\/aranas-bailonas-y-perdonavidas-tarantelas-tarantuelas-y-tarantachuelas\/","title":{"rendered":"Ara\u00f1as bailonas y perdonavidas: tarantelas, tarantuelas y tarantachuelas"},"content":{"rendered":"<p><span style=\"font-size: 10pt;\">Hubo un tiempo, a finales del XVIII y principios del XIX, en el que los extreme\u00f1os sal\u00edan al campo con miedo. \u00a0Y dorm\u00edan con miedo. Porque exist\u00eda una terrible ara\u00f1a que, si te picaba, ya pod\u00edas despedirte de la vida, a no ser que bailases como loco.<\/span><\/p>\n<p><span style=\"font-size: 10pt;\">Una vez que hab\u00edan recibido el veneno de esta ara\u00f1a, llamaban a un m\u00fasico para que tocase una melod\u00eda determinada \u00a0con la vihuela, \u00a0para que se pusiera a tocar a un ritmo fren\u00e9tico. El \u00a0enfermo \u00a0se pon\u00eda a danzar\u00a0 como un poseso, sudando la &#8220;gota gorda&#8221; durante horas, hasta que ca\u00eda extenuado, y debido a estos movimientos y sudores, se cre\u00eda que expulsaba el veneno, con lo que se salvaba la salud y la vida.<\/span><\/p>\n<p><span style=\"font-size: 10pt;\">En otras partes de Extremadura se cambiaba\u00a0 la vihuela por la guitarra, m\u00e1s a mano, teniendo en cuenta, adem\u00e1s, que como afirma la antrop\u00f3loga <strong><a title=\"Naturaleza y salud en Extremadura\" href=\"http:\/\/books.google.es\/books?id=QewQAAAACAAJ&amp;dq=naturaleza+y+salud+en+extremadura&amp;hl=es&amp;sa=X&amp;ei=ThtqUqHXPIrM0AWIzIDgDA&amp;ved=0CDIQ6AEwAA\" rel=\"external nofollow\">Yolanda Guio Cerezo<\/a><\/strong>,\u00a0 \u201c la ara\u00f1a tiene inscrito en su propia panza el remedio m\u00e1s eficaz\u00a0 para la curaci\u00f3n de su venenosa picadura: la guitarra\u201d. \u00a0Se trata de<a title=\"En los parques es habitual la presencia de la ara\u00f1a violin\" href=\"http:\/\/www.hoy.es\/v\/20120809\/merida\/parques-habitual-presencia-arana-20120809.html\" rel=\"external nofollow\"> la <strong>\u201cara\u00f1a de viol\u00edn<\/strong>\u201d, de la que se sospecha que a\u00fan hoy sigue causando estragos en nuestros parques.<\/a><\/span><\/p>\n<p><span style=\"font-size: 10pt;\">Y si la m\u00fasica era importante, no lo era menos la letra, aunque el nombre del ar\u00e1cnido cambiase de una zona a otra. Nuestros abuelos cantaban aquellos de:<\/span><\/p>\n<p>&nbsp;<\/p>\n<div id=\"attachment_826\" style=\"width: 799px\" class=\"wp-caption aligncenter\"><a href=\"\/extremadurasecreta\/wp-content\/uploads\/sites\/16\/2013\/10\/AA-249.jpg\"><img aria-describedby=\"caption-attachment-826\" loading=\"lazy\" class=\" wp-image-826\" title=\"TARANTULA\" src=\"\/extremadurasecreta\/wp-content\/uploads\/sites\/16\/2013\/10\/AA-249.jpg\" alt=\"\" width=\"789\" height=\"756\" srcset=\"https:\/\/static-blogs.hoy.es\/wp-content\/uploads\/sites\/16\/2013\/10\/AA-249.jpg 741w, https:\/\/static-blogs.hoy.es\/wp-content\/uploads\/sites\/16\/2013\/10\/AA-249-300x287.jpg 300w\" sizes=\"(max-width: 789px) 100vw, 789px\" \/><\/a><p id=\"caption-attachment-826\" class=\"wp-caption-text\"><span style=\"font-size: 8pt;\">La tar\u00e1ntula extreme\u00f1a persona dos veces (Jimber)<\/span><\/p><\/div>\n<div class=\"mceTemp\"><\/div>\n<p><span style=\"font-size: 10pt;\"><em>\u201cSi acaso te pica\u00a0<\/em><\/span><strong style=\"font-size: 10pt;\"><em>la tarantela<\/em><\/strong><em style=\"font-size: 10pt;\">,<\/em><\/p>\n<p><span style=\"font-size: 10pt;\"><em>tendr\u00e1s que bailar\u00a0<\/em><\/span><span style=\"font-size: 10pt;\"><em>con una vihuela;<\/em><\/span><\/p>\n<p><span style=\"font-size: 10pt;\"><em>si la tarantela\u00a0<\/em><\/span><span style=\"font-size: 10pt;\"><em>te llega a picar,<\/em><\/span><\/p>\n<p><span style=\"font-size: 10pt;\"><em>con una vihuela\u00a0<\/em><\/span><span style=\"font-size: 10pt;\"><em>la ti\u00e9s que bailar\u201d.<\/em><\/span><\/p>\n<p><span style=\"font-size: 10pt;\">Y en <strong><a title=\"Blog de Rafael Moreno\" href=\"http:\/\/rafaelmorenotello.lacoctelera.net\/post\/2010\/11\/25\/la-tarantuela\" rel=\"external nofollow\">Guadalupe<\/a><\/strong> a\u00fan hay quien recuerda o\u00edr cantar a su madre:<\/span><\/p>\n<p><span style=\"font-size: 10pt;\"><em>&#8221; Si vas al campo, ll\u00e9vate la vihuela <\/em><\/span><\/p>\n<p><span style=\"font-size: 10pt;\"><em>por si te pica la <strong>tarantuela<\/strong>&#8220;. <\/em><\/span><\/p>\n<p><span style=\"font-size: 10pt;\">Y es que la ara\u00f1a, animal maldito, siempre ha provocado temor en los hombres. Es nocturna, es extra\u00f1a, pica y se oculta en los rincones m\u00e1s inaccesibles. Por eso tambi\u00e9n se cantaba:<\/span><\/p>\n<p><span style=\"font-size: 10pt;\"><em>\u00a0<\/em><\/span><\/p>\n<p><span style=\"font-size: 10pt;\"><em>\u00a0<\/em><\/span><\/p>\n<div id=\"attachment_827\" style=\"width: 824px\" class=\"wp-caption aligncenter\"><a href=\"\/extremadurasecreta\/wp-content\/uploads\/sites\/16\/2013\/10\/AA-442.jpg\"><img aria-describedby=\"caption-attachment-827\" loading=\"lazy\" class=\" wp-image-827\" title=\"AA (442)\" src=\"\/extremadurasecreta\/wp-content\/uploads\/sites\/16\/2013\/10\/AA-442.jpg\" alt=\"\" width=\"814\" height=\"745\" srcset=\"https:\/\/static-blogs.hoy.es\/wp-content\/uploads\/sites\/16\/2013\/10\/AA-442.jpg 1163w, https:\/\/static-blogs.hoy.es\/wp-content\/uploads\/sites\/16\/2013\/10\/AA-442-300x275.jpg 300w, https:\/\/static-blogs.hoy.es\/wp-content\/uploads\/sites\/16\/2013\/10\/AA-442-768x703.jpg 768w, https:\/\/static-blogs.hoy.es\/wp-content\/uploads\/sites\/16\/2013\/10\/AA-442-1024x938.jpg 1024w\" sizes=\"(max-width: 814px) 100vw, 814px\" \/><\/a><p id=\"caption-attachment-827\" class=\"wp-caption-text\"><span style=\"font-size: 8pt;\">La tarantuela, la tarantuela&#8230; (Jimber)<\/span><\/p><\/div>\n<p>&nbsp;<\/p>\n<p><span style=\"font-size: 10pt;\"><em>\u201cLa\u00a0<a title=\"Palabraria\" href=\" http:\/\/palabraria.blogspot.com.es\/2013\/08\/tarantela.html\">tarantuela<\/a><strong>,<\/strong> la tarantuela,<\/em><\/span><\/p>\n<p><span style=\"font-size: 10pt;\"><em>\u00a0<\/em><\/span><em style=\"font-size: 10pt;\">la tarantuela, la tarantuela<\/em><\/p>\n<p><span style=\"font-size: 10pt;\"><em>Se mete por todos los rincones\u00a0<\/em><\/span><\/p>\n<p><span style=\"font-size: 10pt;\"><em>Y al que pica le dan sensaciones\u201d.<\/em><\/span><\/p>\n<p>&nbsp;<\/p>\n<p><span style=\"font-size: 10pt;\">Y las sensaciones no deb\u00edan ser muy buenas, oiga, porque con este animal, en <strong>las Hurdes<\/strong>, a la tercera va la vencida. Pero de verdad. Porque a\u00fan\u00a0 a d\u00eda de hoy \u00a0est\u00e1 muy extendida la firme creencia de que la <strong>tarantanchuela<\/strong> \u00abperdona dos veces\u00bb, pero jam\u00e1s una tercera.<\/span><\/p>\n<p><span style=\"font-size: 10pt;\">En <strong>Riomalo de Abajo<\/strong>, <a title=\"El para\u00edso maldito\" href=\"http:\/\/books.google.es\/books\/about\/El_para%C3%ADso_maldito.html?id=JTq1cTHZB0oC\" rel=\"external nofollow\">\u00a0<strong>Iker Jimenez<\/strong><\/a> entrevist\u00f3 a \u00a0Gonzalo Mart\u00edn Encinas, una persona que ha vivido la mayor parte de sus a\u00f1os en otras provincias espa\u00f1olas y que no se siente muy ligado a las diversas tradiciones referentes al mundo m\u00e1gico hurdano, quien le confirmaba, c\u00f3mo la historia de \u00ablas tres picaduras\u00bb era algo absolutamente real para \u00e9l.<\/span><\/p>\n<p><span style=\"font-size: 10pt;\">La primera vez que le pic\u00f3 ten\u00eda seis a\u00f1os, le entr\u00f3 una fiebre terrible y ya le advirtieron las gentes de la zona de <strong>Aceitunilla<\/strong> que aquello era la tarantanchuela y que se anduviese con cuidado, no le fuese a \u00abcazar\u00bb otras dos veces, porque \u00a0a la tercera te mata, sea cual fuere el tiempo que pase o las medidas que tomes.<\/span><\/p>\n<p><span style=\"font-size: 10pt;\">Volvi\u00f3 a picarle de nuevo\u00a0 cuando ten\u00eda treinta y dos. Se estaba ba\u00f1ando y la vio all\u00ed, al final de la corriente.\u00a0 Intent\u00f3 nadar hacia el otro lado, pero sinti\u00f3\u00a0 la picadura en la espalda. Volvi\u00f3 a estar tremendamente fastidiado, con un dolor dif\u00edcilmente imaginable. Ahora ya solo le queda la tercera, por eso tiene que andar con mucho ojo. A la tercera va la vencida.<\/span><\/p>\n<div id=\"attachment_828\" style=\"width: 937px\" class=\"wp-caption aligncenter\"><a href=\"\/extremadurasecreta\/wp-content\/uploads\/sites\/16\/2013\/10\/AA-449.jpg\"><img aria-describedby=\"caption-attachment-828\" loading=\"lazy\" class=\" wp-image-828\" title=\"AA (449)\" src=\"\/extremadurasecreta\/wp-content\/uploads\/sites\/16\/2013\/10\/AA-449.jpg\" alt=\"\" width=\"927\" height=\"718\" srcset=\"https:\/\/static-blogs.hoy.es\/wp-content\/uploads\/sites\/16\/2013\/10\/AA-449.jpg 899w, https:\/\/static-blogs.hoy.es\/wp-content\/uploads\/sites\/16\/2013\/10\/AA-449-300x232.jpg 300w, https:\/\/static-blogs.hoy.es\/wp-content\/uploads\/sites\/16\/2013\/10\/AA-449-768x595.jpg 768w\" sizes=\"(max-width: 927px) 100vw, 927px\" \/><\/a><p id=\"caption-attachment-828\" class=\"wp-caption-text\"><span style=\"font-size: 8pt;\">Si vas al campo lleva vihuela&#8230; (Jimber)<\/span><\/p><\/div>\n<p><span style=\"font-size: 10pt;\">Y es que lo cierto es que las ara\u00f1as gigantes abundan en nuestras tierras. <a title=\"La ara\u00f1a lobo\" href=\"http:\/\/www.hoyfregenal.es\/actualidad\/2010-08-28\/arana-lobo-tarantula-1856.html\" rel=\"external nofollow\"><strong>La Ara\u00f1a Lobo<\/strong> abunda en la zona de <strong>Fregenal de la Sierra<\/strong><\/a>, y<a title=\"Invertebrados extreme\u00f1os. Junta de Extremadura\" href=\"http:\/\/aym.juntaex.es\/NR\/rdonlyres\/D6957E0E-0FED-4D75-82A4-EF0DAE056737\/0\/invertebrados.pdf\" rel=\"external nofollow\"> la ara\u00f1a m\u00e1s grande de Europa, la <strong>Ara\u00f1a de los Alcornoques<\/strong>, vive en el sur de la provincia de <strong>Badajoz<\/strong><\/a>. Pero no hace falta irse al campo. <a title=\"Una tar\u00e1ntula de gran tama\u00f1o aparece muerta en La Madrila\" href=\"http:\/\/www.elperiodicoextremadura.com\/noticias\/caceres\/la-guardia-civil-retira-una-tarantula-de-gran-tamano-que-fue-encontrada-muerta-en-madrila_386115.html\" rel=\"external nofollow\">En 2008 apareci\u00f3 una gigantesca tar\u00e1ntula en el centro de <strong>C\u00e1ceres<\/strong>, en plena <strong>Madrila<\/strong><\/a>.<\/span><\/p>\n<p><span style=\"font-size: 10pt;\">Con estos mimbres, solo podemos estar seguros, si hacemos caso a nuestros abuelos, un solo d\u00eda al a\u00f1o: El<strong> d\u00eda de San Jorge<\/strong>. Porque afirma <strong><a title=\"Supersticiones extreme\u00f1as\" href=\" http:\/\/books.google.es\/books?id=hug8PQAACAAJ&amp;dq=publio+hurtado+supersticiones+extreme%C3%B1as&amp;hl=es&amp;sa=X&amp;ei=gCFqUtSEEKOo0wWFh4HgCQ&amp;ved=0CDQQ6AEwAA\">Publio Hurtado<\/a><\/strong> que este d\u00eda es nefasto para los morga\u00f1os y las ara\u00f1as, y basta con invocar al santo para que todo bicho de esta especie detenga su carrera y se deje matar.<\/span><\/p>\n<p><span style=\"font-size: 10pt;\">Ser\u00e1 cuesti\u00f3n de probarlo, pero no las maten a la primera. Al fin y al cabo ellas, corteses y educadas al fin y al cabo, \u00a0nos dan tres oportunidades. No vamos a ser menos.<\/span><\/p>\n<p>&nbsp;<\/p>\n<p>&nbsp;<\/p>\n<p>&nbsp;<\/p>\n<p>&nbsp;<\/p>\n<p>&nbsp;<\/p>\n<p>&nbsp;<\/p>\n<p>&nbsp;<\/p>\n<p>&nbsp;<\/p>\n<p>&nbsp;<\/p>\n<p>&nbsp;<\/p>\n<p>&nbsp;<\/p>\n<p>&nbsp;<\/p>\n<p>&nbsp;<\/p>\n<!-- AddThis Advanced Settings generic via filter on the_content --><!-- AddThis Share Buttons generic via filter on the_content -->","protected":false},"excerpt":{"rendered":"<p>Hubo un tiempo, a finales del XVIII y principios del XIX, en el que los extreme\u00f1os sal\u00edan al campo con miedo. \u00a0Y dorm\u00edan con miedo. Porque exist\u00eda una terrible ara\u00f1a que, si te picaba, ya pod\u00edas despedirte de la vida, a no ser que bailases como loco. Una vez que hab\u00edan recibido el veneno de [&hellip;]<!-- AddThis Advanced Settings generic via filter on get_the_excerpt --><!-- AddThis Share Buttons generic via filter on get_the_excerpt --><\/p>\n","protected":false},"author":20,"featured_media":2364,"comment_status":"open","ping_status":"closed","sticky":false,"template":"","format":"standard","meta":[],"categories":[2,4],"tags":[22,90,91,92,93,116,179,525,579,1032,1072,1156,1157,1158,1159,1260],"_links":{"self":[{"href":"https:\/\/blogs.hoy.es\/extremadurasecreta\/wp-json\/wp\/v2\/posts\/824"}],"collection":[{"href":"https:\/\/blogs.hoy.es\/extremadurasecreta\/wp-json\/wp\/v2\/posts"}],"about":[{"href":"https:\/\/blogs.hoy.es\/extremadurasecreta\/wp-json\/wp\/v2\/types\/post"}],"author":[{"embeddable":true,"href":"https:\/\/blogs.hoy.es\/extremadurasecreta\/wp-json\/wp\/v2\/users\/20"}],"replies":[{"embeddable":true,"href":"https:\/\/blogs.hoy.es\/extremadurasecreta\/wp-json\/wp\/v2\/comments?post=824"}],"version-history":[{"count":4,"href":"https:\/\/blogs.hoy.es\/extremadurasecreta\/wp-json\/wp\/v2\/posts\/824\/revisions"}],"predecessor-version":[{"id":2470,"href":"https:\/\/blogs.hoy.es\/extremadurasecreta\/wp-json\/wp\/v2\/posts\/824\/revisions\/2470"}],"wp:featuredmedia":[{"embeddable":true,"href":"https:\/\/blogs.hoy.es\/extremadurasecreta\/wp-json\/wp\/v2\/media\/2364"}],"wp:attachment":[{"href":"https:\/\/blogs.hoy.es\/extremadurasecreta\/wp-json\/wp\/v2\/media?parent=824"}],"wp:term":[{"taxonomy":"category","embeddable":true,"href":"https:\/\/blogs.hoy.es\/extremadurasecreta\/wp-json\/wp\/v2\/categories?post=824"},{"taxonomy":"post_tag","embeddable":true,"href":"https:\/\/blogs.hoy.es\/extremadurasecreta\/wp-json\/wp\/v2\/tags?post=824"}],"curies":[{"name":"wp","href":"https:\/\/api.w.org\/{rel}","templated":true}]}}