{"id":830,"date":"2013-10-31T10:36:20","date_gmt":"2013-10-31T08:36:20","guid":{"rendered":"http:\/\/blogs.hoy.es\/extremadurasecreta\/?p=830"},"modified":"2022-10-16T20:50:53","modified_gmt":"2022-10-16T18:50:53","slug":"la-esquila-de-animas-el-sonido-de-los-muertos","status":"publish","type":"post","link":"https:\/\/blogs.hoy.es\/extremadurasecreta\/2013\/10\/31\/la-esquila-de-animas-el-sonido-de-los-muertos\/","title":{"rendered":"La esquila de \u00e1nimas: el sonido de los muertos"},"content":{"rendered":"<p><span style=\"font-size: 10pt;\">Pardea entre las encinas. Es lunes. Oscurecido el cielo, retumban tres toques campana&#8230; llaman a \u00c1nimas.<\/span><\/p>\n<p><span style=\"font-size: 10pt;\"><em>\u00a0<\/em><\/span><span style=\"font-size: 10pt;\"><em>\u00a1 Til\u00edn, til\u00e1n! <a title=\"Las \u00c1nimas Benditas de Extremadura\" href=\"https:\/\/blogs.hoy.es\/extremadurasecreta\/2013\/08\/07\/las-animas-benditas-de-extremadura\/\">\u00c1nimas Benditas <\/a>que en el purgatorio est\u00e1n.<\/em><\/span><\/p>\n<p><span style=\"font-size: 10pt;\"><em>\u00a1Til\u00edn, til\u00e1n! No os apur\u00e9is que empezamos a rezar para<\/em><\/span><\/p>\n<p><span style=\"font-size: 10pt;\"><em>aliviar vuestras penas y del purgatorio escapar, \u00a1Til\u00edn, til\u00e1n!<\/em><\/span><\/p>\n<p><span style=\"font-size: 10pt;\">El pueblo, de calles estrechas y casa encaladas convertidas en sombras en la noche, se llama\u00a0<a title=\"Montehermoso Cultural\" href=\"http:\/\/montehermosocultural.blogspot.com.es\/2011_05_01_archive.html \" rel=\"external nofollow\"> <strong>Montehermoso<\/strong><\/a>. O <strong><a title=\"Revista Alc\u00e1ntara\" href=\"http:\/\/ab.dip-caceres.org\/export\/sites\/default\/comun\/galerias\/galeriaDescargas\/caceres\/cultura\/revistas-alcantara\/revista-alcantara-n-68\/68_06.pdf \" rel=\"external nofollow\">Tornavacas<\/a><\/strong>. O <strong><a title=\"Alcuescar\" href=\" http:\/\/alcuescar.com\/alcuescar.htm \">Alcuescar<\/a><\/strong>. O <strong>Casar de C\u00e1ceres<\/strong>. O <strong>Madro\u00f1era<\/strong>.<\/span><\/p>\n<p><span style=\"font-size: 10pt;\"><em>Las almas del purgatorio<\/em><\/span><\/p>\n<p><span style=\"font-size: 10pt;\"><em>Por las calles han salido<\/em><\/span><\/p>\n<p><span style=\"font-size: 10pt;\"><em>Dando gritos y clamores<\/em><\/span><\/p>\n<p><span style=\"font-size: 10pt;\"><em>Que las oigan sus amigos\u2026<\/em><\/span><\/p>\n<p><span style=\"font-size: 10pt;\">La voz se escucha con un escalofr\u00edo desde las casas. Si alguien descorriese los postigos y se asomase volver\u00eda a meterse dentro. La negritud de la noche se rasga en parte gracias a un farol, que alumbra apenas el camino y la figura que lo sostiene, una mujer mayor, enlutada, con la cabeza cubierta por un capuch\u00f3n negro. En mano libre balancea una campanilla. Su voz cascada surge de nuevo.<\/span><\/p>\n<div id=\"attachment_834\" style=\"width: 859px\" class=\"wp-caption alignright\"><a href=\"\/extremadurasecreta\/wp-content\/uploads\/sites\/16\/2013\/10\/BATUECAS-2009-284.jpg\"><img aria-describedby=\"caption-attachment-834\" loading=\"lazy\" class=\" wp-image-834\" title=\"BATUECAS-2009 (284)\" src=\"\/extremadurasecreta\/wp-content\/uploads\/sites\/16\/2013\/10\/BATUECAS-2009-284.jpg\" alt=\"\" width=\"849\" height=\"569\" srcset=\"https:\/\/static-blogs.hoy.es\/wp-content\/uploads\/sites\/16\/2013\/10\/BATUECAS-2009-284.jpg 720w, https:\/\/static-blogs.hoy.es\/wp-content\/uploads\/sites\/16\/2013\/10\/BATUECAS-2009-284-300x201.jpg 300w\" sizes=\"(max-width: 849px) 100vw, 849px\" \/><\/a><p id=\"caption-attachment-834\" class=\"wp-caption-text\"><span style=\"font-size: 8pt;\">Foto: Jimber<\/span><\/p><\/div>\n<p>&nbsp;<\/p>\n<p>&nbsp;<\/p>\n<p>&nbsp;<\/p>\n<p>&nbsp;<\/p>\n<p><span style=\"font-size: 10pt;\"><em>Del alma de tu marido<\/em><\/span><\/p>\n<p><span style=\"font-size: 10pt;\"><em>soy un criado y me env\u00eda,<\/em><\/span><\/p>\n<p><span style=\"font-size: 10pt;\"><em>que me des una limosna<\/em><\/span><\/p>\n<p><span style=\"font-size: 10pt;\"><em>por lo bien que te quer\u00eda&#8230;<\/em><\/span><\/p>\n<p><span style=\"font-size: 10pt;\">En <strong>Tornavacas<\/strong>, donde este ritual se sigue realizando, los ni\u00f1os acuden a besar la campanilla cuando la mujer de \u00e1nimas se detiene en bocacalles y plazuelas para descansar. A su paso los hombres se descubren y las mujeres se santiguan, al tiempo que musitan:<\/span><\/p>\n<p>&nbsp;<\/p>\n<div id=\"attachment_835\" style=\"width: 838px\" class=\"wp-caption alignleft\"><a href=\"\/extremadurasecreta\/wp-content\/uploads\/sites\/16\/2013\/10\/CAPARRA-2009-11.jpg\"><img aria-describedby=\"caption-attachment-835\" loading=\"lazy\" class=\" wp-image-835\" title=\"CAPARRA 2009 (11)\" src=\"\/extremadurasecreta\/wp-content\/uploads\/sites\/16\/2013\/10\/CAPARRA-2009-11.jpg\" alt=\"\" width=\"828\" height=\"555\" srcset=\"https:\/\/static-blogs.hoy.es\/wp-content\/uploads\/sites\/16\/2013\/10\/CAPARRA-2009-11.jpg 720w, https:\/\/static-blogs.hoy.es\/wp-content\/uploads\/sites\/16\/2013\/10\/CAPARRA-2009-11-300x201.jpg 300w\" sizes=\"(max-width: 828px) 100vw, 828px\" \/><\/a><p id=\"caption-attachment-835\" class=\"wp-caption-text\"><span style=\"font-size: 8pt;\">Foto: Jimber<\/span><\/p><\/div>\n<p>&nbsp;<\/p>\n<p>&nbsp;<\/p>\n<p><span style=\"font-size: 10pt;\"><em>Animas benditas, <\/em><\/span><\/p>\n<p><span style=\"font-size: 10pt;\"><em>que en el Purgatorio est\u00e1is, <\/em><\/span><\/p>\n<p><span style=\"font-size: 10pt;\"><em>por la misericordia de Dios, <\/em><\/span><\/p>\n<p><span style=\"font-size: 10pt;\"><em>alivio y descanso teng\u00e1is<\/em>\u2026<\/span><\/p>\n<p><span style=\"font-size: 10pt;\">Pero en otros pueblos la gente ya est\u00e1 resguardada en sus casas de la oscuridad reinante. Los vecinos que deciden darle alguna limosna llaman desde la puerta entre el miedo y el respeto. De la oscuridad de la puerta solo emerge la mano que ofrece las monedas. Todos saben que el \u00e1nima es una vecina, pero a\u00fan as\u00ed las j\u00f3venes se adentran en su alcoba y los ni\u00f1os se acercan al calor de la lumbre. La voz del \u00e1nima suena cansada.<\/span><\/p>\n<p><span style=\"font-size: 10pt;\"><em>Si quieres saber cristiano<\/em><\/span><\/p>\n<p><span style=\"font-size: 10pt;\"><em>lo que las animas penan,<\/em><\/span><\/p>\n<p><span style=\"font-size: 10pt;\"><em>mete la mano en la lumbre<\/em><\/span><\/p>\n<p><span style=\"font-size: 10pt;\"><em>y ver\u00e1s c\u00f3mo te quemas<\/em>\u2026<\/span><\/p>\n<p><span style=\"font-size: 10pt;\">La anciana que recorre las oscuras calles con el rostro cubierto, est\u00e1 cumpliendo una promesa ofrecida a las \u00e1nimas. Ya habl\u00f3 con el cura y le solicit\u00f3 el permiso y la campanilla de la iglesia para pedir por el pueblo. El dinero recaudado ir\u00e1 para misas. Para las \u00e1nimas del Purgatorio.<\/span><\/p>\n<p>&nbsp;<\/p>\n<div id=\"attachment_836\" style=\"width: 873px\" class=\"wp-caption alignright\"><a href=\"\/extremadurasecreta\/wp-content\/uploads\/sites\/16\/2013\/10\/carlos-v-mayo09-6.jpg\"><img aria-describedby=\"caption-attachment-836\" loading=\"lazy\" class=\" wp-image-836\" title=\"carlos v mayo09 (6)\" src=\"\/extremadurasecreta\/wp-content\/uploads\/sites\/16\/2013\/10\/carlos-v-mayo09-6.jpg\" alt=\"\" width=\"863\" height=\"578\" srcset=\"https:\/\/static-blogs.hoy.es\/wp-content\/uploads\/sites\/16\/2013\/10\/carlos-v-mayo09-6.jpg 720w, https:\/\/static-blogs.hoy.es\/wp-content\/uploads\/sites\/16\/2013\/10\/carlos-v-mayo09-6-300x201.jpg 300w\" sizes=\"(max-width: 863px) 100vw, 863px\" \/><\/a><p id=\"caption-attachment-836\" class=\"wp-caption-text\"><span style=\"font-size: 8pt;\">Foto: Jimber<\/span><\/p><\/div>\n<p>&nbsp;<\/p>\n<p>&nbsp;<\/p>\n<p><span style=\"font-size: 10pt;\"><em>Hombres ni\u00f1os y mujeres<\/em><\/span><\/p>\n<p><span style=\"font-size: 10pt;\"><em>rezar el rosario a coro,<\/em><\/span><\/p>\n<p><span style=\"font-size: 10pt;\"><em>por las \u00e1nimas benditas<\/em><\/span><\/p>\n<p><span style=\"font-size: 10pt;\"><em>que est\u00e1n en el purgatorio\u2026<\/em><\/span><\/p>\n<p><span style=\"font-size: 10pt;\">Hay que rezar por los que est\u00e1n en el purgatorio, ese lugar intermedio para pecadores que hay entre el cielo y el infierno y del que solo es posible salir a golpe de misa pagada y de oraciones ofrecidas.<\/span><\/p>\n<p><span style=\"font-size: 10pt;\">Cuentan en Alcuescar que en la posguerra hubo tanta miseria que las limosnas escaseaban y las \u00e1nimas llegaban a meter la campanilla dentro de las casas por el postigo de la puerta, pidiendo insistentemente<\/span><\/p>\n<p><span style=\"font-size: 10pt;\">&#8211; <em>\u00a1Dil\u00edn til\u00edn, dil\u00edn til\u00edn, \u00e1nimas, \u00e1nimas, \u00e1nimas&#8230;!!!<\/em><\/span><\/p>\n<p><span style=\"font-size: 10pt;\">Hasta que alguien desde dentro de la casa respond\u00eda con voz triste y apagada:<\/span><\/p>\n<p><span style=\"font-size: 10pt;\"><em>&#8211; Perdone por Dios, \u00e1nimas, no tengo nada.<\/em><\/span><\/p>\n<p><span style=\"font-size: 10pt;\">Y la sombra enlutada se iba, arrastrando los pasos, balanceando el farol y agitando la campanilla. Y recitando. Siempre recitando:<\/span><\/p>\n<p><span style=\"font-size: 10pt;\"><em>Tu padre ya no es tu padre<\/em><\/span><\/p>\n<p><span style=\"font-size: 10pt;\"><em>tu padre ya no es persona,<\/em><\/span><\/p>\n<p><span style=\"font-size: 10pt;\"><em>que es alma del purgatorio<\/em><\/span><\/p>\n<p><span style=\"font-size: 10pt;\"><em>que anda pidiendo limosna\u2026<\/em><\/span><\/p>\n<p><span style=\"font-size: 10pt;\">Y en algunos lugares, como en <strong>Madro\u00f1era<\/strong>, los ni\u00f1os m\u00e1s valientes del pueblo persiguen\u00a0 semiescondidos a la mujer de la esquila hasta el cementerio, con la esperanza, a veces cumplida, de contemplar fuegos fatuos.<\/span><\/p>\n<p><span style=\"font-size: 10pt;\">Y el paso cansino de la anciana se pierde en el recodo de las calle, mientras, cada vez m\u00e1s lejos, se escucha, incesante, el repiqueteo de la esquila de \u00e1nimas.<\/span><\/p>\n<p>&nbsp;<\/p>\n<p>&nbsp;<\/p>\n<p>&nbsp;<\/p>\n<p>&nbsp;<\/p>\n<p>&nbsp;<\/p>\n<p>&nbsp;<\/p>\n<!-- AddThis Advanced Settings generic via filter on the_content --><!-- AddThis Share Buttons generic via filter on the_content -->","protected":false},"excerpt":{"rendered":"<p>Pardea entre las encinas. Es lunes. Oscurecido el cielo, retumban tres toques campana&#8230; llaman a \u00c1nimas. \u00a0\u00a1 Til\u00edn, til\u00e1n! \u00c1nimas Benditas que en el purgatorio est\u00e1n. \u00a1Til\u00edn, til\u00e1n! No os apur\u00e9is que empezamos a rezar para aliviar vuestras penas y del purgatorio escapar, \u00a1Til\u00edn, til\u00e1n! El pueblo, de calles estrechas y casa encaladas convertidas en [&hellip;]<!-- AddThis Advanced Settings generic via filter on get_the_excerpt --><!-- AddThis Share Buttons generic via filter on get_the_excerpt --><\/p>\n","protected":false},"author":20,"featured_media":833,"comment_status":"open","ping_status":"closed","sticky":false,"template":"","format":"standard","meta":[],"categories":[7],"tags":[45,76,77,196,228,286,483,796,864,1009,1187],"_links":{"self":[{"href":"https:\/\/blogs.hoy.es\/extremadurasecreta\/wp-json\/wp\/v2\/posts\/830"}],"collection":[{"href":"https:\/\/blogs.hoy.es\/extremadurasecreta\/wp-json\/wp\/v2\/posts"}],"about":[{"href":"https:\/\/blogs.hoy.es\/extremadurasecreta\/wp-json\/wp\/v2\/types\/post"}],"author":[{"embeddable":true,"href":"https:\/\/blogs.hoy.es\/extremadurasecreta\/wp-json\/wp\/v2\/users\/20"}],"replies":[{"embeddable":true,"href":"https:\/\/blogs.hoy.es\/extremadurasecreta\/wp-json\/wp\/v2\/comments?post=830"}],"version-history":[{"count":3,"href":"https:\/\/blogs.hoy.es\/extremadurasecreta\/wp-json\/wp\/v2\/posts\/830\/revisions"}],"predecessor-version":[{"id":2468,"href":"https:\/\/blogs.hoy.es\/extremadurasecreta\/wp-json\/wp\/v2\/posts\/830\/revisions\/2468"}],"wp:featuredmedia":[{"embeddable":true,"href":"https:\/\/blogs.hoy.es\/extremadurasecreta\/wp-json\/wp\/v2\/media\/833"}],"wp:attachment":[{"href":"https:\/\/blogs.hoy.es\/extremadurasecreta\/wp-json\/wp\/v2\/media?parent=830"}],"wp:term":[{"taxonomy":"category","embeddable":true,"href":"https:\/\/blogs.hoy.es\/extremadurasecreta\/wp-json\/wp\/v2\/categories?post=830"},{"taxonomy":"post_tag","embeddable":true,"href":"https:\/\/blogs.hoy.es\/extremadurasecreta\/wp-json\/wp\/v2\/tags?post=830"}],"curies":[{"name":"wp","href":"https:\/\/api.w.org\/{rel}","templated":true}]}}