{"id":850,"date":"2013-11-28T20:49:25","date_gmt":"2013-11-28T18:49:25","guid":{"rendered":"http:\/\/blogs.hoy.es\/extremadurasecreta\/?p=850"},"modified":"2022-10-16T20:47:49","modified_gmt":"2022-10-16T18:47:49","slug":"de-asesinos-y-videntes","status":"publish","type":"post","link":"https:\/\/blogs.hoy.es\/extremadurasecreta\/2013\/11\/28\/de-asesinos-y-videntes\/","title":{"rendered":"De asesinos y videntes"},"content":{"rendered":"<p style=\"text-align: justify;\"><span style=\"font-size: small;\"><strong>Joaqu\u00edn Villal\u00f3n D\u00edez,<a title=\"El se\u00f1orito prepara la maleta\" href=\"http:\/\/www.hoy.es\/v\/20131119\/nacional\/senorito-prepara-maleta-20131119.html\" rel=\"external nofollow\"> \u201cel asesino se\u00f1orito\u201d<\/a>,<\/strong> con tres asesinatos a sus espaldas, sali\u00f3 en 2013 de prisi\u00f3n gracias a la anulaci\u00f3n de la \u201cDoctrina Parot\u201d.<\/span><\/p>\n<p style=\"text-align: justify;\"><span style=\"font-size: small;\">Joaqu\u00edn naci\u00f3 en<strong> M\u00e9rida<\/strong> en 1955, y estaba en la c\u00e1rcel por asesinar durante un permiso carcelario en 1992 a dos transexuales en Madrid. Pero no era la primera vez que mataba.<\/span><\/p>\n<p style=\"text-align: justify;\"><span style=\"font-size: small;\">Con solo 25 a\u00f1os, Villal\u00f3n asesin\u00f3, descuartiz\u00f3 y abandon\u00f3 en un monte a su amante, <strong>Paquita Garc\u00eda<\/strong>, a la que hab\u00eda ocultado que estaba casado y que ten\u00eda dos hijos, y a la que hab\u00eda prometido matrimonio despu\u00e9s de que \u00e9sta se quedara embarazada. Los restos de Paquita fueron encontrados por unos ni\u00f1os que jugaban en el monte repartidos en cinco bolsas.<\/span><\/p>\n<p style=\"text-align: justify;\"><span style=\"font-size: small;\">Y ha sido este primer asesinato el que me ha hecho recordar otro parecido, cometido a\u00f1os antes por otro desalmado y resuelto, en parte, gracias a una vidente extreme\u00f1a.<\/span><\/p>\n<p style=\"text-align: justify;\"><span style=\"font-size: small;\">La v\u00edctima era <strong>Antonia Torres<\/strong>, una joven embarazada de su novio, <strong>Fernando Olmos<\/strong>. Un mal d\u00eda, el novio le cuenta a su familia que Antonia ha desaparecido con cierta cantidad de dinero, y no vuelve a saberse de ella. Corre la primavera de 1978.<\/span><\/p>\n<div id=\"attachment_852\" style=\"width: 959px\" class=\"wp-caption alignleft\"><a href=\"\/extremadurasecreta\/wp-content\/uploads\/sites\/16\/2013\/11\/Tarot.jpg\"><img aria-describedby=\"caption-attachment-852\" loading=\"lazy\" class=\" wp-image-852\" title=\"Tarot\" src=\"\/extremadurasecreta\/wp-content\/uploads\/sites\/16\/2013\/11\/Tarot.jpg\" alt=\"\" width=\"949\" height=\"1596\" srcset=\"https:\/\/static-blogs.hoy.es\/wp-content\/uploads\/sites\/16\/2013\/11\/Tarot.jpg 227w, https:\/\/static-blogs.hoy.es\/wp-content\/uploads\/sites\/16\/2013\/11\/Tarot-178x300.jpg 178w\" sizes=\"(max-width: 949px) 100vw, 949px\" \/><\/a><p id=\"caption-attachment-852\" class=\"wp-caption-text\"><span style=\"font-size: 8pt;\">La vidente de Olivenza, Manuela Brioa\u00a0<\/span><\/p><\/div>\n<p style=\"text-align: justify;\"><span style=\"font-size: small;\">Pero la madre no deja de buscarla. Y nueve a\u00f1os m\u00e1s tarde, en julio de 1986, en un nuevo intento desesperado de saber algo de su hija, contacta con<a title=\"El crimen del tarot\" href=\"http:\/\/untemploparaelarte.es\/el-crimen-del-tarot.html\" rel=\"external nofollow\"> una vidente extreme\u00f1a<\/a> que tiene un programa\u00a0 de radio en una emisora barcelonesa, \u201c<strong>El tel\u00e9fono del M\u00e1s All\u00e1<\/strong>\u201d.<\/span><\/p>\n<p style=\"text-align: justify;\"><span style=\"font-size: small;\">La respuesta de la tarotista <strong>Manuela Brioa Cord\u00f3n<\/strong>, nacida en <strong>Olivenza<\/strong>, es contundente y precisa:<\/span><\/p>\n<p style=\"text-align: justify;\"><span style=\"font-size: small;\">&#8211;\u00a0\u00a0\u00a0\u00a0\u00a0\u00a0 <em>Se\u00f1ora, su hija est\u00e1 muerta\u2026 y ha sido asesinada.<\/em><\/span><\/p>\n<p style=\"text-align: justify;\"><span style=\"font-size: small;\"><em>\u00a0<\/em><\/span><span style=\"font-size: small;\"><em>\u00a0<\/em><\/span><span style=\"font-size: small;\">Silencio en la l\u00ednea. Y en el programa, como entrevistado, <\/span><strong style=\"font-size: small;\">el detective privado Jordi Colomer<\/strong><span style=\"font-size: small;\">, que se ofrece gratuitamente a ayudar a la angustiada madre. Y comienza la investigaci\u00f3n. Y encuentran indicios. Y se pone el caso en manos de la polic\u00eda. Y acaban encontrando, diez a\u00f1os despu\u00e9s, una prueba, escasa, peque\u00f1a, en un vertedero de escombros. Solo un trozo de hueso. Pero el m\u00e1s importante. Un pedazo de cr\u00e1neo atravesado por un orificio. Un orificio de bala.<\/span><\/p>\n<p style=\"text-align: justify;\"><span style=\"font-size: small;\">El novio, casado ya con otra mujer y padre de familia, termina confesando. Hab\u00eda llevado a Antonia a un lugar apartado, le hab\u00eda disparado un tiro a la cabeza y la hab\u00eda metido en una caba\u00f1a a la que prendi\u00f3 fuego.<\/span><\/p>\n<p style=\"text-align: justify;\"><span style=\"font-size: small;\"><strong>\u201c<em>El crimen del tarot<\/em>\u201d, \u201c<em>Justicia de Ultratumba<\/em>\u201d<\/strong> o \u201c<strong><em>Venganza desde el M\u00e1s All\u00e1<\/em><\/strong>\u201d fueron algunos de los titulares de los medios de la \u00e9poca.<\/span><\/p>\n<div id=\"attachment_853\" style=\"width: 648px\" class=\"wp-caption aligncenter\"><a href=\"\/extremadurasecreta\/wp-content\/uploads\/sites\/16\/2013\/11\/Radio2Manuela.jpg\"><img aria-describedby=\"caption-attachment-853\" loading=\"lazy\" class=\" wp-image-853\" title=\"Radio2Manuela\" src=\"\/extremadurasecreta\/wp-content\/uploads\/sites\/16\/2013\/11\/Radio2Manuela.jpg\" alt=\"\" width=\"638\" height=\"710\" srcset=\"https:\/\/static-blogs.hoy.es\/wp-content\/uploads\/sites\/16\/2013\/11\/Radio2Manuela.jpg 302w, https:\/\/static-blogs.hoy.es\/wp-content\/uploads\/sites\/16\/2013\/11\/Radio2Manuela-270x300.jpg 270w\" sizes=\"(max-width: 638px) 100vw, 638px\" \/><\/a><p id=\"caption-attachment-853\" class=\"wp-caption-text\"><span style=\"font-size: 8pt;\">Manuela en su programa radiof\u00f3nico (Un templo para el arte)<\/span><\/p><\/div>\n<p style=\"text-align: justify;\"><span style=\"font-size: small;\">La vidente que consigui\u00f3 reabrir el caso, Manuela Brioa, sigue trabando en Barcelona, aunque de vez en cuando patrocina <a title=\"Museo Etnogr\u00e1fico de Olivenza\" href=\"http:\/\/digitalextremadura.com\/not\/42919\/pintura_y_escultura_espanola_en_el_museo_etnografico_de_olivenza\/\" rel=\"external nofollow\">exposiciones de arte en el museo etnogr\u00e1fico de su Olivenza<\/a> natal, gracias a su empresa \u201c<a title=\"Un templo para el arte\" href=\"http:\/\/untemploparaelarte.es\/\" rel=\"external nofollow\">Un templo para el arte<\/a>\u201d. Y treinta a\u00f1os m\u00e1s tarde, ha vuelto a las ondas con su \u201c<a title=\"Un templo para el arte\" href=\" http:\/\/untemploparaelarte.es\/espacio-radiofonico.html\">Tel\u00e9fono del M\u00e1s All\u00e1<\/a>\u201d.<\/span><\/p>\n<p style=\"text-align: justify;\"><span style=\"font-size: small;\">Por lo que se ve, sigue teniendo l\u00ednea.<\/span><\/p>\n<p style=\"text-align: justify;\"><span style=\"font-size: small;\"><a href=\"http:\/\/untemploparaelarte.es\/\" rel=\"external nofollow\">\u00a0<\/a><\/span><\/p>\n<!-- AddThis Advanced Settings generic via filter on the_content --><!-- AddThis Share Buttons generic via filter on the_content -->","protected":false},"excerpt":{"rendered":"<p>Joaqu\u00edn Villal\u00f3n D\u00edez, \u201cel asesino se\u00f1orito\u201d, con tres asesinatos a sus espaldas, sali\u00f3 en 2013 de prisi\u00f3n gracias a la anulaci\u00f3n de la \u201cDoctrina Parot\u201d. Joaqu\u00edn naci\u00f3 en M\u00e9rida en 1955, y estaba en la c\u00e1rcel por asesinar durante un permiso carcelario en 1992 a dos transexuales en Madrid. Pero no era la primera vez [&hellip;]<!-- AddThis Advanced Settings generic via filter on get_the_excerpt --><!-- AddThis Share Buttons generic via filter on get_the_excerpt --><\/p>\n","protected":false},"author":20,"featured_media":851,"comment_status":"open","ping_status":"closed","sticky":false,"template":"","format":"standard","meta":[],"categories":[5],"tags":[104,424,438,672,831,911,1247,1257],"_links":{"self":[{"href":"https:\/\/blogs.hoy.es\/extremadurasecreta\/wp-json\/wp\/v2\/posts\/850"}],"collection":[{"href":"https:\/\/blogs.hoy.es\/extremadurasecreta\/wp-json\/wp\/v2\/posts"}],"about":[{"href":"https:\/\/blogs.hoy.es\/extremadurasecreta\/wp-json\/wp\/v2\/types\/post"}],"author":[{"embeddable":true,"href":"https:\/\/blogs.hoy.es\/extremadurasecreta\/wp-json\/wp\/v2\/users\/20"}],"replies":[{"embeddable":true,"href":"https:\/\/blogs.hoy.es\/extremadurasecreta\/wp-json\/wp\/v2\/comments?post=850"}],"version-history":[{"count":4,"href":"https:\/\/blogs.hoy.es\/extremadurasecreta\/wp-json\/wp\/v2\/posts\/850\/revisions"}],"predecessor-version":[{"id":2465,"href":"https:\/\/blogs.hoy.es\/extremadurasecreta\/wp-json\/wp\/v2\/posts\/850\/revisions\/2465"}],"wp:featuredmedia":[{"embeddable":true,"href":"https:\/\/blogs.hoy.es\/extremadurasecreta\/wp-json\/wp\/v2\/media\/851"}],"wp:attachment":[{"href":"https:\/\/blogs.hoy.es\/extremadurasecreta\/wp-json\/wp\/v2\/media?parent=850"}],"wp:term":[{"taxonomy":"category","embeddable":true,"href":"https:\/\/blogs.hoy.es\/extremadurasecreta\/wp-json\/wp\/v2\/categories?post=850"},{"taxonomy":"post_tag","embeddable":true,"href":"https:\/\/blogs.hoy.es\/extremadurasecreta\/wp-json\/wp\/v2\/tags?post=850"}],"curies":[{"name":"wp","href":"https:\/\/api.w.org\/{rel}","templated":true}]}}