{"id":891,"date":"2014-02-07T21:20:36","date_gmt":"2014-02-07T19:20:36","guid":{"rendered":"http:\/\/blogs.hoy.es\/extremadurasecreta\/?p=891"},"modified":"2014-02-07T21:20:36","modified_gmt":"2014-02-07T19:20:36","slug":"serpientes-legendarias-el-deslabon","status":"publish","type":"post","link":"https:\/\/blogs.hoy.es\/extremadurasecreta\/2014\/02\/07\/serpientes-legendarias-el-deslabon\/","title":{"rendered":"Serpientes legendarias : el deslab\u00f3n"},"content":{"rendered":"<div id=\"attachment_892\" style=\"width: 310px\" class=\"wp-caption alignleft\"><a href=\"\/extremadurasecreta\/wp-content\/uploads\/sites\/16\/2014\/02\/PERROSpeque.jpg\"><img aria-describedby=\"caption-attachment-892\" loading=\"lazy\" class=\"size-medium wp-image-892\" title=\"PERROSpeque\" src=\"\/extremadurasecreta\/wp-content\/uploads\/sites\/16\/2014\/02\/PERROSpeque.jpg\" alt=\"\" width=\"300\" height=\"213\" srcset=\"https:\/\/static-blogs.hoy.es\/wp-content\/uploads\/sites\/16\/2014\/02\/PERROSpeque.jpg 4224w, https:\/\/static-blogs.hoy.es\/wp-content\/uploads\/sites\/16\/2014\/02\/PERROSpeque-300x214.jpg 300w, https:\/\/static-blogs.hoy.es\/wp-content\/uploads\/sites\/16\/2014\/02\/PERROSpeque-768x547.jpg 768w, https:\/\/static-blogs.hoy.es\/wp-content\/uploads\/sites\/16\/2014\/02\/PERROSpeque-1024x729.jpg 1024w\" sizes=\"(max-width: 300px) 100vw, 300px\" \/><\/a><p id=\"caption-attachment-892\" class=\"wp-caption-text\">Ilustraci\u00f3n: Borja Gonz\u00e1lez Hoyos<\/p><\/div>\n<p style=\"text-align: justify;\">\n<p style=\"text-align: justify;\"><span style=\"font-size: medium;\">Hemos hablado ya de<a title=\"Serpientes monstruosas y otras bichas\" href=\"https:\/\/blogs.hoy.es\/extremadurasecreta\/2013\/05\/08\/serpientes-monstruosas-y-otras-bichas\/\"> <strong>serpientes monstruosas<\/strong><\/a> y de<a title=\"Las culebras que mamaban de las mujeres\" href=\"https:\/\/blogs.hoy.es\/extremadurasecreta\/2013\/01\/15\/las-culebras-que-mamaban-de-las-mujeres\/\"> <strong>culebras mamadoras<\/strong><\/a>, pero nos quedaba hablar de otras peque\u00f1as, pero matonas: culebras legendarias que matan pueblos enteros s\u00f3lo con su mort\u00edfero veneno.<\/span><\/p>\n<p style=\"text-align: justify;\">\n<p style=\"text-align: justify;\"><span style=\"font-size: medium;\">O al menos eso dice el saber popular, porque el cient\u00edfico afirma que de venenosas, nada. Hablamos de reptiles que bordean, con su cuerpo curvil\u00edneo, la leyenda y la realidad, comenzando por <a title=\"Voz de mi Tierra\" href=\"http:\/\/vozdemitierra.freewiki.in\/index.php\/Nombres_vern%C3%A1culos_de_reptiles_y_anfibios\" rel=\"external nofollow\">sus nombres, que var\u00edan de pueblo en pueblo <\/a>y de comarca en comarca, junto con\u00a0 sus misteriosas cualidades.<\/span><\/p>\n<p style=\"text-align: justify;\">\n<p style=\"text-align: justify;\"><span style=\"font-size: medium;\">El<strong> <em>eslab\u00f3n<\/em> <\/strong>o <strong><em>deslab\u00f3n<\/em><\/strong>\u00a0bien puede ser realmente la <strong><em>culebrilla ciega<\/em><\/strong> (Blanus cinereus), pero\u00a0lo cierto es que en <strong>Descargamar\u00eda<\/strong> o <strong>Conquista de la Sierra<\/strong> se le llama <strong><em>dehlab\u00f3n<\/em>,<\/strong> mientras que en <strong>Santa Amalia, Orellana la Vieja<\/strong> y <strong>Medell\u00edn <\/strong>se le llama<em> <strong>derlab\u00f3n<\/strong><\/em>. Recibe el nombre de <strong><em>delab\u00f3n<\/em><\/strong> en <strong>Arroyo de San Serv\u00e1n <\/strong>y <strong>Miajadas<\/strong>, <strong><em>eslab\u00f3n<\/em><\/strong><em> <\/em>en <strong>M\u00e9rida, <em>liso<\/em><\/strong> en <strong>Villanueva del Fresno, Medina de las Torres<\/strong> o <strong>Santa Marta<\/strong> y <strong><em>aldab\u00f3n<\/em><\/strong> en <strong>La Albuera<\/strong>.<\/span><\/p>\n<div class=\"mceTemp\"><\/div>\n<p style=\"text-align: justify;\"><span style=\"font-size: medium;\">La lista de \u201chaza\u00f1as\u201d de esta serpiente es de lo m\u00e1s variada. En <\/span><strong style=\"font-size: medium;\">Puebla de<\/strong><strong style=\"font-size: medium;\">Obando<\/strong><span style=\"font-size: medium;\"> y en otros puntos de Extremadura a\u00fan se afirma que hay que tener mucho cuidado cuando se tiende la ropa en el suelo para que se seque, ya que que si pasa un deslab\u00f3n por encima no queda m\u00e1s remedio que planchar la ropa del derecho y del rev\u00e9s, pues en otro caso saldr\u00e1n <strong>culebrones<\/strong> (herpes Zoster) a todo aquel que se ponga estas prendas.<\/span><\/p>\n<p style=\"text-align: justify;\">\n<p style=\"text-align: justify;\"><span style=\"font-size: medium;\">Pero esto no es nada comparado con lo que hace estas serpientes eslab\u00f3n en otros lares\u2026<a title=\"Miajadas Liquiamente\" href=\" https:\/\/www.facebook.com\/miajadas.liquiamente\"> Los amigos de<\/a><strong><a title=\"Miajadas Liquiamente\" href=\" https:\/\/www.facebook.com\/miajadas.liquiamente\"> Miajadas<\/a> <\/strong>nos contaban que, seg\u00fan las leyendas de su pueblo, \u00a0el delav\u00f3n espera a la hora de la siesta para lamer las venas de la mu\u00f1eca del durmiente\u00a0 y darle \u00a0as\u00ed una muerte tan dulce como terrible.<\/span><\/p>\n<p style=\"text-align: justify;\">\n<p style=\"text-align: justify;\"><span style=\"font-size: medium;\">Pero, como dec\u00edamos al principio, la principal caracter\u00edstica de este escurridizo animal es la de matar a la primera. De hecho, a\u00fan se oye entre pastores un dicho corto y rotundo que advierte sobre su peligrosidad:<\/span><\/p>\n<p style=\"text-align: justify;\">\n<p style=\"text-align: justify;\"><span style=\"font-size: medium;\"><em>\u201cSi te pica un ehlab\u00f3n,<\/em><\/span><\/p>\n<a href=\"\/extremadurasecreta\/wp-content\/uploads\/sites\/16\/2014\/02\/PORTUGAL-Cascai-Duna-da-Cresmina-2013-46.jpg\"><img loading=\"lazy\" class=\"size-medium wp-image-893\" title=\"PORTUGAL-Cascai-Duna da Cresmina-2013 (46)\" src=\"\/extremadurasecreta\/wp-content\/uploads\/sites\/16\/2014\/02\/PORTUGAL-Cascai-Duna-da-Cresmina-2013-46.jpg\" alt=\"\" width=\"300\" height=\"200\" srcset=\"https:\/\/static-blogs.hoy.es\/wp-content\/uploads\/sites\/16\/2014\/02\/PORTUGAL-Cascai-Duna-da-Cresmina-2013-46.jpg 1600w, https:\/\/static-blogs.hoy.es\/wp-content\/uploads\/sites\/16\/2014\/02\/PORTUGAL-Cascai-Duna-da-Cresmina-2013-46-300x201.jpg 300w, https:\/\/static-blogs.hoy.es\/wp-content\/uploads\/sites\/16\/2014\/02\/PORTUGAL-Cascai-Duna-da-Cresmina-2013-46-768x514.jpg 768w, https:\/\/static-blogs.hoy.es\/wp-content\/uploads\/sites\/16\/2014\/02\/PORTUGAL-Cascai-Duna-da-Cresmina-2013-46-1024x685.jpg 1024w\" sizes=\"(max-width: 300px) 100vw, 300px\" \/><\/a>\n<p style=\"text-align: justify;\"><span style=\"font-size: medium;\"><em>coge pala y azad\u00f3n\u201d.<\/em><\/span><\/p>\n<p style=\"text-align: justify;\">\n<p style=\"text-align: justify;\"><span style=\"font-size: medium;\">O este otro que tal baila:<\/span><\/p>\n<p style=\"text-align: justify;\">\n<p style=\"text-align: justify;\"><span style=\"font-size: medium;\"><em>Si te pica el deslab\u00f3n<\/em><\/span><\/p>\n<p style=\"text-align: justify;\"><span style=\"font-size: medium;\"><em>\u00a0llama al cura y al enterra\u00f3 <\/em><\/span><\/p>\n<p style=\"text-align: justify;\">\n<p style=\"text-align: justify;\">\n<p style=\"text-align: justify;\">\n<p style=\"text-align: justify;\"><span style=\"font-size: medium;\">Y prueba del temor reverencial del campesino a esta especie es que en toda Extremadura a\u00fan se recita el \u00a0dicho que afirma que<\/span><\/p>\n<p style=\"text-align: justify;\">\n<p style=\"text-align: justify;\"><span style=\"font-size: medium;\"><em>&#8220;Si el delav\u00f3n viera y la v\u00edbora oyera<\/em><\/span><\/p>\n<p style=\"text-align: justify;\"><span style=\"font-size: medium;\"><em>\u00a0no habr\u00eda ser humano que al campo fuera\u201d.<\/em><\/span><\/p>\n<p style=\"text-align: justify;\"><span style=\"font-size: medium;\"><em>\u00a0<\/em><\/span><\/p>\n<p style=\"text-align: justify;\"><span style=\"font-size: medium;\">Y es que incluso se cuenta, seg\u00fan afirma el periodista <strong><a title=\"El para\u00edso maldito\" href=\" http:\/\/books.google.es\/books\/about\/El_para%C3%ADso_maldito.html?id=JTq1cTHZB0oC\">Iker Jim\u00e9nez<\/a><\/strong>, que una plaga de <em>ehlabones<\/em> oblig\u00f3 a los pobladores del apartado caser\u00edo de <strong>El Moral<\/strong> a abandonar para siempre sus hogares. Hoy, la piedra desnuda de ese despoblado hurdano nos recuerda la amarga tragedia.<\/span><\/p>\n<p style=\"text-align: justify;\">\n<p>&nbsp;<\/p>\n<p>&nbsp;<\/p>\n<p>&nbsp;<\/p>\n<p>&nbsp;<\/p>\n<!-- AddThis Advanced Settings generic via filter on the_content --><!-- AddThis Share Buttons generic via filter on the_content -->","protected":false},"excerpt":{"rendered":"<p>Hemos hablado ya de serpientes monstruosas y de culebras mamadoras, pero nos quedaba hablar de otras peque\u00f1as, pero matonas: culebras legendarias que matan pueblos enteros s\u00f3lo con su mort\u00edfero veneno. O al menos eso dice el saber popular, porque el cient\u00edfico afirma que de venenosas, nada. Hablamos de reptiles que bordean, con su cuerpo curvil\u00edneo, [&hellip;]<!-- AddThis Advanced Settings generic via filter on get_the_excerpt --><!-- AddThis Share Buttons generic via filter on get_the_excerpt --><\/p>\n","protected":false},"author":20,"featured_media":0,"comment_status":"open","ping_status":"closed","sticky":false,"template":"","format":"standard","meta":[],"categories":[2],"tags":[98,320,365,367,377,378,381,382,383,450,477,673,828,829,831,838,916,1002,1079,1087,1108,1271],"_links":{"self":[{"href":"https:\/\/blogs.hoy.es\/extremadurasecreta\/wp-json\/wp\/v2\/posts\/891"}],"collection":[{"href":"https:\/\/blogs.hoy.es\/extremadurasecreta\/wp-json\/wp\/v2\/posts"}],"about":[{"href":"https:\/\/blogs.hoy.es\/extremadurasecreta\/wp-json\/wp\/v2\/types\/post"}],"author":[{"embeddable":true,"href":"https:\/\/blogs.hoy.es\/extremadurasecreta\/wp-json\/wp\/v2\/users\/20"}],"replies":[{"embeddable":true,"href":"https:\/\/blogs.hoy.es\/extremadurasecreta\/wp-json\/wp\/v2\/comments?post=891"}],"version-history":[{"count":0,"href":"https:\/\/blogs.hoy.es\/extremadurasecreta\/wp-json\/wp\/v2\/posts\/891\/revisions"}],"wp:attachment":[{"href":"https:\/\/blogs.hoy.es\/extremadurasecreta\/wp-json\/wp\/v2\/media?parent=891"}],"wp:term":[{"taxonomy":"category","embeddable":true,"href":"https:\/\/blogs.hoy.es\/extremadurasecreta\/wp-json\/wp\/v2\/categories?post=891"},{"taxonomy":"post_tag","embeddable":true,"href":"https:\/\/blogs.hoy.es\/extremadurasecreta\/wp-json\/wp\/v2\/tags?post=891"}],"curies":[{"name":"wp","href":"https:\/\/api.w.org\/{rel}","templated":true}]}}