{"id":905,"date":"2014-02-28T00:37:18","date_gmt":"2014-02-27T22:37:18","guid":{"rendered":"http:\/\/blogs.hoy.es\/extremadurasecreta\/?p=905"},"modified":"2014-02-28T00:37:18","modified_gmt":"2014-02-27T22:37:18","slug":"el-diablo-burlon","status":"publish","type":"post","link":"https:\/\/blogs.hoy.es\/extremadurasecreta\/2014\/02\/28\/el-diablo-burlon\/","title":{"rendered":"El Diablo Burl\u00f3n."},"content":{"rendered":"<div id=\"attachment_906\" style=\"width: 310px\" class=\"wp-caption alignleft\"><a href=\"\/extremadurasecreta\/wp-content\/uploads\/sites\/16\/2014\/02\/Fauno-peque_edited.jpg\"><img aria-describedby=\"caption-attachment-906\" loading=\"lazy\" class=\"size-medium wp-image-906\" title=\"Fauno peque_edited\" src=\"\/extremadurasecreta\/wp-content\/uploads\/sites\/16\/2014\/02\/Fauno-peque_edited.jpg\" alt=\"\" width=\"300\" height=\"240\" srcset=\"https:\/\/static-blogs.hoy.es\/wp-content\/uploads\/sites\/16\/2014\/02\/Fauno-peque_edited.jpg 2090w, https:\/\/static-blogs.hoy.es\/wp-content\/uploads\/sites\/16\/2014\/02\/Fauno-peque_edited-300x241.jpg 300w, https:\/\/static-blogs.hoy.es\/wp-content\/uploads\/sites\/16\/2014\/02\/Fauno-peque_edited-768x616.jpg 768w, https:\/\/static-blogs.hoy.es\/wp-content\/uploads\/sites\/16\/2014\/02\/Fauno-peque_edited-1024x821.jpg 1024w\" sizes=\"(max-width: 300px) 100vw, 300px\" \/><\/a><p id=\"caption-attachment-906\" class=\"wp-caption-text\">Ilustraci\u00f3n: Borja Gonz\u00e1lez Hoyos<\/p><\/div>\n<p style=\"text-align: justify;\">Por primera vez (y sin que sirva de precedente) voy a atreverme a dar nombre a un ser que lleva siglos pululando por nuestros bosques y valles, asustando a peque\u00f1os y mayores, y al que a\u00fan no sab\u00edamos muy bien c\u00f3mo llamar.<\/p>\n<p style=\"text-align: justify;\">Se trata de <strong>El Diablo Burl\u00f3n<\/strong>, primo hermano del <strong><a title=\"Seres M\u00e1gicos de Espa\u00f1a: Duendes\" href=\"http:\/\/books.google.es\/books\/about\/Duendes.html?id=eBtLHMa0aikC\" rel=\"external nofollow\">Dia\u00f1o Burl\u00f3n<\/a><\/strong> norte\u00f1o y que debi\u00f3 de bajar escondido con los astures que repoblaron parte de las tierras extreme\u00f1as.<\/p>\n<p style=\"text-align: justify;\">Se trata de un ser al que ya conocemos en parte, pariente sin duda de nuestro <strong><a title=\"El Macho Lan\u00fa: cuando el diablo se encabrona\" href=\"https:\/\/blogs.hoy.es\/extremadurasecreta\/2012\/12\/05\/el-macho-lanu-cuando-el-diablo-se-encabrona\/\">Macho Lan\u00fa<\/a>,<\/strong> del que se ha contagiado de la seriedad de la que carece en el norte. <a title=\"El patas de cabra y las lamias cast\u00faas\" href=\"https:\/\/blogs.hoy.es\/extremadurasecreta\/2013\/02\/13\/el-patas-de-cabra-y-las-lamias-castuas\/\">Tiene forma humana de cintura para arriba y patas de cabra de cintura para abajo<\/a>, aunque tambi\u00e9n se presenta en forma humana, generalmente <strong>un beb\u00e9 o un ni\u00f1o indefenso. <\/strong><\/p>\n<p style=\"text-align: justify;\"><strong>\u00a0<\/strong><\/p>\n<p style=\"text-align: justify;\">Pero lo normal es que adopte formas animales como cabras, carneros, corderillos, caballos o burros,\u00a0 desplegando su actividad durante la noche, asustando al caminante que anda a deshora, desorientando al campesino que busca el ganado perdido, ri\u00e9ndose de los que corren a apagar incendios inexistentes o burl\u00e1ndose de los mozos que regresan tarde de la fiesta. El animal en principio no da motivo de sospecha, aunque m\u00e1s tarde se comporte de la manera mas extra\u00f1a que se pueda imaginar.<\/p>\n<div id=\"attachment_907\" style=\"width: 146px\" class=\"wp-caption alignright\"><a href=\"\/extremadurasecreta\/wp-content\/uploads\/sites\/16\/2014\/02\/1-049_edited_edited_790x1742.jpg\"><img aria-describedby=\"caption-attachment-907\" loading=\"lazy\" class=\"size-medium wp-image-907\" title=\"1 049_edited_edited_790x1742\" src=\"\/extremadurasecreta\/wp-content\/uploads\/sites\/16\/2014\/02\/1-049_edited_edited_790x1742.jpg\" alt=\"\" width=\"136\" height=\"300\" srcset=\"https:\/\/static-blogs.hoy.es\/wp-content\/uploads\/sites\/16\/2014\/02\/1-049_edited_edited_790x1742.jpg 790w, https:\/\/static-blogs.hoy.es\/wp-content\/uploads\/sites\/16\/2014\/02\/1-049_edited_edited_790x1742-136x300.jpg 136w, https:\/\/static-blogs.hoy.es\/wp-content\/uploads\/sites\/16\/2014\/02\/1-049_edited_edited_790x1742-768x1693.jpg 768w, https:\/\/static-blogs.hoy.es\/wp-content\/uploads\/sites\/16\/2014\/02\/1-049_edited_edited_790x1742-464x1024.jpg 464w\" sizes=\"(max-width: 136px) 100vw, 136px\" \/><\/a><p id=\"caption-attachment-907\" class=\"wp-caption-text\">Fauno en la iglesia de Garrovillas de Alcon\u00e9tar (A. Briz)<\/p><\/div>\n<p style=\"text-align: justify;\">Pero la leyenda toma visos de realidad cuando en su libro hurdano\u00a0<strong><a title=\"El para\u00edso maldito\" href=\"http:\/\/books.google.es\/books?id=JiRSQ6HnVhQC&#038;printsec=frontcover&#038;dq=iker+jimenez+paraiso+maldito&#038;hl=es&#038;sa=X&#038;ei=g7QPU76LBub07Abl6YGwCA&#038;ved=0CDIQ6AEwAA#v=onepage&#038;q=iker%20jimenez%20paraiso%20maldito&#038;f=false\" rel=\"external nofollow\">Iker Jim\u00e9nez<\/a><\/strong> da nombre y apellidos. El nombre es <strong>Vicente<\/strong>, y el apellido <strong>Jap\u00f3n<\/strong>, y era un pastor\u00a0 que vivi\u00f3 y muri\u00f3 en los altos riscos de <strong>La Huetre<\/strong>. Una noche, al recoger el ganado, se percata de que faltaba una chiva. Tras buscarla desesperado oye a un macho negruzco que parece perdido por aquellos pagos en los que ya casi nada se ve. Persigue Vicente al animal hasta\u00a0 que da con \u00e9l y se lo carga a la espalda para volver al corral. Y es justamente al ir entrando en el pueblo cuando siente que la carga se hace cada vez m\u00e1s pesada, tanto que se le van doblando los brazos por el dolor. En ese mismo momento escucha una voz humana, ronca y profunda, que le dice al o\u00eddo:<\/p>\n<p style=\"text-align: justify;\">&#8211;\u00a0\u00a0\u00a0\u00a0\u00a0\u00a0 <em>Vicente\u2026, Vicente\u201d<\/em><\/p>\n<p style=\"text-align: justify;\">Vicente suelta espantado a la bestia, que en lugar de huir se\u00a0 encara con el pastor mostrando un rostro humano y deforme, muy distinto al que hab\u00eda observado en el monte.<strong><a title=\"El patas de cabra y las lamias cast\u00faas\" href=\"https:\/\/blogs.hoy.es\/extremadurasecreta\/2013\/02\/13\/el-patas-de-cabra-y-las-lamias-castuas\/\">El fauno<\/a>\u00a0<\/strong>comienza a erguirse al tiempo que <strong>T\u00edo Vicente<\/strong> pone pies en polvorosa despertando a medio pueblo con sus gritos. Desde entonces cuentan los vecinos que\u00a0 no volvi\u00f3 a pastorear de noche.<\/p>\n<p style=\"text-align: justify;\">Y es que al Diablo Burl\u00f3n es frecuente encontrarlo como carnero perdido o corderillo malherido que una vez recogido se ira haciendo cada vez m\u00e1s y m\u00e1s pesado. Eso le pas\u00f3 a Perico, un pastor de <strong>Ahigal<\/strong> due\u00f1o de un buen hato de cabras. Contaba el sacerdote <strong>Segundo Garc\u00eda y Garc\u00eda<\/strong> en <em>Flores de mi tierra<\/em>\u00a0que cada ma\u00f1ana conduc\u00eda su ganado a las tierras barbecheras o ya segadas y, al atardecer, regresaba al aprisco para orde\u00f1arlo. Aquel d\u00eda sigui\u00f3 la misma rutina, pero al contar las ovejas que entraban en el corral not\u00f3 que le faltaba el macho.<\/p>\n<div id=\"attachment_908\" style=\"width: 310px\" class=\"wp-caption alignleft\"><a href=\"\/extremadurasecreta\/wp-content\/uploads\/sites\/16\/2014\/02\/GREDOS-e-LAGUNA-GRANDE-2012-30_edited.jpg\"><img aria-describedby=\"caption-attachment-908\" loading=\"lazy\" class=\"size-medium wp-image-908\" title=\"GREDOS-e-LAGUNA GRANDE-2012 (30)_edited\" src=\"\/extremadurasecreta\/wp-content\/uploads\/sites\/16\/2014\/02\/GREDOS-e-LAGUNA-GRANDE-2012-30_edited.jpg\" alt=\"\" width=\"300\" height=\"200\" srcset=\"https:\/\/static-blogs.hoy.es\/wp-content\/uploads\/sites\/16\/2014\/02\/GREDOS-e-LAGUNA-GRANDE-2012-30_edited.jpg 1600w, https:\/\/static-blogs.hoy.es\/wp-content\/uploads\/sites\/16\/2014\/02\/GREDOS-e-LAGUNA-GRANDE-2012-30_edited-300x201.jpg 300w, https:\/\/static-blogs.hoy.es\/wp-content\/uploads\/sites\/16\/2014\/02\/GREDOS-e-LAGUNA-GRANDE-2012-30_edited-768x514.jpg 768w, https:\/\/static-blogs.hoy.es\/wp-content\/uploads\/sites\/16\/2014\/02\/GREDOS-e-LAGUNA-GRANDE-2012-30_edited-1024x685.jpg 1024w\" sizes=\"(max-width: 300px) 100vw, 300px\" \/><\/a><p id=\"caption-attachment-908\" class=\"wp-caption-text\">Una cabra perdida es un peligro... (Jimber)<\/p><\/div>\n<p style=\"text-align: justify;\">Como siempre hac\u00eda ante cualquier p\u00e9rdida, Perico se hinc\u00f3 de rodillas y rez\u00f3 el <strong>responso a San Antonio<\/strong>, con el fin de que el santo lo protegiera contra<a title=\"Ritos ancestrales: El Jarramplas\" href=\"https:\/\/blogs.hoy.es\/extremadurasecreta\/2014\/01\/20\/ritos-ancestrales-el-jarramplas\/\"> <strong>lobos y quebrantos<\/strong><\/a>. Sin pensarlo dos veces sali\u00f3 en su busca.<\/p>\n<p style=\"text-align: justify;\">La noche se fue cerrando, pero, a pesar de la oscuridad, Perico se encamin\u00f3 hac\u00eda el <strong>Lagar de Calle<\/strong>, por donde el reba\u00f1o hab\u00eda pastado aquella tarde, y al cabo oy\u00f3 unos balidos, que le condujeron a donde se encontraba el macho. Tendido sobre unos canchos estaba el animal y con pocas ganas de moverse. Lejos de mostrar su enfado, le acarici\u00f3 el lomo, al tiempo de decirle en tono cari\u00f1oso:<\/p>\n<p style=\"text-align: justify;\"><em>\u00a0<\/em><\/p>\n<p style=\"text-align: justify;\"><em>-\u00a1Ay, Sult\u00e1n, Sult\u00e1n! \u00a1Que te vas haciendo viejo!<\/em><\/p>\n<p style=\"text-align: justify;\">Mucha fuerza deb\u00eda tener el pastor Perico, porque sin pensarlo dos veces le levant\u00f3 las manos al semental, coloc\u00f3 cada una en un hombro y lo arrastr\u00f3 apoyado sobre sus espaldas. No habr\u00eda andado m\u00e1s que un tiro de honda cuando el pastor Perico sinti\u00f3 un mordisco en el cogote que lo dej\u00f3 casi traspuesto. Sin soltarle las patas al macho, mir\u00f3 hacia atr\u00e1s y vio que echaba fuego por los ojos. Lo que el pastor Perico llevaba sobre sus espaldas no era el macho cabr\u00edo; era el mism\u00edsimo diablo de carne y hueso.<\/p>\n<div id=\"attachment_909\" style=\"width: 235px\" class=\"wp-caption alignright\"><a href=\"\/extremadurasecreta\/wp-content\/uploads\/sites\/16\/2014\/02\/P3130035_edited_1488x1984.jpg\"><img aria-describedby=\"caption-attachment-909\" loading=\"lazy\" class=\"size-medium wp-image-909\" title=\"OLYMPUS DIGITAL CAMERA\" src=\"\/extremadurasecreta\/wp-content\/uploads\/sites\/16\/2014\/02\/P3130035_edited_1488x1984.jpg\" alt=\"\" width=\"225\" height=\"300\" srcset=\"https:\/\/static-blogs.hoy.es\/wp-content\/uploads\/sites\/16\/2014\/02\/P3130035_edited_1488x1984.jpg 1488w, https:\/\/static-blogs.hoy.es\/wp-content\/uploads\/sites\/16\/2014\/02\/P3130035_edited_1488x1984-225x300.jpg 225w, https:\/\/static-blogs.hoy.es\/wp-content\/uploads\/sites\/16\/2014\/02\/P3130035_edited_1488x1984-768x1024.jpg 768w\" sizes=\"(max-width: 225px) 100vw, 225px\" \/><\/a><p id=\"caption-attachment-909\" class=\"wp-caption-text\">Por la calle de las calaveras pas\u00f3 la cabra (Israel J. Espino)<\/p><\/div>\n<p style=\"text-align: justify;\">Este dio un respingo, ech\u00f3 a correr haciendo cabriolas y soltando una risotada que atronaba todas las vaguadas del Palomero. Y Perico, que se qued\u00f3 m\u00e1s tieso que el badajo de un cencerro, no tard\u00f3 en reponerse y salir corriendo sin parar hasta la majada. Aquella noche se olvid\u00f3 del macho y se prometi\u00f3 nunca m\u00e1s salir en busca de animales perdidos tras la puesta del sol.<\/p>\n<p style=\"text-align: justify;\">\u00a0Y no fue el \u00fanico en el pueblo, porque ya <strong><em>los quintos<\/em><\/strong> de\u00a0 ese mismo pueblo, seg\u00fan nos contaba el investigador<a title=\"Los Cuentos de Ahigal, una antigua enciclopedia extreme\u00f1a\" href=\"https:\/\/blogs.hoy.es\/extremadurasecreta\/2012\/09\/22\/los-cuentos-de-ahigal-una-antigua-enciclopedia-extremena\/\"> <strong>Jose Mar\u00eda Dom\u00ednguez Moreno<\/strong><\/a>, \u00a0hab\u00edan tenido un encuentro con unas cabras diab\u00f3licas que en la oscuridad de la noche los llevaron hasta las mismas puertas del infierno:<\/p>\n<div class=\"mceTemp\" style=\"text-align: justify;\"><span style=\"text-align: justify;\">Iban los mozos de ronda y por la <\/span><strong style=\"text-align: justify;\">calle de las Calaveras<\/strong><span style=\"text-align: justify;\"> sintieron berrear una cabra, que imaginaron que era de t\u00eda Cristeta la Guardi\u00f1a\u2026 Los quintos la persegu\u00edan y la cabra, requiebro tras requiebro, los fue sacando del pueblo. Los quintos tras la cabra iban campo a trav\u00e9s, y burla burlando, llegaron y se vieron metidos entre unos jarales de Vega Jerrero, poco menos que a media legua\u2026 De pronto cientos de cabras surgidas de entre los jarales rodearon a los mozos emitiendo, en lugar de balidos, enormes carcajadas, al tiempo que eman\u00f3 del suelo un insoportable olor a azufre.<\/span><\/div>\n<p style=\"text-align: justify;\">Un suceso semejante se relata en <strong>Ceclav\u00edn<\/strong>, donde la persecuci\u00f3n de la cabra llev\u00f3 a los mozos en la oscuridad de la noche hasta los <strong><a title=\"La piedra del tesoro\" href=\"https:\/\/blogs.hoy.es\/extremadurasecreta\/2012\/03\/19\/la-piedra-del-tesoro\/\">Canchos de Ramiro<\/a><\/strong>. Tambi\u00e9n aqu\u00ed la cabra no era otra que la encarnaci\u00f3n del demonio. Tal personificaci\u00f3n se hace patente en m\u00faltiples leyendas repartidas por toda Extremadura, pero\u2026<\/p>\n<div id=\"attachment_911\" style=\"width: 310px\" class=\"wp-caption alignleft\"><a href=\"\/extremadurasecreta\/wp-content\/uploads\/sites\/16\/2014\/02\/DSCN5456_edited_1824x1368.jpg\"><img aria-describedby=\"caption-attachment-911\" loading=\"lazy\" class=\"size-medium wp-image-911\" title=\"DSCN5456_edited_1824x1368\" src=\"\/extremadurasecreta\/wp-content\/uploads\/sites\/16\/2014\/02\/DSCN5456_edited_1824x1368.jpg\" alt=\"\" width=\"300\" height=\"225\" srcset=\"https:\/\/static-blogs.hoy.es\/wp-content\/uploads\/sites\/16\/2014\/02\/DSCN5456_edited_1824x1368.jpg 1824w, https:\/\/static-blogs.hoy.es\/wp-content\/uploads\/sites\/16\/2014\/02\/DSCN5456_edited_1824x1368-300x225.jpg 300w, https:\/\/static-blogs.hoy.es\/wp-content\/uploads\/sites\/16\/2014\/02\/DSCN5456_edited_1824x1368-768x576.jpg 768w, https:\/\/static-blogs.hoy.es\/wp-content\/uploads\/sites\/16\/2014\/02\/DSCN5456_edited_1824x1368-1024x768.jpg 1024w\" sizes=\"(max-width: 300px) 100vw, 300px\" \/><\/a><p id=\"caption-attachment-911\" class=\"wp-caption-text\">El t\u00edo Cristino, tamborilero de El Gasco (A. Briz)<\/p><\/div>\n<p style=\"text-align: justify;\">Pero quiz\u00e1 lo m\u00e1s intrigante de esta historia es que no es una simple leyenda&#8230; hace unos meses me contaba el<a title=\"Encuentros mortales con lo desconocido\" href=\"https:\/\/blogs.hoy.es\/extremadurasecreta\/2013\/10\/18\/encuentros-mortales-con-lo-desconocido\/\"> <strong>Tio Cristino<\/strong>, tamborilero de <strong>El Gasco<\/strong><\/a>, que una mala noche, hace muchos a\u00f1os, su suegro tuvo que bajarse al pueblo sin una cabra que le faltaba. Cuando ya era noche cerrada, sin quitarse al animal de la cabeza, decidi\u00f3 subir al redil a\u00a0 ver si hab\u00eda vuelto la cabra que se le hab\u00eda perdido. Y all\u00ed estaba, pero no se dejaba coger. De pronto \u201c<em>peg\u00f3 unos llamarazos\u201d <\/em>y saltando la tapia se hundi\u00f3 en el r\u00edo. El T\u00edo Cristino lo ten\u00eda claro: eso no era una cabra, era algo malo. Malo y negro. Como el mismo diablo.<\/p>\n<!-- AddThis Advanced Settings generic via filter on the_content --><!-- AddThis Share Buttons generic via filter on the_content -->","protected":false},"excerpt":{"rendered":"<p>Por primera vez (y sin que sirva de precedente) voy a atreverme a dar nombre a un ser que lleva siglos pululando por nuestros bosques y valles, asustando a peque\u00f1os y mayores, y al que a\u00fan no sab\u00edamos muy bien c\u00f3mo llamar. Se trata de El Diablo Burl\u00f3n, primo hermano del Dia\u00f1o Burl\u00f3n norte\u00f1o y [&hellip;]<!-- AddThis Advanced Settings generic via filter on get_the_excerpt --><!-- AddThis Share Buttons generic via filter on get_the_excerpt --><\/p>\n","protected":false},"author":20,"featured_media":0,"comment_status":"open","ping_status":"closed","sticky":false,"template":"","format":"standard","meta":[],"categories":[2],"tags":[31,131,176,282,390,443,497,703,771,793,898,946,1012,1020,1177],"_links":{"self":[{"href":"https:\/\/blogs.hoy.es\/extremadurasecreta\/wp-json\/wp\/v2\/posts\/905"}],"collection":[{"href":"https:\/\/blogs.hoy.es\/extremadurasecreta\/wp-json\/wp\/v2\/posts"}],"about":[{"href":"https:\/\/blogs.hoy.es\/extremadurasecreta\/wp-json\/wp\/v2\/types\/post"}],"author":[{"embeddable":true,"href":"https:\/\/blogs.hoy.es\/extremadurasecreta\/wp-json\/wp\/v2\/users\/20"}],"replies":[{"embeddable":true,"href":"https:\/\/blogs.hoy.es\/extremadurasecreta\/wp-json\/wp\/v2\/comments?post=905"}],"version-history":[{"count":0,"href":"https:\/\/blogs.hoy.es\/extremadurasecreta\/wp-json\/wp\/v2\/posts\/905\/revisions"}],"wp:attachment":[{"href":"https:\/\/blogs.hoy.es\/extremadurasecreta\/wp-json\/wp\/v2\/media?parent=905"}],"wp:term":[{"taxonomy":"category","embeddable":true,"href":"https:\/\/blogs.hoy.es\/extremadurasecreta\/wp-json\/wp\/v2\/categories?post=905"},{"taxonomy":"post_tag","embeddable":true,"href":"https:\/\/blogs.hoy.es\/extremadurasecreta\/wp-json\/wp\/v2\/tags?post=905"}],"curies":[{"name":"wp","href":"https:\/\/api.w.org\/{rel}","templated":true}]}}