{"id":939,"date":"2014-04-08T00:40:48","date_gmt":"2014-04-07T22:40:48","guid":{"rendered":"http:\/\/blogs.hoy.es\/extremadurasecreta\/?p=939"},"modified":"2014-04-08T00:40:48","modified_gmt":"2014-04-07T22:40:48","slug":"si-te-pica-el-alicante-llama-al-cura-y-que-te-cante","status":"publish","type":"post","link":"https:\/\/blogs.hoy.es\/extremadurasecreta\/2014\/04\/08\/si-te-pica-el-alicante-llama-al-cura-y-que-te-cante\/","title":{"rendered":"Si te pica el alicante, llama al cura y que te cante"},"content":{"rendered":"<p>&nbsp;<\/p>\n<div id=\"attachment_940\" style=\"width: 310px\" class=\"wp-caption alignleft\"><a href=\"\/extremadurasecreta\/wp-content\/uploads\/sites\/16\/2014\/04\/PERROSpeque.jpg\"><img aria-describedby=\"caption-attachment-940\" loading=\"lazy\" class=\"size-medium wp-image-940\" title=\"PERROSpeque\" src=\"\/extremadurasecreta\/wp-content\/uploads\/sites\/16\/2014\/04\/PERROSpeque.jpg\" alt=\"\" width=\"300\" height=\"213\" srcset=\"https:\/\/static-blogs.hoy.es\/wp-content\/uploads\/sites\/16\/2014\/04\/PERROSpeque.jpg 4224w, https:\/\/static-blogs.hoy.es\/wp-content\/uploads\/sites\/16\/2014\/04\/PERROSpeque-300x214.jpg 300w, https:\/\/static-blogs.hoy.es\/wp-content\/uploads\/sites\/16\/2014\/04\/PERROSpeque-768x547.jpg 768w, https:\/\/static-blogs.hoy.es\/wp-content\/uploads\/sites\/16\/2014\/04\/PERROSpeque-1024x729.jpg 1024w\" sizes=\"(max-width: 300px) 100vw, 300px\" \/><\/a><p id=\"caption-attachment-940\" class=\"wp-caption-text\">Ilustraci\u00f3n: Borja Gonz\u00e1lez<\/p><\/div>\n<p style=\"text-align: justify;\">Con esta tajante sentencia aseveraban nuestros abuelos la muerte inexorable del desgraciado al que mord\u00eda un <strong>\u201calicante<\/strong>\u201d,\u00a0<a title=\"Serpientes legendarias : el deslab\u00f3n\" href=\"https:\/\/blogs.hoy.es\/extremadurasecreta\/2014\/02\/07\/serpientes-legendarias-el-deslabon\/\"><strong>otro de estos temibles ofidios legendarios a los que el pueblo teme y la ciencia exonera<\/strong>, <strong>como el eslab\u00f3n<\/strong><\/a>. Vive en las\u00a0 ruinas de las casas abandonadas, en los establos poco cuidados y en los\u00a0 tejados viejos de pueblos como El <strong>Carrascalejo<\/strong>, donde en mis largas tardes de verano infantil encontr\u00e9 m\u00e1s de uno reptando\u00a0 entre pedazos rojos de c\u00e1ntaros y tejas rotas.<\/p>\n<p style=\"text-align: justify;\">Afirman los entendidos en bichos que en realidad el \u201calicante\u201d no es m\u00e1s que \u00a0la culebra de herradura (Hemorrhois hippocrepis), f\u00e1cilmente identificable por un dibujo en forma de rosario que atraviesa su dorso. Y no solo no es mortal de necesidad, sino que ni siquiera es venenosa, aunque parace cierto que no duda en atacar cuando se ve acorralada, e incluso emite bufidos y propina latigazos con la cola.<\/p>\n<p style=\"text-align: justify;\">Pero cuando al pueblo se le mete algo en la cabeza no hay quien se lo quite, y al alicante no solo lo han hecho mort\u00edfero, sino tambi\u00e9n ciego, como a otros reptiles casi m\u00e1gicos que arrastran su vientre por los suelos extreme\u00f1os. As\u00ed, se sigue afirmando aquello de que :<\/p>\n<a href=\"\/extremadurasecreta\/wp-content\/uploads\/sites\/16\/2014\/04\/a-341_edited_1195x800.jpg\"><img loading=\"lazy\" class=\"size-medium wp-image-942\" title=\"a (341)_edited_1195x800\" src=\"\/extremadurasecreta\/wp-content\/uploads\/sites\/16\/2014\/04\/a-341_edited_1195x800.jpg\" alt=\"\" width=\"300\" height=\"200\" srcset=\"https:\/\/static-blogs.hoy.es\/wp-content\/uploads\/sites\/16\/2014\/04\/a-341_edited_1195x800.jpg 1195w, https:\/\/static-blogs.hoy.es\/wp-content\/uploads\/sites\/16\/2014\/04\/a-341_edited_1195x800-300x201.jpg 300w, https:\/\/static-blogs.hoy.es\/wp-content\/uploads\/sites\/16\/2014\/04\/a-341_edited_1195x800-768x514.jpg 768w, https:\/\/static-blogs.hoy.es\/wp-content\/uploads\/sites\/16\/2014\/04\/a-341_edited_1195x800-1024x686.jpg 1024w\" sizes=\"(max-width: 300px) 100vw, 300px\" \/><\/a>\n<p style=\"text-align: justify;\"><em>\u00a0<\/em><\/p>\n<p style=\"text-align: justify;\">\n<p style=\"text-align: justify;\"><em>\u201cSi la v\u00edbora oyera<\/em><\/p>\n<div class=\"mceTemp\"><em style=\"text-align: justify;\">y el alicante viera<\/em><\/div>\n<h1 style=\"text-align: justify;\"><em style=\"font-size: 13px; font-weight: normal;\">no habr\u00eda hombre<\/em><\/h1>\n<p style=\"text-align: justify;\"><em>que al campo saliera.\u201d<\/em><\/p>\n<p style=\"text-align: justify;\">\n<p style=\"text-align: justify;\">\n<p style=\"text-align: justify;\">\n<p style=\"text-align: justify;\">No lejos de <strong>Carrascalejo<\/strong>, en el pueblo de <strong>Mirandilla,<\/strong> se cuenta todav\u00eda de boca en boca la historia de \u201cel c\u00falebre\u201d y una mujer que viv\u00eda en un chozo y ten\u00edan una hijo peque\u00f1o al que amamantaba. El ni\u00f1o no crece, y amanece cada d\u00eda con escamas en la boca. La pobre mujer deduce que es una \u201calicante\u201d, quien cada vez que ella se duerme amamantado a la criatura succiona su pecho, introduciendo al mismo tiempo su cola en la boca del peque\u00f1o para que no llore. Un buen d\u00eda decide poner ceniza en el suelo para seguir el rastro de la serpiente. As\u00ed encuentran su escondrijo y consiguen matarla, salvando al mismo tiempo la vida de su hijo, casi muerto de inanici\u00f3n.<\/p>\n<p style=\"text-align: justify;\">\u00bfLes suena la historia? Es que<a title=\"Las culebras que mamaban de las mujeres\" href=\"https:\/\/blogs.hoy.es\/extremadurasecreta\/2013\/01\/15\/las-culebras-que-mamaban-de-las-mujeres\/\"> <strong>ya la contamos en otro art\u00edculo, referido a otras bichas, donde contamos adem\u00e1s como defenderse de las serpientes mamadoras<\/strong>.<\/a><\/p>\n<p style=\"text-align: justify;\"><em>\u00a0<\/em><\/p>\n<a href=\"\/extremadurasecreta\/wp-content\/uploads\/sites\/16\/2014\/04\/AA-130_edited.jpg\"><img loading=\"lazy\" class=\"size-medium wp-image-941\" title=\"AA (130)_edited\" src=\"\/extremadurasecreta\/wp-content\/uploads\/sites\/16\/2014\/04\/AA-130_edited.jpg\" alt=\"\" width=\"198\" height=\"300\" srcset=\"https:\/\/static-blogs.hoy.es\/wp-content\/uploads\/sites\/16\/2014\/04\/AA-130_edited.jpg 1059w, https:\/\/static-blogs.hoy.es\/wp-content\/uploads\/sites\/16\/2014\/04\/AA-130_edited-768x1160.jpg 768w, https:\/\/static-blogs.hoy.es\/wp-content\/uploads\/sites\/16\/2014\/04\/AA-130_edited-678x1024.jpg 678w\" sizes=\"(max-width: 198px) 100vw, 198px\" \/><\/a>\n<p style=\"text-align: justify;\"><em>\u00a0<\/em><\/p>\n<p style=\"text-align: justify;\"><em>\u00a0<\/em><\/p>\n<p style=\"text-align: justify;\">\u00a0Y si no quieres arroz, toma dos tazas, porque en <strong>Fregenal de la Sierra<\/strong>, en la calle de <strong>la <a title=\"De Aullones, Pantarujas, Mantarujas y Pamparamantas\" href=\"https:\/\/blogs.hoy.es\/extremadurasecreta\/2012\/02\/27\/de-aullones-pantarujas-pamparullas-y-pamparamantas\/\">Pantaruja<\/a><\/strong>, fueron\u00a0 dos los alicantes que entraron al un\u00edsono en la habitaci\u00f3n de una mujer lactante y comenzaron, al mismo tiempo, a mamar de sus pechos. No me lo invento yo, que se lo cuenta un anciano del pueblo al antrop\u00f3logo<strong> <a title=\"De culebras y serpientes\" href=\"http:\/\/apea.blogspot.com.es\/2013\/02\/cronica-nuevas-publicaciones-de-la.html\" rel=\"external nofollow\">Ismael S\u00e1nchez Exp\u00f3sito<\/a> <\/strong>con pelos y se\u00f1ales. Menudo espect\u00e1culo.<\/p>\n<p style=\"text-align: justify;\"><em>\u00a0<\/em><\/p>\n<p style=\"text-align: justify;\"><em>\u00a0<\/em><\/p>\n<p style=\"text-align: justify;\"><em>\u00a0<\/em><\/p>\n<p style=\"text-align: justify;\"><em>\u00a0<\/em><\/p>\n<p style=\"text-align: justify;\"><em>\u00a0<\/em><\/p>\n<p style=\"text-align: justify;\"><em>\u00a0<\/em><\/p>\n<p style=\"text-align: justify;\"><em>\u00a0<\/em><\/p>\n<p style=\"text-align: justify;\"><em>\u00a0<\/em><\/p>\n<p style=\"text-align: justify;\"><em>\u00a0<\/em><\/p>\n<p style=\"text-align: justify;\"><em>\u00a0<\/em><\/p>\n<p style=\"text-align: justify;\"><em>\u00a0<\/em><\/p>\n<p style=\"text-align: justify;\"><em>\u00a0<\/em><\/p>\n<p style=\"text-align: justify;\"><em>\u00a0<\/em><\/p>\n<p style=\"text-align: justify;\"><em>\u00a0<\/em><\/p>\n<!-- AddThis Advanced Settings generic via filter on the_content --><!-- AddThis Share Buttons generic via filter on the_content -->","protected":false},"excerpt":{"rendered":"<p>&nbsp; Con esta tajante sentencia aseveraban nuestros abuelos la muerte inexorable del desgraciado al que mord\u00eda un \u201calicante\u201d,\u00a0otro de estos temibles ofidios legendarios a los que el pueblo teme y la ciencia exonera, como el eslab\u00f3n. Vive en las\u00a0 ruinas de las casas abandonadas, en los establos poco cuidados y en los\u00a0 tejados viejos de [&hellip;]<!-- AddThis Advanced Settings generic via filter on get_the_excerpt --><!-- AddThis Share Buttons generic via filter on get_the_excerpt --><\/p>\n","protected":false},"author":20,"featured_media":0,"comment_status":"open","ping_status":"closed","sticky":false,"template":"","format":"standard","meta":[],"categories":[2],"tags":[14,54,365,366,431,525,842,932,1108,1254],"_links":{"self":[{"href":"https:\/\/blogs.hoy.es\/extremadurasecreta\/wp-json\/wp\/v2\/posts\/939"}],"collection":[{"href":"https:\/\/blogs.hoy.es\/extremadurasecreta\/wp-json\/wp\/v2\/posts"}],"about":[{"href":"https:\/\/blogs.hoy.es\/extremadurasecreta\/wp-json\/wp\/v2\/types\/post"}],"author":[{"embeddable":true,"href":"https:\/\/blogs.hoy.es\/extremadurasecreta\/wp-json\/wp\/v2\/users\/20"}],"replies":[{"embeddable":true,"href":"https:\/\/blogs.hoy.es\/extremadurasecreta\/wp-json\/wp\/v2\/comments?post=939"}],"version-history":[{"count":0,"href":"https:\/\/blogs.hoy.es\/extremadurasecreta\/wp-json\/wp\/v2\/posts\/939\/revisions"}],"wp:attachment":[{"href":"https:\/\/blogs.hoy.es\/extremadurasecreta\/wp-json\/wp\/v2\/media?parent=939"}],"wp:term":[{"taxonomy":"category","embeddable":true,"href":"https:\/\/blogs.hoy.es\/extremadurasecreta\/wp-json\/wp\/v2\/categories?post=939"},{"taxonomy":"post_tag","embeddable":true,"href":"https:\/\/blogs.hoy.es\/extremadurasecreta\/wp-json\/wp\/v2\/tags?post=939"}],"curies":[{"name":"wp","href":"https:\/\/api.w.org\/{rel}","templated":true}]}}