{"id":94,"date":"2012-03-23T08:53:48","date_gmt":"2012-03-23T08:53:48","guid":{"rendered":"http:\/\/blogs.hoy.es\/extremadurasecreta\/?p=94"},"modified":"2020-08-19T18:00:50","modified_gmt":"2020-08-19T16:00:50","slug":"la-bruja-esta-en-la-cueva","status":"publish","type":"post","link":"https:\/\/blogs.hoy.es\/extremadurasecreta\/2012\/03\/23\/la-bruja-esta-en-la-cueva\/","title":{"rendered":"Brujer\u00eda en Extremadura"},"content":{"rendered":"<div class=\"mceTemp\" style=\"text-align: justify;\">\n<p><span style=\"font-size: 10pt;\">Me preguntan en ocasiones si ha habido <a href=\"http:\/\/almuzaralibros.com\/fichalibro.php?libro=3931&amp;edi=1\" rel=\"external nofollow\">brujas en Extremadura<\/a>, y mi respuesta no pod\u00eda ser m\u00e1s rotunda y agallegada: haberlas, \u201ch\u00fabolas\u201d. Y muchas. Y con nombres y apellidos. Y con apodos. Y casi en cada pueblo, aunque en unos m\u00e1s que en otros. Y es que el extreme\u00f1o, hasta hace bien poco,\u00a0pod\u00eda decir, como <a title=\"Las brujas de Luis Chamizo\" href=\"http:\/\/es.wikisource.org\/wiki\/Las_Brujas\" rel=\"external nofollow\">Chamizo<\/a>:<\/span><\/p>\n<\/div>\n<div class=\"mceTemp\"><em><span style=\"font-size: 10pt;\">&#8220;S\u00e9 qui\u00e9n es y c\u00f3mo es<\/span><\/em><\/div>\n<div class=\"mceTemp\"><em><span style=\"font-size: 10pt;\">la bruja dende chiquillo,<\/span><\/em><\/div>\n<div class=\"mceTemp\"><em><span style=\"font-size: 10pt;\">y la conozco al de\u00edllo<\/span><\/em><\/div>\n<div class=\"mceTemp\"><em><span style=\"font-size: 10pt;\">\u00a0del derecho y del rev\u00e9s&#8221;.<\/span><\/em><\/div>\n<p style=\"text-align: justify;\"><span style=\"font-size: 10pt;\">\u00a0 \u00a0 \u00a0 \u00a0 \u00a0 \u00a0 \u00a0 \u00a0 \u00a0 \u00a0 \u00a0 \u00a0 \u00a0 \u00a0 \u00a0 \u00a0 \u00a0 \u00a0 \u00a0 \u00a0 \u00a0 \u00a0 \u00a0 \u00a0 \u00a0 \u00a0 \u00a0 \u00a0 \u00a0 \u00a0 \u00a0 \u00a0 \u00a0 \u00a0 \u00a0 \u00a0 \u00a0 \u00a0 \u00a0 \u00a0 \u00a0 \u00a0 \u00a0 \u00a0 \u00a0 \u00a0 \u00a0 \u00a0 \u00a0 \u00a0 \u00a0 \u00a0 \u00a0 \u00a0 \u00a0 \u00a0 \u00a0 \u00a0 \u00a0 \u00a0 \u00a0 \u00a0 \u00a0 \u00a0 \u00a0 \u00a0 \u00a0 \u00a0 \u00a0 \u00a0 \u00a0 \u00a0 \u00a0 \u00a0 \u00a0 \u00a0 \u00a0 \u00a0 \u00a0 \u00a0<\/span><\/p>\n<p style=\"text-align: justify;\"><span style=\"font-size: 10pt;\">\u00a0 <\/span><span style=\"font-size: 10pt;\">A formar la rica personalidad de los extreme\u00f1os han contribuido numerosas culturas, por lo que no es de extra\u00f1ar que nuestras ra\u00edces m\u00e1gicas se hundan un poco en cada uno de estos pueblos que aportaron no solo su modo de vida, sino tambi\u00e9n su modo de entender la muerte, y sobre todo sus creencias.<\/span><\/p>\n<p style=\"text-align: justify;\"><span style=\"font-size: 10pt;\">Iberos, celtas, vetones, lusitanos, fenicios, romanos, visigodos, y \u00e1rabes y han contribuido a que Extremadura sea, hoy por hoy, una tierra rica en sabidur\u00eda popular y en\u00a0sus manifestaciones.<\/span><\/p>\n<p style=\"text-align: justify;\"><span style=\"font-size: 10pt;\">Los fen\u00f3menos naturales como las tormentas o\u00a0los eclipses; los episodios de la vida, el amor, la fecundidad y la esterilidad, el nacimiento y la muerte, todo es magia.<\/span><\/p>\n<div id=\"attachment_2237\" style=\"width: 651px\" class=\"wp-caption aligncenter\"><img aria-describedby=\"caption-attachment-2237\" loading=\"lazy\" class=\"size-large wp-image-2237\" src=\"https:\/\/static-blogs.hoy.es\/wp-content\/uploads\/sites\/16\/2012\/03\/Portada-Extremadura-Secreta.-Brujas-sabias-hechiceras.-1-641x1024.jpg\" alt=\"\" width=\"641\" height=\"1024\" srcset=\"https:\/\/static-blogs.hoy.es\/wp-content\/uploads\/sites\/16\/2012\/03\/Portada-Extremadura-Secreta.-Brujas-sabias-hechiceras.-1-641x1024.jpg 641w, https:\/\/static-blogs.hoy.es\/wp-content\/uploads\/sites\/16\/2012\/03\/Portada-Extremadura-Secreta.-Brujas-sabias-hechiceras.-1-188x300.jpg 188w, https:\/\/static-blogs.hoy.es\/wp-content\/uploads\/sites\/16\/2012\/03\/Portada-Extremadura-Secreta.-Brujas-sabias-hechiceras.-1-768x1227.jpg 768w, https:\/\/static-blogs.hoy.es\/wp-content\/uploads\/sites\/16\/2012\/03\/Portada-Extremadura-Secreta.-Brujas-sabias-hechiceras.-1.jpg 1478w\" sizes=\"(max-width: 641px) 100vw, 641px\" \/><p id=\"caption-attachment-2237\" class=\"wp-caption-text\"><span style=\"font-size: 8pt;\">&#8220;Extremadura Secreta, brujas, sabias y hechiceras&#8221;, un completo estudio sobre la mujer y la magia en Extremadura<\/span><\/p><\/div>\n<p style=\"text-align: justify;\"><span style=\"font-size: 10pt;\">En una sociedad atormentada por la precariedad existencial, rodeada de enemigos y peligros no siempre previsibles y\u00a0obsesionada por la oscuridad de las largas noches es l\u00f3gico que\u00a0junto al paisaje real hecho de hombres y animales, de bosques y de campos, de caba\u00f1as y de aldeas,\u00a0 de r\u00edos y de caminos, llegue a perfilarse, invisible y amenazador, un paisaje fant\u00e1stico poblado por esp\u00edritus malignos, por monstruos horribles y por una infinidad de fuerzas ocultas que enriquecen la historia de la mitolog\u00eda popular.<\/span><\/p>\n<p style=\"text-align: justify;\"><span style=\"font-size: 10pt;\">Siguiendo a <a title=\"Las brujas y su mundo: Julio Caro Baroja\" href=\"http:\/\/es.wikipedia.org\/wiki\/Julio_Caro_Baroja\" rel=\"external nofollow\">Caro Baroja<\/a>, es f\u00e1cil deducir que las brujas nacen\u00a0 en nuestros campos o nuestras cuevas, debido quiz\u00e1s a la pericia en el conocimiento de las hierbas.<\/span><\/p>\n<p style=\"text-align: justify;\"><span style=\"font-size: 10pt;\">Las mujeres se dedican a recoger plantas silvestres para el sustento de su comunidad, mientras los hombres cazan o roban lo que pueden. En su b\u00fasqueda seguramente alcanzan a distinguir no solo las plantas \u00fatiles, sino tambi\u00e9n las da\u00f1inas.<\/span><\/p>\n<p style=\"text-align: justify;\"><span style=\"font-size: 10pt;\">\u00a0No es raro pues, que Extremadura sea tierra f\u00e9rtil en brujas y hechiceras, que no por menos conocidas han de ser menos reales, al menos para el pueblo. Y es precisamente el pueblo, con sus creencias y tradiciones, el que hace a la bruja un ser real, poni\u00e9ndole incluso su nombre a pozos, fuentes, montes o prados.<\/span><\/p>\n<p style=\"text-align: justify;\"><span style=\"font-size: 10pt;\"><span style=\"font-size: 10pt;\">Y como ejemplo, una ristra de \u00a0botones topon\u00edmicos: en <\/span><strong style=\"font-size: 10pt;\">Almendral<\/strong><span style=\"font-size: 10pt;\"> existe una <\/span><strong style=\"font-size: 10pt;\">Fuente de las Brujas<\/strong><span style=\"font-size: 10pt;\">;\u00a0\u00a0en <\/span><strong style=\"font-size: 10pt;\">Ca\u00f1amero y Logros\u00e1n\u00a0<\/strong><span style=\"font-size: 10pt;\"> tenemos las \u201c<\/span><strong style=\"font-size: 10pt;\">mesas de brujas<\/strong><span style=\"font-size: 10pt;\">\u201d, el \u201c<\/span><strong style=\"font-size: 10pt;\">cancho de la bruja<\/strong><span style=\"font-size: 10pt;\">\u201d , \u201c<\/span><strong style=\"font-size: 10pt;\">las brujeras<\/strong><span style=\"font-size: 10pt;\">\u201d, el <\/span><strong style=\"font-size: 10pt;\">\u201ccerro de brujas\u201d<\/strong><span style=\"font-size: 10pt;\"> y \u201c<\/span><strong style=\"font-size: 10pt;\">la brujera del mirador<\/strong><span style=\"font-size: 10pt;\">\u201d. En\u00a0<\/span><span style=\"font-size: 13.3333px;\"><b>Jara\u00edz<\/b><\/span><b style=\"font-size: 10pt;\">\u00a0de la Vera <\/b><span style=\"font-size: 10pt;\">est\u00e1 situado el \u201c<\/span><strong style=\"font-size: 10pt;\">Charco de las Brujas<\/strong><span style=\"font-size: 10pt;\">\u201d, y en <\/span><strong style=\"font-size: 10pt;\">Pasar\u00f3n <\/strong><span style=\"font-size: 10pt;\">\u201c<\/span><strong style=\"font-size: 10pt;\">El cancho de la bruja&#8221;, <\/strong><span style=\"font-size: 10pt;\">aunque tambi\u00e9n abundan en nuestras tierras las <\/span><strong style=\"font-size: 10pt;\">Suertes de las Brujas<\/strong><span style=\"font-size: 10pt;\"> y\u00a0los <\/span><strong style=\"font-size: 10pt;\">Cerros de la Brujer\u00eda<\/strong><span style=\"font-size: 10pt;\">. Incluso hay\u00a0pueblos enteros\u00a0con fama de\u00a0abundar en brujas, como <\/span><strong style=\"font-size: 10pt;\">Calamonte<\/strong><span style=\"font-size: 10pt;\"> o<a href=\"https:\/\/blogs.hoy.es\/extremadurasecreta\/2012\/09\/22\/los-cuentos-de-ahigal-una-antigua-enciclopedia-extremena\/\">\u00a0<\/a><\/span><a href=\"https:\/\/blogs.hoy.es\/extremadurasecreta\/2012\/09\/22\/los-cuentos-de-ahigal-una-antigua-enciclopedia-extremena\/\"><strong style=\"font-size: 10pt;\">Ahigal<\/strong><span style=\"font-size: 10pt;\">.<\/span><\/a><\/span><\/p>\n<p style=\"text-align: justify;\"><span style=\"font-size: 10pt;\">De hecho, existe en Extremadura una localidad con tanta fama de brujeril que a sus habitantes se les denominas \u201clos brujos\u201d. Hablamos de <a href=\"https:\/\/blogs.hoy.es\/extremadurasecreta\/2013\/04\/03\/el-amor-brujo\/\"><strong>Villagarc\u00eda de la Torre<\/strong><\/a>, bello pueblecito con castillo situado en la Campi\u00f1a Sur, del que se dice que sus casas carecen de chimeneas para impedir la entrada de las brujas. <a title=\"Juan Sime\u00f3n Vidarte\" href=\"http:\/\/es.wikipedia.org\/wiki\/Juan_Sime%C3%B3n_Vidarte\" rel=\"external nofollow\">Sime\u00f3n Vidarte<\/a>\u00a0cuenta que esta poblaci\u00f3n, en su infancia, all\u00e1 por el comienzo del siglo XX, &#8220;era tierra de brujas&#8221;.<\/span><\/p>\n<div style=\"width: 1034px\" class=\"wp-caption aligncenter\"><img loading=\"lazy\" class=\"size-large wp-image-2233\" src=\"https:\/\/static-blogs.hoy.es\/wp-content\/uploads\/sites\/16\/2012\/03\/Villagarc\u00eda-de-la-TorreIMG_8704_edited-1024x681.jpg\" alt=\"\" width=\"1024\" height=\"681\" srcset=\"https:\/\/static-blogs.hoy.es\/wp-content\/uploads\/sites\/16\/2012\/03\/Villagarc\u00eda-de-la-TorreIMG_8704_edited-1024x681.jpg 1024w, https:\/\/static-blogs.hoy.es\/wp-content\/uploads\/sites\/16\/2012\/03\/Villagarc\u00eda-de-la-TorreIMG_8704_edited-300x200.jpg 300w, https:\/\/static-blogs.hoy.es\/wp-content\/uploads\/sites\/16\/2012\/03\/Villagarc\u00eda-de-la-TorreIMG_8704_edited-768x511.jpg 768w, https:\/\/static-blogs.hoy.es\/wp-content\/uploads\/sites\/16\/2012\/03\/Villagarc\u00eda-de-la-TorreIMG_8704_edited.jpg 1936w\" sizes=\"(max-width: 1024px) 100vw, 1024px\" \/><p class=\"wp-caption-text\"><span style=\"font-size: 8pt;\"> Curiosas chimeneas de Villagarc\u00eda de la Torre (Extremadura Secreta)<\/span><\/p><\/div>\n<p>&nbsp;<\/p>\n<p style=\"text-align: justify;\"><em><span style=\"font-size: 10pt;\">&#8220;Ten\u00edan ung\u00fcentos y filtros para hacer amar y aborrecer. Cuando quer\u00edan matar a alguien hac\u00edan una mu\u00f1eca de cera y la clavaban alfileres y la persona sufr\u00eda mucho, contra\u00eda enfermedades, adelgazaba y despu\u00e9s mor\u00eda.<\/span><\/em><\/p>\n<p style=\"text-align: justify;\"><em><span style=\"font-size: 10pt;\">Tambi\u00e9n sab\u00edan secretos para que los ni\u00f1os no nacieran. Algunas hac\u00edan mal de ojo, porque ten\u00edan sustancias venenosas en los ojos y otras partes del cuerpo. Ellas daban mala suerte, \u201cmalferio\u201d; tra\u00edan el \u201ccenizo\u201d.<\/span><\/em><\/p>\n<p style=\"text-align: justify;\"><em><span style=\"font-size: 10pt;\">Con hierbas que buscaban en la sierra de San Miguel debilitaban la voluntad de los hombres y los convert\u00edan en mu\u00f1ecos humanos. Tambi\u00e9n echaban las cartas y averiguaban el porvenir\u201d.<\/span><\/em><\/p>\n<p style=\"text-align: justify;\"><span style=\"font-size: 10pt;\">Actualmente no sabemos si queda alguno que ejerza, pero los \u201cbrujos\u201d de <strong>Villagarc\u00eda de la Torre<\/strong> han sacado pecho y orgullo y muy sabiamente han sacado partido a su pasado \u201cbrujeril\u201d: Desde el a\u00f1o 2000 celebran el\u00a0 <strong><a title=\"El \" href=\"http:\/\/www.hoy.es\/20090618\/prov-badajoz\/decima-edicion-aquelarre-manana-20090618.html\" rel=\"external nofollow\">Akelarre<\/a><\/strong>, que consta de varias representaciones teatrales y una r\u00faa en las que se representa el esp\u00edritu pagano que corr\u00eda por estas tierras en la antig\u00fcedad. E\u00a0 incluso llegaron a celebrar durante varios a\u00f1os el Festival de M\u00fasica <strong>Villaembrujada<\/strong>. Esto es lo que se llama rentabilizar la fama.<\/span><\/p>\n<p style=\"text-align: justify;\"><span style=\"font-size: 10pt;\">Pero no solo de brujas vive el pueblo extreme\u00f1o. <a href=\"https:\/\/blogs.hoy.es\/extremadurasecreta\/2012\/05\/22\/plantas-magicas-hierbas-que-sanan\/\">Curanderos<\/a>, <a href=\"https:\/\/blogs.hoy.es\/extremadurasecreta\/2014\/05\/26\/ni-tanto-ni-tan-calvo-los-crecepelos-magicos\/\">nigromantes<\/a>, <a href=\"https:\/\/blogs.hoy.es\/extremadurasecreta\/2012\/06\/05\/augures-extremenos-cuando-las-aves-describen-el-futuro\/\">adivinos<\/a> y magos campaban, perseguidos o a sus anchas, por estos campos de Dios o del Diablo. Retazos quedan y aqu\u00ed los veremos. Palabra.<\/span><\/p>\n<p>&nbsp;<\/p>\n<!-- AddThis Advanced Settings generic via filter on the_content --><!-- AddThis Share Buttons generic via filter on the_content -->","protected":false},"excerpt":{"rendered":"<p>Me preguntan en ocasiones si ha habido brujas en Extremadura, y mi respuesta no pod\u00eda ser m\u00e1s rotunda y agallegada: haberlas, \u201ch\u00fabolas\u201d. Y muchas. Y con nombres y apellidos. Y con apodos. Y casi en cada pueblo, aunque en unos m\u00e1s que en otros. Y es que el extreme\u00f1o, hasta hace bien poco,\u00a0pod\u00eda decir, como [&hellip;]<!-- AddThis Advanced Settings generic via filter on get_the_excerpt --><!-- AddThis Share Buttons generic via filter on get_the_excerpt --><\/p>\n","protected":false},"author":20,"featured_media":724,"comment_status":"open","ping_status":"closed","sticky":false,"template":"","format":"standard","meta":[],"categories":[5,1406,9],"tags":[31,33,60,155,159,183,200,219,294,301,303,369,370,430,435,512,537,748,802,834,1130,1146,1219,1261,1264],"_links":{"self":[{"href":"https:\/\/blogs.hoy.es\/extremadurasecreta\/wp-json\/wp\/v2\/posts\/94"}],"collection":[{"href":"https:\/\/blogs.hoy.es\/extremadurasecreta\/wp-json\/wp\/v2\/posts"}],"about":[{"href":"https:\/\/blogs.hoy.es\/extremadurasecreta\/wp-json\/wp\/v2\/types\/post"}],"author":[{"embeddable":true,"href":"https:\/\/blogs.hoy.es\/extremadurasecreta\/wp-json\/wp\/v2\/users\/20"}],"replies":[{"embeddable":true,"href":"https:\/\/blogs.hoy.es\/extremadurasecreta\/wp-json\/wp\/v2\/comments?post=94"}],"version-history":[{"count":13,"href":"https:\/\/blogs.hoy.es\/extremadurasecreta\/wp-json\/wp\/v2\/posts\/94\/revisions"}],"predecessor-version":[{"id":2246,"href":"https:\/\/blogs.hoy.es\/extremadurasecreta\/wp-json\/wp\/v2\/posts\/94\/revisions\/2246"}],"wp:featuredmedia":[{"embeddable":true,"href":"https:\/\/blogs.hoy.es\/extremadurasecreta\/wp-json\/wp\/v2\/media\/724"}],"wp:attachment":[{"href":"https:\/\/blogs.hoy.es\/extremadurasecreta\/wp-json\/wp\/v2\/media?parent=94"}],"wp:term":[{"taxonomy":"category","embeddable":true,"href":"https:\/\/blogs.hoy.es\/extremadurasecreta\/wp-json\/wp\/v2\/categories?post=94"},{"taxonomy":"post_tag","embeddable":true,"href":"https:\/\/blogs.hoy.es\/extremadurasecreta\/wp-json\/wp\/v2\/tags?post=94"}],"curies":[{"name":"wp","href":"https:\/\/api.w.org\/{rel}","templated":true}]}}