{"id":946,"date":"2014-04-15T23:21:37","date_gmt":"2014-04-15T21:21:37","guid":{"rendered":"http:\/\/blogs.hoy.es\/extremadurasecreta\/?p=946"},"modified":"2014-04-15T23:21:37","modified_gmt":"2014-04-15T21:21:37","slug":"las-misteriosas-sabanas-santas-extremenas","status":"publish","type":"post","link":"https:\/\/blogs.hoy.es\/extremadurasecreta\/2014\/04\/15\/las-misteriosas-sabanas-santas-extremenas\/","title":{"rendered":"Las misteriosas s\u00e1banas santas extreme\u00f1as"},"content":{"rendered":"<p>&nbsp;<\/p>\n<div id=\"attachment_947\" style=\"width: 217px\" class=\"wp-caption alignleft\"><a href=\"\/extremadurasecreta\/wp-content\/uploads\/sites\/16\/2014\/04\/codice-pray.jpg\"><img aria-describedby=\"caption-attachment-947\" loading=\"lazy\" class=\"size-medium wp-image-947\" title=\"codice-pray\" src=\"\/extremadurasecreta\/wp-content\/uploads\/sites\/16\/2014\/04\/codice-pray.jpg\" alt=\"\" width=\"207\" height=\"300\" srcset=\"https:\/\/static-blogs.hoy.es\/wp-content\/uploads\/sites\/16\/2014\/04\/codice-pray.jpg 895w, https:\/\/static-blogs.hoy.es\/wp-content\/uploads\/sites\/16\/2014\/04\/codice-pray-207x300.jpg 207w, https:\/\/static-blogs.hoy.es\/wp-content\/uploads\/sites\/16\/2014\/04\/codice-pray-768x1113.jpg 768w, https:\/\/static-blogs.hoy.es\/wp-content\/uploads\/sites\/16\/2014\/04\/codice-pray-707x1024.jpg 707w\" sizes=\"(max-width: 207px) 100vw, 207px\" \/><\/a><p id=\"caption-attachment-947\" class=\"wp-caption-text\">Ilustraci\u00f3n: C\u00f3dice Pray<\/p><\/div>\n<p>&nbsp;<\/p>\n<p><span style=\"text-align: justify;\">Ahora que estamos en \u00a0<\/span><strong style=\"text-align: justify;\">Semana Santa<\/strong><span style=\"text-align: justify;\"> toca hablar de reliquias. Y pocas hay m\u00e1s importantes que la S<\/span><strong style=\"text-align: justify;\">\u00e1bana Santa<\/strong><span style=\"text-align: justify;\">, ese lienzo funerario que cubri\u00f3 supuestamente el cuerpo de <\/span><strong style=\"text-align: justify;\">Jesucristo<\/strong><span style=\"text-align: justify;\"> desde que lo depositaron en el sepulcro hasta el momento de su resurrecci\u00f3n, y que pertenec\u00eda, dicen, a <\/span><strong style=\"text-align: justify;\">Jos\u00e9 de Arimatea<\/strong><span style=\"text-align: justify;\">.<\/span><\/p>\n<p style=\"text-align: justify;\">Hay quien piensa que, como las madres, S\u00e1bana Santa no hay m\u00e1s que una, pero se equivocan de parte a parte, porque aqu\u00ed, en Extremadura, tenemos al menos dos, aunque hubo tres y puede que hasta tres y media.<\/p>\n<p style=\"text-align: justify;\">Sabana Santa se considera a\u00a0 cualquiera que haya estado en contacto con<strong> <a title=\"La s\u00e1bana santa de Tur\u00edn\" href=\"http:\/\/www.sabanasanta.org\/\" rel=\"external nofollow\">la s\u00edndone de Tur\u00edn<\/a><\/strong>, la considerada \u201cautentica \u201caunque a muchas de ellas el parecido, como el valor al soldado, se le supone. Y \u00a0por supuesto ninguna est\u00e1 en \u201cnegativo\u201d, como la italiana, sino que est\u00e1n pintadas, y no siempre siguiendo el modelo original, como ya veremos.<\/p>\n<p style=\"text-align: justify;\">Pero vayamos por partes y comencemos por la m\u00e1s misteriosa, la que tiene hasta <a title=\"El enigma de la s\u00e1bana santa de Plasencia\" href=\"http:\/\/www.bubok.es\/libros\/169295\/EL-ENIGMA-DE-LA-SABANA-SANTA-DE-PLASENCIA\" rel=\"external nofollow\">un libro dedicado<\/a>: <a title=\"Agencia sic\" href=\" http:\/\/www.agenciasic.com\/2012\/11\/28\/expuesta-al-publico-la-copia-de-la-sabana-santa-conservada-en-la-catedral-de-plasencia\/\">la s\u00e1bana santa de <strong>Plasencia<\/strong><\/a>, que desde 2012 se muestra a los visitantes en la<strong> Catedral Vieja<\/strong>. El enigma de la sabana no est\u00e1 en la figura del hombre que representa, sino en la inscripci\u00f3n, el\u00a0 a\u00f1o del se\u00f1or de 1012.<\/p>\n<div id=\"attachment_948\" style=\"width: 310px\" class=\"wp-caption alignright\"><a href=\"\/extremadurasecreta\/wp-content\/uploads\/sites\/16\/2014\/04\/sabana-santa-plasencia-22.png\"><img aria-describedby=\"caption-attachment-948\" loading=\"lazy\" class=\"size-medium wp-image-948\" title=\"sabana santa plasencia 22\" src=\"\/extremadurasecreta\/wp-content\/uploads\/sites\/16\/2014\/04\/sabana-santa-plasencia-22.png\" alt=\"\" width=\"300\" height=\"169\" srcset=\"https:\/\/static-blogs.hoy.es\/wp-content\/uploads\/sites\/16\/2014\/04\/sabana-santa-plasencia-22.png 500w, https:\/\/static-blogs.hoy.es\/wp-content\/uploads\/sites\/16\/2014\/04\/sabana-santa-plasencia-22-300x170.png 300w\" sizes=\"(max-width: 300px) 100vw, 300px\" \/><\/a><p id=\"caption-attachment-948\" class=\"wp-caption-text\">La S\u00e1bana Santa de Plasencia (CIS)<\/p><\/div>\n<p style=\"text-align: justify;\">Si la fecha fuera cierta, esta copia tendr\u00eda un valor inmenso, pues ser\u00eda con mucho la m\u00e1s antigua, llevada a cabo en una \u00e9poca en la que ni siquiera se conoc\u00eda la S\u00e1bana de Tur\u00edn, lo que ya tendr\u00eda m\u00e9rito.<\/p>\n<p style=\"text-align: justify;\">Pero a poco que se fije uno saltan a la vista datos que invalidan esta fecha tan antigua. Por ejemplo: si de verdad se hubiese pintado en el a\u00f1o \u00a01012 estas cifras estar\u00edan escritas en n\u00fameros romanos, es decir, MXII, y no con la numeraci\u00f3n actual.<\/p>\n<p style=\"text-align: justify;\">Otro indicio: aunque la fecha de 1012 Aparezca en la segunda l\u00ednea, es indiscutible que la primera y la tercera\u00a0 son del siglo XVII.<\/p>\n<p style=\"text-align: justify;\">Y aun hay un \u00faltimo dato que limita su antig\u00fcedad; la S\u00e1bana Santa de Plasencia tiene dibujados\u00a0 los remiendos y quemaduras del incendio que sufri\u00f3 la S\u00edndone de Tur\u00edn en 1532, por lo que no puede ser anterior, a no ser que el dibujante fuese, adem\u00e1s, vidente.<\/p>\n<p style=\"text-align: justify;\">La soluci\u00f3n a todos estos misterios es bastante obvia: el supuesto n\u00famero \u00a0\u201ccero\u201d \u00a0de la fecha era originariamente un seis al que le ha desaparecido el rabito, con lo que todos los enigmas se resolver\u00edan de un plumazo: la fecha de la s\u00e1bana ser\u00eda la de \u00a01612. Y de pronto todo cuadra.<\/p>\n<p style=\"text-align: justify;\">De hecho, la copia de Plasencia corresponde a las copias del siglo XVII salidas del taller de <strong>De La Rovere,<\/strong> quien tuvo la exclusiva de pintar copias desde 1610 hasta \u00a0el 1637, que es el a\u00f1o en el que muri\u00f3 el pintor.<\/p>\n<div id=\"attachment_949\" style=\"width: 310px\" class=\"wp-caption alignleft\"><a href=\"\/extremadurasecreta\/wp-content\/uploads\/sites\/16\/2014\/04\/s\u00c3\u00a1bana2-page-0_edited.jpg\"><img aria-describedby=\"caption-attachment-949\" loading=\"lazy\" class=\"size-medium wp-image-949\" title=\"s\u00c3\u00a1bana2-page-0_edited\" src=\"\/extremadurasecreta\/wp-content\/uploads\/sites\/16\/2014\/04\/s\u00c3\u00a1bana2-page-0_edited.jpg\" alt=\"\" width=\"300\" height=\"99\" srcset=\"https:\/\/static-blogs.hoy.es\/wp-content\/uploads\/sites\/16\/2014\/04\/s\u00c3\u00a1bana2-page-0_edited.jpg 2328w, https:\/\/static-blogs.hoy.es\/wp-content\/uploads\/sites\/16\/2014\/04\/s\u00c3\u00a1bana2-page-0_edited-300x100.jpg 300w, https:\/\/static-blogs.hoy.es\/wp-content\/uploads\/sites\/16\/2014\/04\/s\u00c3\u00a1bana2-page-0_edited-768x256.jpg 768w, https:\/\/static-blogs.hoy.es\/wp-content\/uploads\/sites\/16\/2014\/04\/s\u00c3\u00a1bana2-page-0_edited-1024x341.jpg 1024w\" sizes=\"(max-width: 300px) 100vw, 300px\" \/><\/a><p id=\"caption-attachment-949\" class=\"wp-caption-text\">S\u00e1bana Santa del Monasterio de Guadalupe<\/p><\/div>\n<p>Lo que s\u00ed es cierto es que sus medidas, al menos corresponden, a las de Tur\u00edn, y la altura del crucificado al metro ochenta de la s\u00edndone, estatura muy diferente a la del Cristo pintado en la otra s\u00e1bana santa extreme\u00f1a:<a title=\"Grandezas de Guadalupe\" href=\"http:\/\/books.google.es\/books\/about\/Grandezas_de_Guadalupe.html?id=BQVPF9W3mVcC\" rel=\"external nofollow\"> <strong>la s\u00e1bana santa de Guadalupe<\/strong><\/a>, en la que el crucificado es un retaquillo de metro diez.<\/p>\n<p>&nbsp;<\/p>\n<p>&nbsp;<\/p>\n<p style=\"text-align: justify;\">As\u00ed al menos se deduce de los documentos que me envi\u00f3 Fray Antonio, el eficiente archivero del <strong>Real Monasterio de Guadalupe<\/strong>, quien en un alarde de profesionalidad y celeridad me envi\u00f3 la documentaci\u00f3n requerida en menos que canta un gallo cibern\u00e9tico. A diferencia de la s\u00e1bana santa de Plasencia, de \u00e9sta se conoce su origen, ya que fue tra\u00edda de <strong>Tur\u00edn<\/strong> por <strong>don Carlos Margarita<\/strong>, ayuda de guardamayor de <strong>la infanta do\u00f1a Mar\u00eda, hija de Carlos I.<\/strong><\/p>\n<p style=\"text-align: justify;\"><strong>\u00a0<\/strong>La s\u00e1bana guadalupense tiene pintados dos \u00e1ngeles, uno en cada extremo,\u00a0 que sostienen con sus manos el lienzo dibujado en gris esfumado. Las llagas est\u00e1n pintadas en color sangre, y antiguamente se \u00a0ofrec\u00eda a la veneraci\u00f3n de los fieles <strong>el 30 de septiembre, fiesta de san Jer\u00f3nimo<\/strong>.<\/p>\n<p style=\"text-align: justify;\">Pero aun queda otra s\u00e1bana m\u00e1s: <strong>El padre Joseph <\/strong>nos cuenta en sus escritos que\u00a0antiguamente hab\u00eda dos S\u00e1banas Santas en el relicario de Guadalupe. Si es as\u00ed, una de ellas habr\u00eda desparecido.<\/p>\n<div id=\"attachment_951\" style=\"width: 209px\" class=\"wp-caption alignright\"><a href=\"\/extremadurasecreta\/wp-content\/uploads\/sites\/16\/2014\/04\/Mantel-Santa-Cena-Coria-13-074.jpg\"><img aria-describedby=\"caption-attachment-951\" loading=\"lazy\" class=\"size-medium wp-image-951\" title=\"Mantel Santa Cena  Coria  13 074\" src=\"\/extremadurasecreta\/wp-content\/uploads\/sites\/16\/2014\/04\/Mantel-Santa-Cena-Coria-13-074.jpg\" alt=\"\" width=\"199\" height=\"300\" srcset=\"https:\/\/static-blogs.hoy.es\/wp-content\/uploads\/sites\/16\/2014\/04\/Mantel-Santa-Cena-Coria-13-074.jpg 1288w, https:\/\/static-blogs.hoy.es\/wp-content\/uploads\/sites\/16\/2014\/04\/Mantel-Santa-Cena-Coria-13-074-200x300.jpg 200w, https:\/\/static-blogs.hoy.es\/wp-content\/uploads\/sites\/16\/2014\/04\/Mantel-Santa-Cena-Coria-13-074-768x1154.jpg 768w, https:\/\/static-blogs.hoy.es\/wp-content\/uploads\/sites\/16\/2014\/04\/Mantel-Santa-Cena-Coria-13-074-681x1024.jpg 681w\" sizes=\"(max-width: 199px) 100vw, 199px\" \/><\/a><p id=\"caption-attachment-951\" class=\"wp-caption-text\">El mantel de la Santa Cena de Coria (A. Briz)<\/p><\/div>\n<p style=\"text-align: justify;\">Y aun nos queda la media, el descubrimiento m\u00e1s asombroso y novelesco; hace unos meses unos cient\u00edficos de la agencia espacial\u00a0 norteamericana dirigidos por el <strong>profesor Jackson, \u00a0<\/strong>descubren que el\u00a0 <a title=\"El mantel de Coria y la s\u00e1bana de Tur\u00edn se hicieron a la vez\" href=\"http:\/\/www.elmundo.es\/cronica\/2014\/01\/05\/52c7e3e322601d13098b456d.html\" rel=\"external nofollow\"><strong>Mantel de la Santa Cena<\/strong> que se conserva en <\/a><strong><a title=\"El mantel de Coria y la s\u00e1bana de Tur\u00edn se hicieron a la vez\" href=\"http:\/\/www.elmundo.es\/cronica\/2014\/01\/05\/52c7e3e322601d13098b456d.html\" rel=\"external nofollow\">la catedral de Coria<\/a> <\/strong>coincide con la s\u00e1bana santa de Tur\u00edn. De hecho, han afirmado, despu\u00e9s de investigar a fondo las dos piezas, que: el mantel extreme\u00f1o y la s\u00e1bana santa habr\u00edan cubierto, ambos, uno sobre otro, nada m\u00e1s y nada menos que la mesa de la \u00faltima cena.<\/p>\n<p style=\"text-align: justify;\">Pero del<strong> <a title=\"Los misterios de Garrovillas de Alcon\u00e9tar\" href=\"https:\/\/blogs.hoy.es\/extremadurasecreta\/2013\/07\/04\/los-misterios-de-garrovillas-de-alconetar\/\">mantel m\u00e1gico de Coria<\/a><\/strong>, amigos, ya hablaremos en otra ocasi\u00f3n. Porque la historia y la leyenda, sin duda, lo merecen.<\/p>\n<p style=\"text-align: justify;\"><em>\u00bfQuieres m\u00e1s? Entra en <strong><a title=\"Extremadura Secreta\" href=\"http:\/\/www.extremadurasecreta.com\/\" rel=\"external nofollow\">Extremadura Secreta<\/a>, <\/strong>un mundo repleto\u00a0de mitos,\u00a0leyendas y antropolog\u00eda<strong>.<\/strong><\/em><\/p>\n<!-- AddThis Advanced Settings generic via filter on the_content --><!-- AddThis Share Buttons generic via filter on the_content -->","protected":false},"excerpt":{"rendered":"<p>&nbsp; &nbsp; Ahora que estamos en \u00a0Semana Santa toca hablar de reliquias. Y pocas hay m\u00e1s importantes que la S\u00e1bana Santa, ese lienzo funerario que cubri\u00f3 supuestamente el cuerpo de Jesucristo desde que lo depositaron en el sepulcro hasta el momento de su resurrecci\u00f3n, y que pertenec\u00eda, dicen, a Jos\u00e9 de Arimatea. Hay quien piensa [&hellip;]<!-- AddThis Advanced Settings generic via filter on get_the_excerpt --><!-- AddThis Share Buttons generic via filter on get_the_excerpt --><\/p>\n","protected":false},"author":20,"featured_media":0,"comment_status":"open","ping_status":"closed","sticky":false,"template":"","format":"standard","meta":[],"categories":[4,7,10],"tags":[278,279,327,579,641,811,977,1055,1102,1131,1217],"_links":{"self":[{"href":"https:\/\/blogs.hoy.es\/extremadurasecreta\/wp-json\/wp\/v2\/posts\/946"}],"collection":[{"href":"https:\/\/blogs.hoy.es\/extremadurasecreta\/wp-json\/wp\/v2\/posts"}],"about":[{"href":"https:\/\/blogs.hoy.es\/extremadurasecreta\/wp-json\/wp\/v2\/types\/post"}],"author":[{"embeddable":true,"href":"https:\/\/blogs.hoy.es\/extremadurasecreta\/wp-json\/wp\/v2\/users\/20"}],"replies":[{"embeddable":true,"href":"https:\/\/blogs.hoy.es\/extremadurasecreta\/wp-json\/wp\/v2\/comments?post=946"}],"version-history":[{"count":0,"href":"https:\/\/blogs.hoy.es\/extremadurasecreta\/wp-json\/wp\/v2\/posts\/946\/revisions"}],"wp:attachment":[{"href":"https:\/\/blogs.hoy.es\/extremadurasecreta\/wp-json\/wp\/v2\/media?parent=946"}],"wp:term":[{"taxonomy":"category","embeddable":true,"href":"https:\/\/blogs.hoy.es\/extremadurasecreta\/wp-json\/wp\/v2\/categories?post=946"},{"taxonomy":"post_tag","embeddable":true,"href":"https:\/\/blogs.hoy.es\/extremadurasecreta\/wp-json\/wp\/v2\/tags?post=946"}],"curies":[{"name":"wp","href":"https:\/\/api.w.org\/{rel}","templated":true}]}}