{"id":967,"date":"2014-05-13T23:04:48","date_gmt":"2014-05-13T21:04:48","guid":{"rendered":"http:\/\/blogs.hoy.es\/extremadurasecreta\/?p=967"},"modified":"2020-01-19T20:04:56","modified_gmt":"2020-01-19T18:04:56","slug":"los-misterios-del-tesoro-de-serradilla","status":"publish","type":"post","link":"https:\/\/blogs.hoy.es\/extremadurasecreta\/2014\/05\/13\/los-misterios-del-tesoro-de-serradilla\/","title":{"rendered":"Los misterios del Tesoro de Serradilla"},"content":{"rendered":"<p style=\"text-align: justify;\"><span style=\"font-size: 10pt;\">Para conocer<a title=\"Los misterios del Tesoro de Serradilla\" href=\"http:\/\/www.canalextremadura.es\/alacarta\/radio\/audios\/los-misterios-del-tesoro-de-serradilla-120514\" rel=\"external nofollow\"> la extra\u00f1a historia del Tesoro de Serradilla<\/a> acomp\u00e1\u00f1enos en nuestra particular m\u00e1quina del tiempo hasta un caluroso martes de verano de <strong>1965<\/strong>, d\u00eda tradicional de mercado en la ciudad de <strong>Plasencia<\/strong>. En la semipenumbra de la <strong>relojer\u00eda Vega<\/strong>, situada en la <strong>calle del Sol<\/strong>, entra un hombre de unos sesenta a\u00f1os, al que le falta un brazo. Con el que tiene entero le muestra al joyero unos fragmentos de cadenas y joyas de oro con intenci\u00f3n de negociarlas al mejor precio.<\/span><\/p>\n<div id=\"attachment_2019\" style=\"width: 478px\" class=\"wp-caption aligncenter\"><img aria-describedby=\"caption-attachment-2019\" loading=\"lazy\" class=\" wp-image-2019\" src=\"https:\/\/static-blogs.hoy.es\/wp-content\/uploads\/sites\/16\/2014\/05\/Tesoro-de-Serradilla_edited_1218x1616_edited-772x1024.jpg\" alt=\"\" width=\"468\" height=\"621\" srcset=\"https:\/\/static-blogs.hoy.es\/wp-content\/uploads\/sites\/16\/2014\/05\/Tesoro-de-Serradilla_edited_1218x1616_edited-772x1024.jpg 772w, https:\/\/static-blogs.hoy.es\/wp-content\/uploads\/sites\/16\/2014\/05\/Tesoro-de-Serradilla_edited_1218x1616_edited-226x300.jpg 226w, https:\/\/static-blogs.hoy.es\/wp-content\/uploads\/sites\/16\/2014\/05\/Tesoro-de-Serradilla_edited_1218x1616_edited-768x1019.jpg 768w, https:\/\/static-blogs.hoy.es\/wp-content\/uploads\/sites\/16\/2014\/05\/Tesoro-de-Serradilla_edited_1218x1616_edited.jpg 1218w\" sizes=\"(max-width: 468px) 100vw, 468px\" \/><p id=\"caption-attachment-2019\" class=\"wp-caption-text\"><span style=\"font-size: 8pt;\">El tesoro de Serradilla, actualmente en el Museo Provincial de C\u00e1ceres (Extremadura Secreta)<\/span><\/p><\/div>\n<p style=\"text-align: justify;\"><span style=\"font-size: 10pt;\">El joyero, tras examinar las piezas de filigranas doradas, le propone compr\u00e1rselo por cien mil pesetas de la \u00e9poca,\u00a0 y le invita a esperar mientras va a buscar el dinero al banco.<\/span><\/p>\n<p style=\"text-align: justify;\"><span style=\"font-size: 10pt;\">Pero cuando el joyero regresa no lo hace con los billetes, sino acompa\u00f1ado de dos guardias que detienen inmediatamente al vendedor por posesi\u00f3n de objetos robados. Y es que d\u00edas antes se hab\u00eda producido un robo sacr\u00edlego\u00a0 en una iglesia de la comarca, y los joyeros estaban alertados por la polic\u00eda ante la posibilidad de su venta.<\/span><\/p>\n<p style=\"text-align: justify;\"><span style=\"font-size: 10pt;\">El arrestado, <strong><a title=\"Los or\u00edgenes del oro en Extremadura: El espejo de los dioses\" href=\"http:\/\/books.google.es\/books\/about\/La_Joyer%C3%ADa_en_los_or%C3%ADgenes_de_Extremad.html?id=t2j-GAAACAAJ&amp;redir_esc=y\" rel=\"external nofollow\">Juli\u00e1n Cardador Gomez, alias \u201cMadama<\/a>\u201d,<\/strong> resulta ser el barquero de <strong>Serradilla<\/strong>, una bella localidad situada en pleno coraz\u00f3n de <strong>Monfrague<\/strong>. Juli\u00e1n es llevado ante el juez, quien dicta su ingreso inmediato en prisi\u00f3n.<\/span><\/p>\n<div id=\"attachment_2020\" style=\"width: 1034px\" class=\"wp-caption aligncenter\"><img aria-describedby=\"caption-attachment-2020\" loading=\"lazy\" class=\"size-large wp-image-2020\" src=\"https:\/\/static-blogs.hoy.es\/wp-content\/uploads\/sites\/16\/2014\/05\/g-7_edited-1-1024x681.jpg\" alt=\"\" width=\"1024\" height=\"681\" srcset=\"https:\/\/static-blogs.hoy.es\/wp-content\/uploads\/sites\/16\/2014\/05\/g-7_edited-1-1024x681.jpg 1024w, https:\/\/static-blogs.hoy.es\/wp-content\/uploads\/sites\/16\/2014\/05\/g-7_edited-1-300x200.jpg 300w, https:\/\/static-blogs.hoy.es\/wp-content\/uploads\/sites\/16\/2014\/05\/g-7_edited-1-768x511.jpg 768w, https:\/\/static-blogs.hoy.es\/wp-content\/uploads\/sites\/16\/2014\/05\/g-7_edited-1.jpg 1600w\" sizes=\"(max-width: 1024px) 100vw, 1024px\" \/><p id=\"caption-attachment-2020\" class=\"wp-caption-text\"><span style=\"font-size: 8pt;\">La localidad cacere\u00f1a de Serradilla, donde apareci\u00f3 el tesoro (Extremadura Secreta)<\/span><\/p><\/div>\n<p style=\"text-align: justify;\"><span style=\"font-size: 10pt;\">Pero \u201cMadama\u201d insiste en su inocencia, y repite una y otra vez que se encontr\u00f3 el tesoro mientras labraba a unos tres kil\u00f3metros del pueblo, dentro de una vasija enterrada en unos canchales del olivar cercano al paraje de <strong>El Cholrito<\/strong>.<\/span><\/p>\n<p style=\"text-align: justify;\"><span style=\"font-size: 10pt;\">Mientras el pobre Juli\u00e1n est\u00e1 detenido en Plasencia, unos guardias del cuartelillo de Serradilla se acercan a su casa para tomarle declaraci\u00f3n a su mujer Francisca, y ella ratifica la versi\u00f3n de su marido: hab\u00eda encontrado las joyas en un olivar de su propiedad, hab\u00eda roto y tirado la vasija de barro que las conten\u00eda y las hab\u00edan guardado durante un tiempo en casa sin conocer su valor.<\/span><\/p>\n<p style=\"text-align: justify;\"><span style=\"font-size: 10pt;\">El pobre Juli\u00e1n se salva de la c\u00e1rcel gracias al p\u00e1rroco de la iglesia robada, quien certifica que las piezas del tesoro no eran las de la iglesia. Y gracias a que Bellas Artes dictamin\u00f3 que eran joyas del periodo orientalizante, al parecer tart\u00e9sicas, cinco siglos anteriores a cristo.<\/span><\/p>\n<p style=\"text-align: justify;\"><span style=\"font-size: 10pt;\">Sin embargo, y como ya ha notado\u00a0Jose Carlos Bravo Fern\u00e1ndez, \u00a0\u00a0<a title=\"El tesorillo de Serradilla\" href=\"http:\/\/serradilla.com\/index.php?option=com_content&amp;task=view&amp;id=106&amp;Itemid=214\" rel=\"external nofollow\">algo de misterio rodea la aparici\u00f3n de este tesoro<\/a>, entre otros el lugar (un grupo de madro\u00f1eras y arbustos entre los canchales del olivar, situado en un paraje de gran pendiente poco apropiado para esconderlo), la desaparici\u00f3n de la vasija de barro que lo conten\u00eda, o las diferentes versiones sobre lo que realmente estaba haciendo Juli\u00e1n en el olivar (\u00bfestaba labrando o estaba recogiendo le\u00f1a? No faltaron incluso los rumores (ahora desmentidos por sus descendientes)\u00a0\u00a0 de que el tesoro podr\u00eda haber sido el pago al barquero por haber estado pasando el r\u00edo a los Maquis, que por entonces se ocultaban en esas abruptas serran\u00edas.<\/span><\/p>\n<p style=\"text-align: justify;\"><span style=\"font-size: 10pt;\">Lo cierto es que estas piezas de oro constituyen, despu\u00e9s del<a title=\"La portuguesa que barrunt\u00f3 el tesoro de Aliseda\" href=\"https:\/\/blogs.hoy.es\/extremadurasecreta\/2013\/02\/27\/la-portuguesa-que-barrunto-el-tesoro-de-aliseda\/\"> <strong>tesoro de Aliseda,<\/strong><\/a> el mejor exponente de la orfebrer\u00eda orientalizante en Extremadura. Hoy d\u00eda podemos contemplarlas en el <strong>Museo Arqueol\u00f3gico de C\u00e1ceres<\/strong>. Pura filigrana dorada. Pura luz en las sombras. Pura magia tart\u00e9sica.<\/span><\/p>\n<p>&nbsp;<\/p>\n<p>&nbsp;<\/p>\n<!-- AddThis Advanced Settings generic via filter on the_content --><!-- AddThis Share Buttons generic via filter on the_content -->","protected":false},"excerpt":{"rendered":"<p>Para conocer la extra\u00f1a historia del Tesoro de Serradilla acomp\u00e1\u00f1enos en nuestra particular m\u00e1quina del tiempo hasta un caluroso martes de verano de 1965, d\u00eda tradicional de mercado en la ciudad de Plasencia. En la semipenumbra de la relojer\u00eda Vega, situada en la calle del Sol, entra un hombre de unos sesenta a\u00f1os, al que [&hellip;]<!-- AddThis Advanced Settings generic via filter on get_the_excerpt --><!-- AddThis Share Buttons generic via filter on get_the_excerpt --><\/p>\n","protected":false},"author":20,"featured_media":1311,"comment_status":"open","ping_status":"closed","sticky":false,"template":"","format":"standard","meta":[],"categories":[10],"tags":[671,881,977,1110,1166,1167,1170],"_links":{"self":[{"href":"https:\/\/blogs.hoy.es\/extremadurasecreta\/wp-json\/wp\/v2\/posts\/967"}],"collection":[{"href":"https:\/\/blogs.hoy.es\/extremadurasecreta\/wp-json\/wp\/v2\/posts"}],"about":[{"href":"https:\/\/blogs.hoy.es\/extremadurasecreta\/wp-json\/wp\/v2\/types\/post"}],"author":[{"embeddable":true,"href":"https:\/\/blogs.hoy.es\/extremadurasecreta\/wp-json\/wp\/v2\/users\/20"}],"replies":[{"embeddable":true,"href":"https:\/\/blogs.hoy.es\/extremadurasecreta\/wp-json\/wp\/v2\/comments?post=967"}],"version-history":[{"count":2,"href":"https:\/\/blogs.hoy.es\/extremadurasecreta\/wp-json\/wp\/v2\/posts\/967\/revisions"}],"predecessor-version":[{"id":2021,"href":"https:\/\/blogs.hoy.es\/extremadurasecreta\/wp-json\/wp\/v2\/posts\/967\/revisions\/2021"}],"wp:featuredmedia":[{"embeddable":true,"href":"https:\/\/blogs.hoy.es\/extremadurasecreta\/wp-json\/wp\/v2\/media\/1311"}],"wp:attachment":[{"href":"https:\/\/blogs.hoy.es\/extremadurasecreta\/wp-json\/wp\/v2\/media?parent=967"}],"wp:term":[{"taxonomy":"category","embeddable":true,"href":"https:\/\/blogs.hoy.es\/extremadurasecreta\/wp-json\/wp\/v2\/categories?post=967"},{"taxonomy":"post_tag","embeddable":true,"href":"https:\/\/blogs.hoy.es\/extremadurasecreta\/wp-json\/wp\/v2\/tags?post=967"}],"curies":[{"name":"wp","href":"https:\/\/api.w.org\/{rel}","templated":true}]}}