{"id":989,"date":"2014-06-09T20:15:32","date_gmt":"2014-06-09T18:15:32","guid":{"rendered":"http:\/\/blogs.hoy.es\/extremadurasecreta\/?p=989"},"modified":"2021-06-28T19:26:46","modified_gmt":"2021-06-28T17:26:46","slug":"apariciones-antonianas","status":"publish","type":"post","link":"https:\/\/blogs.hoy.es\/extremadurasecreta\/2014\/06\/09\/apariciones-antonianas\/","title":{"rendered":"Apariciones antonianas en Las Hurdes"},"content":{"rendered":"<p style=\"text-align: justify;\"><span style=\"font-size: 10pt;\">Ya hemos podido comprobar en otras ocasiones que San Antonio, santo que vale tanto para un roto como para un descosido, aunque b\u00e1sicamente para encontrar. Para encontrar lo que sea. Para encontrar las gafas que no aparecen, para encontrar la cabra que te falta, <a href=\"https:\/\/blogs.hoy.es\/extremadurasecreta\/2016\/06\/12\/san-antonio-y-los-secuestros-infantiles-practicas-mafiosas-para-conseguir-novio\/\">para encontrar el novio que te conviene<\/a> y hasta para encontrar al ni\u00f1o que \u00a0has perdido y <a href=\"https:\/\/blogs.hoy.es\/extremadurasecreta\/2015\/06\/12\/1156\/\">que no se lo coma un lobo<\/a>.<\/span><\/p>\n<p style=\"text-align: justify;\"><span style=\"font-size: 10pt;\">El investigador <strong><a title=\"El culto a San Antonio en las Jurdes y en zonas aleda\u00f1as.\" href=\"http:\/\/www.funjdiaz.net\/folklore\/07ficha.php?ID=216\" rel=\"external nofollow\">F\u00e9lix Barroso<\/a><\/strong> recoge en <strong>Casares de Hurdes<\/strong> el testimonio de J.M.M., quien afirmaba que se perdi\u00f3 un ni\u00f1o al que todo el mundo busc\u00f3. Al no encontrarlo, le \u201cpusieron\u201d el responso a San Antonio, y cuando por fin apareci\u00f3 le preguntaron con qui\u00e9n hab\u00eda estado, a lo que el muchacho contest\u00f3:<\/span><\/p>\n<p style=\"text-align: justify;\"><span style=\"font-size: 10pt;\">&#8211;\u00a0\u00a0\u00a0\u00a0\u00a0\u00a0 <em>\u201cPues con San Antonio Bendito, que me estuvo cuidando, y cuando un lobo me fue a morder, San Antonio le pegaba en los dientes y le \u201cjutaba\u201d un perrino blanco y el lobo se iba<\/em>&#8220;.<\/span><\/p>\n<p style=\"text-align: justify;\"><span style=\"font-size: 10pt;\">Tanto ni\u00f1o se perd\u00eda y tanta fe hab\u00eda en el santo, que ten\u00eda hasta responso especial para ni\u00f1os perdidos, como \u00e9ste recogida en <strong>Alcu\u00e9scar<\/strong>, en 1902, por <strong>Garc\u00eda-Plata de Osma<\/strong>:<\/span><\/p>\n<p style=\"text-align: justify;\"><span style=\"font-size: 10pt;\"><em>San Antonio bendito,<\/em><\/span><\/p>\n<p style=\"text-align: justify;\"><span style=\"font-size: 10pt;\"><em>com&#8217;eg bonito,<\/em><\/span><\/p>\n<p style=\"text-align: justify;\"><span style=\"font-size: 10pt;\"><em>arrebusca log ni\u00f1oh<\/em><\/span><\/p>\n<p style=\"text-align: justify;\"><span style=\"font-size: 10pt;\"><em>que s&#8217;han perd\u00edo.<\/em><\/span><\/p>\n<p style=\"text-align: justify;\"><span style=\"font-size: 10pt;\">Y es que el famoso y polim\u00f3rfico <strong>responso a San Antonio<\/strong>, la oraci\u00f3n m\u00e1gica, la plegaria que se convierte en conjuro, entra\u00f1a cierto ritual, seg\u00fan recoge Barroso. <\/span><\/p>\n<p style=\"text-align: justify;\"><span style=\"font-size: 10pt;\"><em>Hay que recogerse profundamente, caer casi en un \u00e9xtasis, como si se quisiera dotar a la mente del orante de una fuerza paranormal, capaz de actuar sobre el instinto del lobo, o la persona o animal perdidos. Aqu\u00e9l que se dispone a echar el responso debe alejarse de todo ruido, arrinconarse all\u00ed donde nadie lo vea ni lo oiga. La concentraci\u00f3n debe degenerar casi en arrebato m\u00edstico, pues es toda una voz angustiosa la que llama a gritos a los poderes sobrenaturales.<\/em><\/span><\/p>\n<p style=\"text-align: justify;\"><span style=\"font-size: 10pt;\">La experiencia de encomendar a San Antonio a los perdidos debi\u00f3 ser habitual en nuestros campos, porque otro caso parecido, pero esta vez con nombre y apellidos, le contaba F.M. al investigador <strong><a title=\"Santos ganaderos en Extremadura\" href=\" http:\/\/www.funjdiaz.net\/folklore\/07ficha.php?ID=1040 \">Jos\u00e9 Mar\u00eda Dom\u00ednguez Moreno<\/a><\/strong>, asegur\u00e1ndole c\u00f3mo<\/span><\/p>\n<p style=\"text-align: justify;\"><span style=\"font-size: 10pt;\"><em>&#8220;cuando t\u00edo Vidal era chiquinino lo perdieron pal monte, sin que lo encontraran<\/em> <em>hasta por la ma\u00f1ana siguiente, y estaba acurrucao cuando lo encontraron, pero estaba contento. De mo que le preguntan que si no ten\u00eda mieo y no ten\u00eda ni pisca de mieu. Dic\u00eda t\u00edo Vidal a la gente que le preguntaba que cuando se queo solo vino un se\u00f1or con un vist\u00edo mu largo, y ven\u00eda con un ni\u00f1o chiquinino pa juegal con \u00e9l. Aluego por la noche ven\u00eda un perr\u00f3n grandote y se tiraba a por \u00e9l, pero el se\u00f1or le daba con una soga pa los jocicos\u201d. \u201c Y es que\u00a0 l&#8217;hab\u00edan rezao a San Antonio, que ten\u00eda la sotana, y el ni\u00f1o era el Ni\u00f1o Jes\u00fas, qu&#8217;es el mismo que tiene San Antonio en la ermita encima del libro, y el perr\u00f3n grandote era un lobo que se quer\u00eda comer a t\u00edo Vidal&#8221;. <\/em><\/span><\/p>\n<p style=\"text-align: justify;\"><span style=\"font-size: 10pt;\"><em>\u00a0<\/em><\/span><span style=\"font-size: 10pt;\">Y lo mismo sucedi\u00f3 en el pueblo de <strong>Portaje<\/strong>, donde dos muchachos fueron a la dehesa del pueblo con su padre y su t\u00edo. Al atardecer el t\u00edo se volvi\u00f3 primero al pueblo, y el padre se fue al anochecer. Los chavales se quedaron, porque el padre pens\u00f3 que hab\u00edan vuelto con el t\u00edo, y el t\u00edo pens\u00f3 que hab\u00edan vuelto con el padre, y al llegar la noche la luna les sorprendi\u00f3 solos. No pudieron encontrarlos hasta el d\u00eda siguiente, en el\u00a0 que aparecieron en la puerta de la <strong>ermita de la Virgen del Casar<\/strong>, donde afirmaban haber pasado la noche con \u00a0San Antonio, que no dejaba que se le arrimaran los lobos, porque los espantaba con el perro blanco y con la cayada que ten\u00eda en la mano.<\/span><\/p>\n<p style=\"text-align: justify;\"><span style=\"font-size: 10pt;\">El Tio Venancio de <strong>El Cerezal<\/strong> le contaba \u00a0a Barroso c\u00f3mo una vez se perdi\u00f3 una t\u00eda del t\u00edo Alonso cuando era peque\u00f1a y le echaron el responso. Estuvo toda la noche por el monte, y cuando la encontraron cont\u00f3 que San Antonio Bendito hab\u00eda estado a su lado todo el tiempo y que con la vara que llevaba la deten\u00eda cuando quer\u00eda ir al r\u00edo para que no se cayera en el agua.<\/span><\/p>\n<p style=\"text-align: justify;\"><span style=\"font-size: 10pt;\">Y H.M., de \u00a0<strong>Santib\u00e1\u00f1ez el Bajo<\/strong>, a\u00fan recordaba una tarde que se perdi\u00f3 un grupo de muchachos en la dehesa, entre los que se encontraban la T\u00eda Leandra &#8220;La G\u00fcevera\u201d, y ti Mar\u00eda \u201cLa Tranquila\u201d. Comenz\u00f3 a oscurecer y no volv\u00edan, as\u00ed que comenzaron a tocar las campanas para que la gente saliera a buscarlos, al mismo tiempo que les echaron el responso. Toda la noche los estuvieron buscando y no hab\u00eda forma de encontrar el rastro\u2026 Y ya al amanecer los hallaron cobijados en la caseta de don Agapito, ya en el t\u00e9rmino de <strong>Palomero<\/strong>. La gente les pregunt\u00f3 si no hab\u00edan tenido miedo, y ellos contestaron tranquilos:<\/span><\/p>\n<p style=\"text-align: justify;\"><span style=\"font-size: 10pt;\"><em>&#8220;-\u00a1Qu\u00e9 va!, si ha estado con nosotros toda la noche un hombre con un perrino blanco\u2026 <\/em><\/span><\/p>\n<p style=\"text-align: justify;\"><span style=\"font-size: 10pt;\">A estas alturas de la pel\u00edcula no hac\u00eda falta ser muy listo para darse cuenta de que el hombre era el mism\u00edsimo San Antonio.<\/span><\/p>\n<p style=\"text-align: justify;\"><span style=\"font-size: 10pt;\">Los lectores avispados (que sois todos, lo s\u00e9), os habr\u00e9is dado cuenta de que estas \u201capariciones antonianas\u201d tienen siempre dos caracter\u00edsticas: \u00a0Por un lado aparece la &#8220;noche&#8221;, con todo su bagaje de misterio y de miedo. San Antonio se convierte en una divinidad nocturna.<\/span><\/p>\n<p style=\"text-align: justify;\"><span style=\"font-size: 10pt;\">Por otra parte, a San Antonio le acompa\u00f1a un perro peque\u00f1ito, casi siempre de color blanco. Este dato, como resalta Barroso, resulta cuando menos curioso, ya que en las diversas tallas de San Antonio jam\u00e1s acompa\u00f1a perro alguno a la imagen. \u00a0Sin embargo, y si lo pensamos bien, la presencia de este animal nada tiene de extra\u00f1a, puesto que como afirma Dom\u00ednguez Moreno es opini\u00f3n generalizada que San Antonio es un pastor. El color blanco del perro, por otro lado, responde a la concepci\u00f3n de sacralidad que el pueblo le atribuye a los animales albos, a los que hace embajadores de la buena suerte.<\/span><\/p>\n<p style=\"text-align: justify;\"><span style=\"font-size: 10pt;\">Aunque hay veces que San Antonio no aparece con h\u00e1bito ni con perro, sino con forma de ni\u00f1o. O al menos as\u00ed me lo cont\u00f3\u00a0 en Las Hurdes Pedro Mart\u00edn Alvarez, quien me narraba como cuando era un jovencito volv\u00eda de <strong>Nu\u00f1omoral<\/strong> de dejar a su novia cuando, al pasar el puente de la madre\u00f1osa,\u00a0 antes de llegar al cementerio de <strong>Aceitunilla<\/strong>, su motocicleta Ducati se par\u00f3 en seco en el mismo centro del puente. Un poco asustado por la noche y por las historias que se contaban, baj\u00f3 de la moto y comenz\u00f3 a moverla hacia el pueblo. Cuando lleg\u00f3 a casa de sus abuelos vio en la puerta de una vecina un ni\u00f1o vestido de blanco y not\u00f3 que el miedo hab\u00eda desaparecido desde hac\u00eda un rato. Al d\u00eda siguiente su madre le dijo que n<\/span><em style=\"font-size: 10pt;\">o <\/em><span style=\"font-size: 10pt;\">se preocupase, porque le habian echado el responso de San Antonio Bendito, que se aparece por estos caminos en la figura de un ni\u00f1o blanco.<\/span><\/p>\n<p style=\"text-align: justify;\"><span style=\"font-size: 10pt;\">As\u00ed que\u00a0 apl\u00edquense el cuento: para salir de noche por estos campos de dios y del diablo, no olviden el responso a san Antonio&#8230; y la rebequita por si refresca.\u00a0<\/span><\/p>\n<p>&nbsp;<\/p>\n<p>&nbsp;<\/p>\n<!-- AddThis Advanced Settings generic via filter on the_content --><!-- AddThis Share Buttons generic via filter on the_content -->","protected":false},"excerpt":{"rendered":"<p>Ya hemos podido comprobar en otras ocasiones que San Antonio, santo que vale tanto para un roto como para un descosido, aunque b\u00e1sicamente para encontrar. Para encontrar lo que sea. Para encontrar las gafas que no aparecen, para encontrar la cabra que te falta, para encontrar el novio que te conviene y hasta para encontrar [&hellip;]<!-- AddThis Advanced Settings generic via filter on get_the_excerpt --><!-- AddThis Share Buttons generic via filter on get_the_excerpt --><\/p>\n","protected":false},"author":20,"featured_media":0,"comment_status":"open","ping_status":"closed","sticky":false,"template":"","format":"standard","meta":[],"categories":[5,7,9],"tags":[22,45,229,230,433,501,633,662,907,981,1020,1068,1092],"_links":{"self":[{"href":"https:\/\/blogs.hoy.es\/extremadurasecreta\/wp-json\/wp\/v2\/posts\/989"}],"collection":[{"href":"https:\/\/blogs.hoy.es\/extremadurasecreta\/wp-json\/wp\/v2\/posts"}],"about":[{"href":"https:\/\/blogs.hoy.es\/extremadurasecreta\/wp-json\/wp\/v2\/types\/post"}],"author":[{"embeddable":true,"href":"https:\/\/blogs.hoy.es\/extremadurasecreta\/wp-json\/wp\/v2\/users\/20"}],"replies":[{"embeddable":true,"href":"https:\/\/blogs.hoy.es\/extremadurasecreta\/wp-json\/wp\/v2\/comments?post=989"}],"version-history":[{"count":2,"href":"https:\/\/blogs.hoy.es\/extremadurasecreta\/wp-json\/wp\/v2\/posts\/989\/revisions"}],"predecessor-version":[{"id":2332,"href":"https:\/\/blogs.hoy.es\/extremadurasecreta\/wp-json\/wp\/v2\/posts\/989\/revisions\/2332"}],"wp:attachment":[{"href":"https:\/\/blogs.hoy.es\/extremadurasecreta\/wp-json\/wp\/v2\/media?parent=989"}],"wp:term":[{"taxonomy":"category","embeddable":true,"href":"https:\/\/blogs.hoy.es\/extremadurasecreta\/wp-json\/wp\/v2\/categories?post=989"},{"taxonomy":"post_tag","embeddable":true,"href":"https:\/\/blogs.hoy.es\/extremadurasecreta\/wp-json\/wp\/v2\/tags?post=989"}],"curies":[{"name":"wp","href":"https:\/\/api.w.org\/{rel}","templated":true}]}}