{"id":13,"date":"2012-10-23T09:26:08","date_gmt":"2012-10-23T09:26:08","guid":{"rendered":"http:\/\/blogs.hoy.es\/funcionario-hoy\/?p=13"},"modified":"2012-10-23T09:26:08","modified_gmt":"2012-10-23T09:26:08","slug":"los-empleados-publicos-cobraran-menos-en-diciembre-que-en-noviembre","status":"publish","type":"post","link":"https:\/\/blogs.hoy.es\/funcionario-hoy\/2012\/10\/23\/los-empleados-publicos-cobraran-menos-en-diciembre-que-en-noviembre\/","title":{"rendered":"Los empleados p\u00fablicos cobrar\u00e1n menos en diciembre que en noviembre"},"content":{"rendered":"<p><span style=\"font-family: Times New Roman; font-size: medium;\">Un nacimiento siempre es motivo de alegr\u00eda, de celebraci\u00f3n. Hoy quer\u00eda que as\u00ed fuera con el <strong>alumbramiento de este nuevo blog<\/strong>. Sin embargo, mi gozo en un pozo gracias a los \u201colvidos\u201d del <a href=\"http:\/\/www.minhap.gob.es\/ES-ES\/Paginas\/Home.aspx\" target=\"_blank\">Ministerio de Hacienda<\/a> que van a hacer posible que los <a href=\"http:\/\/www.hoy.es\/rc\/20121022\/economia\/funcionarios-cotizaran-extra-navidad-201210221923.html\" target=\"_blank\">empleados p\u00fablicos volvamos a sufrir un nuevo recorte<\/a> que ni viene a cuento ni es justo.<\/span><\/p>\n<p><span style=\"font-size: medium;\"><span style=\"font-family: Times New Roman;\">Los funcionarios que estamos en el r\u00e9gimen de clases pasivas c<strong>otizaremos por la paga extra de Navidad como si la hubi\u00e9ramos cobrado<\/strong>, lo que har\u00e1 posible que en la <strong>paga de diciembre cobremos menos que en la de noviembre<\/strong>.<\/span><span style=\"font-family: Times New Roman;\">\u00a0<\/span><\/span><\/p>\n<p><span style=\"font-size: medium;\"><span style=\"font-family: Times New Roman;\">As\u00ed que el grueso de <strong>funcionarios<\/strong> de la Administraci\u00f3n Central del Estado, de la Justicia, de Defensa, de la Agencia Tributaria, de Prisiones y de las Fuerzas y Cuerpos de Seguridad del Estado, padeceremos,\u00a0sin saber porqu\u00e9 y sin explicaci\u00f3n alguna,\u00a0<strong>un nuevo tijeretazo en nuestras n\u00f3minas<\/strong>.<\/span><span style=\"font-family: Times New Roman;\">\u00a0<\/span><\/span><\/p>\n<p><span style=\"font-size: medium;\"><span style=\"font-family: Times New Roman;\">Mientras, desde <strong>Hacienda hacen o\u00eddos sordos<\/strong>, dan excusas varias y se escudan en que en el <a href=\"http:\/\/www.boe.es\/boe\/dias\/2012\/07\/14\/pdfs\/BOE-A-2012-9364.pdf\" target=\"_blank\">decreto antid\u00e9ficit del 13 de julio<\/a>, en el que se <strong>suprimi\u00f3 la paga extra de diciembre<\/strong> de los empleados p\u00fablicos, \u201cno se introdujo\u201d ninguna modificaci\u00f3n respecto a lo que dispone la <a href=\"http:\/\/www.boe.es\/buscar\/doc.php?id=BOE-A-1989-13700\" target=\"_blank\">Ley de Clases Pasivas del Estado<\/a> en su <strong>art\u00edculo 23<\/strong>, que obliga a cotizar por las 14 pagas.<\/span><span style=\"font-family: Times New Roman;\">\u00a0<\/span><\/span><\/p>\n<p><span style=\"font-size: medium;\"><span style=\"font-family: Times New Roman;\">Y lo peor, por lo que yo s\u00e9, a d\u00eda de hoy, <strong>el Gobierno no contempla una rectificaci\u00f3n<\/strong> de esta medida arbitraria que va a ocasionar una nueva perdida de poder adquisitivo a los <strong>14.000 funcionarios del Estado que trabajamos en Extremadura<\/strong>.<\/span><span style=\"font-family: Times New Roman;\">\u00a0<\/span><\/span><\/p>\n<p><span style=\"font-size: medium;\"><span style=\"font-family: Times New Roman;\">Por cierto, recordarles, aunque no me har\u00e1n ning\u00fan caso, a los responsables del Ministerio de Hacienda que, en relaci\u00f3n con la supresi\u00f3n de la paga extraordinaria, deber\u00edan tenerse en cuenta que <strong>hasta el 15 de julio de 2012<\/strong>, fecha de entrada en vigor del Real Decreto antid\u00e9ficit, <strong>todos los empleados p\u00fablicos han devengado el derecho a percibir la paga de Navidad<\/strong> en las condiciones previstas en los Presupuestos de 2012.<\/span><span style=\"font-family: Times New Roman;\">\u00a0<\/span><\/span><\/p>\n<p><span style=\"font-family: Times New Roman; font-size: medium;\">As\u00ed que <strong>debe abonarse la parte correspondiente a la paga extraordinaria hasta esa fecha 15 de julio<\/strong>, m\u00e1xime cuando este criterio se ha seguido con aquellos empleados p\u00fablicos que finalizaron sus contratos antes del 15 de julio, a los que se les ha abonado la parte proporcional de la paga correspondiente.<\/span><\/p>\n<!-- AddThis Advanced Settings generic via filter on the_content --><!-- AddThis Share Buttons generic via filter on the_content -->","protected":false},"excerpt":{"rendered":"<p>Un nacimiento siempre es motivo de alegr\u00eda, de celebraci\u00f3n. Hoy quer\u00eda que as\u00ed fuera con el alumbramiento de este nuevo blog. Sin embargo, mi gozo en un pozo gracias a los \u201colvidos\u201d del Ministerio de Hacienda que van a hacer posible que los empleados p\u00fablicos volvamos a sufrir un nuevo recorte que ni viene a [&hellip;]<!-- AddThis Advanced Settings generic via filter on get_the_excerpt --><!-- AddThis Share Buttons generic via filter on get_the_excerpt --><\/p>\n","protected":false},"author":3,"featured_media":0,"comment_status":"open","ping_status":"closed","sticky":false,"template":"","format":"standard","meta":[],"categories":[2,3,5],"tags":[37,179,226,253,256,268,290,379,415,446,474,477,544,549],"_links":{"self":[{"href":"https:\/\/blogs.hoy.es\/funcionario-hoy\/wp-json\/wp\/v2\/posts\/13"}],"collection":[{"href":"https:\/\/blogs.hoy.es\/funcionario-hoy\/wp-json\/wp\/v2\/posts"}],"about":[{"href":"https:\/\/blogs.hoy.es\/funcionario-hoy\/wp-json\/wp\/v2\/types\/post"}],"author":[{"embeddable":true,"href":"https:\/\/blogs.hoy.es\/funcionario-hoy\/wp-json\/wp\/v2\/users\/3"}],"replies":[{"embeddable":true,"href":"https:\/\/blogs.hoy.es\/funcionario-hoy\/wp-json\/wp\/v2\/comments?post=13"}],"version-history":[{"count":0,"href":"https:\/\/blogs.hoy.es\/funcionario-hoy\/wp-json\/wp\/v2\/posts\/13\/revisions"}],"wp:attachment":[{"href":"https:\/\/blogs.hoy.es\/funcionario-hoy\/wp-json\/wp\/v2\/media?parent=13"}],"wp:term":[{"taxonomy":"category","embeddable":true,"href":"https:\/\/blogs.hoy.es\/funcionario-hoy\/wp-json\/wp\/v2\/categories?post=13"},{"taxonomy":"post_tag","embeddable":true,"href":"https:\/\/blogs.hoy.es\/funcionario-hoy\/wp-json\/wp\/v2\/tags?post=13"}],"curies":[{"name":"wp","href":"https:\/\/api.w.org\/{rel}","templated":true}]}}