{"id":130,"date":"2013-04-22T09:00:16","date_gmt":"2013-04-22T09:00:16","guid":{"rendered":"http:\/\/blogs.hoy.es\/funcionario-hoy\/?p=130"},"modified":"2013-04-22T09:00:16","modified_gmt":"2013-04-22T09:00:16","slug":"el-gobierno-reconoce-que-debe-abonar-el-20-de-la-extra","status":"publish","type":"post","link":"https:\/\/blogs.hoy.es\/funcionario-hoy\/2013\/04\/22\/el-gobierno-reconoce-que-debe-abonar-el-20-de-la-extra\/","title":{"rendered":"El Gobierno reconoce que debe abonar el 20% de la extra"},"content":{"rendered":"<p><a href=\"\/funcionario-hoy\/wp-content\/uploads\/sites\/61\/2013\/04\/Secretario-de-Estado-de-Adm.jpg\"><img loading=\"lazy\" class=\"aligncenter size-full wp-image-131\" title=\"Secretario-de-Estado-de-Adm\" src=\"\/funcionario-hoy\/wp-content\/uploads\/sites\/61\/2013\/04\/Secretario-de-Estado-de-Adm.jpg\" alt=\"\" width=\"600\" height=\"337\" srcset=\"https:\/\/static-blogs.hoy.es\/wp-content\/uploads\/sites\/61\/2013\/04\/Secretario-de-Estado-de-Adm.jpg 600w, https:\/\/static-blogs.hoy.es\/wp-content\/uploads\/sites\/61\/2013\/04\/Secretario-de-Estado-de-Adm-300x169.jpg 300w\" sizes=\"(max-width: 600px) 100vw, 600px\" \/><\/a><\/p>\n<p><strong>El Gobierno<\/strong>, a trav\u00e9s del secretario de Estado de Administraciones P\u00fablicas, Antonio Beteta,<strong> ha reconocido que se tendr\u00e1 que abonar a funcionarios y personal laboral los d\u00edas devengados de la paga de Navidad suprimida en 2012<\/strong>, siguiendo la l\u00ednea marcada por la defensora del Pueblo, Soledad Becerril, y que supone entre un 15% y un 20% de lo que nos quitaron.<\/p>\n<p>As\u00ed, seg\u00fan ha reconocido\u00a0Beteta en un encuentro mantenido con el l\u00edder sindical de un sindicato de la Funci\u00f3n P\u00fablica, el Gobierno estar\u00eda estudiando la devoluci\u00f3n de los d\u00edas devengados de la paga extra que elimin\u00f3 para contener el elevado d\u00e9ficit p\u00fablico en 2012.<strong> Desde el propio Ministerio de Hacienda ya se reconoce que los procedimientos judiciales en marcha advierten que una norma no puede aplicarse con car\u00e1cter retroactivo.<\/strong><\/p>\n<p>Es decir, la supresi\u00f3n de esta paga debi\u00f3 aplicarse en el momento en que se public\u00f3<span style=\"text-decoration: underline;\"><a href=\"http:\/\/www.boe.es\/buscar\/act.php?id=BOE-A-2012-9364\"> el Real Decreto Ley 20\/2012 (15 de julio),<\/a><\/span> ya que <strong>una parte de la paga suprimida corresponder\u00eda a un trabajo ya realizado.<\/strong><\/p>\n<p>El decreto que suprimi\u00f3 la paga extra se aprob\u00f3 a mediados de julio, si bien la paga de Navidad hab\u00eda empezado a devengarse, <strong>en el caso de los funcionarios<\/strong>, desde el 1 de junio, por lo que <strong>los d\u00edas de paga que podr\u00edan recuperarse son 44<\/strong>. En el caso del <strong>personal laboral, se podr\u00edan recuperar entre 14 y 44 d\u00edas de paga<\/strong>, dependiendo del organismo al que est\u00e9n adscritos.<\/p>\n<p>Lo que <strong>no hay es fecha para que se nos reintegre<\/strong>, al menos, ese porcentaje devengado,<a href=\"http:\/\/www.hoy.es\/rc\/20130412\/economia\/funcionarios-veran-reducida-ninguna-201304121553.html\"><span style=\"text-decoration: underline;\"> aunque el ministro de Hacienda, Crist\u00f3bal Montoro,<\/span> <\/a>parece que apuesta por prorrogarlo todo para 2015 aunque los recursos abiertos en los tribunales podr\u00edan obligarle a abonarlo bastante antes.<\/p>\n<p>De momento, <strong>deber\u00eda tomar nota lo sucedido en Eslovenia<\/strong> que es el <strong>segundo pa\u00eds de la UE<\/strong>, tras Portugal, que se ve <strong>obligado a devolver la paga extra<\/strong> que le hab\u00edan retirado a sus empleados p\u00fablicos por decisi\u00f3n del Alto Tribunal de ese pa\u00eds.<\/p>\n<p>&nbsp;<\/p>\n<p>&nbsp;<\/p>\n<p><strong>\u00a0<\/strong><\/p>\n<!-- AddThis Advanced Settings generic via filter on the_content --><!-- AddThis Share Buttons generic via filter on the_content -->","protected":false},"excerpt":{"rendered":"<p>El Gobierno, a trav\u00e9s del secretario de Estado de Administraciones P\u00fablicas, Antonio Beteta, ha reconocido que se tendr\u00e1 que abonar a funcionarios y personal laboral los d\u00edas devengados de la paga de Navidad suprimida en 2012, siguiendo la l\u00ednea marcada por la defensora del Pueblo, Soledad Becerril, y que supone entre un 15% y un [&hellip;]<!-- AddThis Advanced Settings generic via filter on get_the_excerpt --><!-- AddThis Share Buttons generic via filter on get_the_excerpt --><\/p>\n","protected":false},"author":66,"featured_media":0,"comment_status":"open","ping_status":"closed","sticky":false,"template":"","format":"standard","meta":[],"categories":[2],"tags":[69,169,176,227,252,268,291,295,296,415,474,475,495,511,594,625],"_links":{"self":[{"href":"https:\/\/blogs.hoy.es\/funcionario-hoy\/wp-json\/wp\/v2\/posts\/130"}],"collection":[{"href":"https:\/\/blogs.hoy.es\/funcionario-hoy\/wp-json\/wp\/v2\/posts"}],"about":[{"href":"https:\/\/blogs.hoy.es\/funcionario-hoy\/wp-json\/wp\/v2\/types\/post"}],"author":[{"embeddable":true,"href":"https:\/\/blogs.hoy.es\/funcionario-hoy\/wp-json\/wp\/v2\/users\/66"}],"replies":[{"embeddable":true,"href":"https:\/\/blogs.hoy.es\/funcionario-hoy\/wp-json\/wp\/v2\/comments?post=130"}],"version-history":[{"count":0,"href":"https:\/\/blogs.hoy.es\/funcionario-hoy\/wp-json\/wp\/v2\/posts\/130\/revisions"}],"wp:attachment":[{"href":"https:\/\/blogs.hoy.es\/funcionario-hoy\/wp-json\/wp\/v2\/media?parent=130"}],"wp:term":[{"taxonomy":"category","embeddable":true,"href":"https:\/\/blogs.hoy.es\/funcionario-hoy\/wp-json\/wp\/v2\/categories?post=130"},{"taxonomy":"post_tag","embeddable":true,"href":"https:\/\/blogs.hoy.es\/funcionario-hoy\/wp-json\/wp\/v2\/tags?post=130"}],"curies":[{"name":"wp","href":"https:\/\/api.w.org\/{rel}","templated":true}]}}