{"id":166,"date":"2013-06-24T10:25:39","date_gmt":"2013-06-24T10:25:39","guid":{"rendered":"http:\/\/blogs.hoy.es\/funcionario-hoy\/?p=166"},"modified":"2013-06-24T10:25:39","modified_gmt":"2013-06-24T10:25:39","slug":"el-despido-de-laborales-y-la-movilidad-de-funcionarios-claves-en-la-reforma-del-gobierno","status":"publish","type":"post","link":"https:\/\/blogs.hoy.es\/funcionario-hoy\/2013\/06\/24\/el-despido-de-laborales-y-la-movilidad-de-funcionarios-claves-en-la-reforma-del-gobierno\/","title":{"rendered":"\u00bfC\u00f3mo afectar\u00e1 la reforma de Santamar\u00eda a los funcionarios?"},"content":{"rendered":"<p><a href=\"\/funcionario-hoy\/wp-content\/uploads\/sites\/61\/2013\/06\/Rajoy-presentado-Reforma-Ad.jpg\"><img loading=\"lazy\" class=\"aligncenter size-full wp-image-167\" title=\"Rajoy-presentado-Reforma-Ad\" src=\"\/funcionario-hoy\/wp-content\/uploads\/sites\/61\/2013\/06\/Rajoy-presentado-Reforma-Ad.jpg\" alt=\"\" width=\"600\" height=\"450\" srcset=\"https:\/\/static-blogs.hoy.es\/wp-content\/uploads\/sites\/61\/2013\/06\/Rajoy-presentado-Reforma-Ad.jpg 600w, https:\/\/static-blogs.hoy.es\/wp-content\/uploads\/sites\/61\/2013\/06\/Rajoy-presentado-Reforma-Ad-300x225.jpg 300w\" sizes=\"(max-width: 600px) 100vw, 600px\" \/><\/a><\/p>\n<p>A pesar de que, desde el Gobierno central, intenten convencernos de que\u00a0 <strong><a href=\"http:\/\/www.hoy.es\/rc\/20130621\/mas-actualidad\/nacional\/gobierno-arranca-reforma-administraciones-201306210046.html\"><span style=\"text-decoration: underline;\">la reforma de las Administraciones P\u00fablicas<\/span> <\/a><\/strong>no afectar\u00e1 a los empleados p\u00fablicos, no ser\u00e1 as\u00ed. <strong>Nos afectar\u00e1<\/strong>, mucho o poco pero ser\u00e1 una vuelta de tuerca m\u00e1s.<\/p>\n<p>Desde que la semana pasada se dio a conocer el informe de<strong> <span style=\"text-decoration: underline;\"><a href=\"http:\/\/www.seap.minhap.gob.es\/es\/areas\/reforma_aapp.html\">la Comisi\u00f3n para la Reforma de las Administraciones P\u00fablicas (CORA) <\/a><\/span><\/strong>quedan claras dos cuestiones. Una, la reducci\u00f3n de varios institutos y organismos p\u00fablicos con lo que<strong> los empleados p\u00fablicos de car\u00e1cter laboral o eventual ser\u00e1n despedidos<\/strong>. Y dos,\u00a0 <strong>los funcionarios de estos organismos ser\u00e1n \u201crecolocados\u201d<\/strong> en otros centros de trabajo de la Administraci\u00f3n central o incluso podr\u00e1n ser trasvasados o movidos a otras administraciones territoriales<\/p>\n<p>Pero hay m\u00e1s motivos para la preocupaci\u00f3n. Las palabras de la vicepresidenta del Gobierno, <strong>Soraya S\u00e1enz de Santamar\u00eda<\/strong>, ten\u00edan cierta doblez, por un lado\u00a0 hablaba de que los empleados p\u00fablicos\u00a0 \u201chan hecho un esfuerzo extraordinario\u201d durante esta crisis, para a continuaci\u00f3n deslizar que<strong> a partir de ahora, se va \u201ca buscar una mayor movilidad de los trabajadores y una mejor planificaci\u00f3n de los recursos humanos\u201d.\u00a0<\/strong><\/p>\n<p>Ahora hay que saber de que forma se va articular esa movilidad, a qui\u00e9n va afectar o que criterios se van a seguir para mover a un funcionario s\u00ed y a otro no<strong>.<\/strong> <strong>De momento no han explicado nada m\u00e1s. Tan s\u00f3lo que est\u00e1n \u201cestudiando\u201d formar\u00a0 \u201cbolsas\u201d de funcionarios en cada ministerio<\/strong> que, en caso de necesidad, podr\u00edan ser transferidos temporalmente a otro departamento e incluso a otra administraci\u00f3n ya sea auton\u00f3mica o local pero en el caso de que no sea posible su estabilidad queda en el aire.<\/p>\n<p>En este sentido, hay que hacer referencia a la <strong>contradicci\u00f3n existente\u00a0en las palabras del presidente del Gobierno, Mariano Rajoy<\/strong>, <strong>al decir que<\/strong> &#8220;el gasto p\u00fablico no es el problema de nuestro pa\u00eds y que <strong>los empleados p\u00fablicos juegan un papel fundamental<\/strong> para mantener la cohesi\u00f3n con presentar un plan de recorte del gasto p\u00fablico<strong> y plantear medidas de recorte de personal&#8221;.\u00a0<\/strong><\/p>\n<p>Cabe que recordar que <strong>los empleados p\u00fablicos ya han cubierto el cupo de despidos (m\u00e1s de 370.000 en el \u00faltimo a\u00f1o y medio)<\/strong> por lo que esta reforma sumada a la reforma de la Administraci\u00f3n Local a\u00f1ade un nuevo h\u00e1ndicap a la estabilidad de decenas de miles de laborales de las administraciones.<\/p>\n<p>&nbsp;<\/p>\n<p>&nbsp;<\/p>\n<p>&nbsp;<\/p>\n<!-- AddThis Advanced Settings generic via filter on the_content --><!-- AddThis Share Buttons generic via filter on the_content -->","protected":false},"excerpt":{"rendered":"<p>A pesar de que, desde el Gobierno central, intenten convencernos de que\u00a0 la reforma de las Administraciones P\u00fablicas no afectar\u00e1 a los empleados p\u00fablicos, no ser\u00e1 as\u00ed. Nos afectar\u00e1, mucho o poco pero ser\u00e1 una vuelta de tuerca m\u00e1s. Desde que la semana pasada se dio a conocer el informe de la Comisi\u00f3n para la [&hellip;]<!-- AddThis Advanced Settings generic via filter on get_the_excerpt --><!-- AddThis Share Buttons generic via filter on get_the_excerpt --><\/p>\n","protected":false},"author":66,"featured_media":0,"comment_status":"open","ping_status":"closed","sticky":false,"template":"","format":"standard","meta":[],"categories":[2,4,5,6],"tags":[30,36,39,100,132,164,191,227,261,268,291,343,375,397,434,469,627],"_links":{"self":[{"href":"https:\/\/blogs.hoy.es\/funcionario-hoy\/wp-json\/wp\/v2\/posts\/166"}],"collection":[{"href":"https:\/\/blogs.hoy.es\/funcionario-hoy\/wp-json\/wp\/v2\/posts"}],"about":[{"href":"https:\/\/blogs.hoy.es\/funcionario-hoy\/wp-json\/wp\/v2\/types\/post"}],"author":[{"embeddable":true,"href":"https:\/\/blogs.hoy.es\/funcionario-hoy\/wp-json\/wp\/v2\/users\/66"}],"replies":[{"embeddable":true,"href":"https:\/\/blogs.hoy.es\/funcionario-hoy\/wp-json\/wp\/v2\/comments?post=166"}],"version-history":[{"count":0,"href":"https:\/\/blogs.hoy.es\/funcionario-hoy\/wp-json\/wp\/v2\/posts\/166\/revisions"}],"wp:attachment":[{"href":"https:\/\/blogs.hoy.es\/funcionario-hoy\/wp-json\/wp\/v2\/media?parent=166"}],"wp:term":[{"taxonomy":"category","embeddable":true,"href":"https:\/\/blogs.hoy.es\/funcionario-hoy\/wp-json\/wp\/v2\/categories?post=166"},{"taxonomy":"post_tag","embeddable":true,"href":"https:\/\/blogs.hoy.es\/funcionario-hoy\/wp-json\/wp\/v2\/tags?post=166"}],"curies":[{"name":"wp","href":"https:\/\/api.w.org\/{rel}","templated":true}]}}