{"id":188,"date":"2013-09-10T10:17:18","date_gmt":"2013-09-10T10:17:18","guid":{"rendered":"http:\/\/blogs.hoy.es\/funcionario-hoy\/?p=188"},"modified":"2013-09-10T10:17:18","modified_gmt":"2013-09-10T10:17:18","slug":"uno-de-cada-dos-funcionarios-del-estado-a-punto-de-jubilarse","status":"publish","type":"post","link":"https:\/\/blogs.hoy.es\/funcionario-hoy\/2013\/09\/10\/uno-de-cada-dos-funcionarios-del-estado-a-punto-de-jubilarse\/","title":{"rendered":"Uno de cada dos funcionarios del Estado a punto de jubilarse"},"content":{"rendered":"<p><a href=\"\/funcionario-hoy\/wp-content\/uploads\/sites\/61\/2013\/09\/Mesas-vac\u00edas-en-los-organis1.jpg\"><img loading=\"lazy\" class=\"aligncenter size-full wp-image-190\" title=\"Mesas-vac\u00edas-en-los-organis\" src=\"\/funcionario-hoy\/wp-content\/uploads\/sites\/61\/2013\/09\/Mesas-vac\u00edas-en-los-organis1.jpg\" alt=\"\" width=\"640\" height=\"346\" srcset=\"https:\/\/static-blogs.hoy.es\/wp-content\/uploads\/sites\/61\/2013\/09\/Mesas-vac\u00edas-en-los-organis1.jpg 640w, https:\/\/static-blogs.hoy.es\/wp-content\/uploads\/sites\/61\/2013\/09\/Mesas-vac\u00edas-en-los-organis1-300x162.jpg 300w\" sizes=\"(max-width: 640px) 100vw, 640px\" \/><\/a><\/p>\n<p>Casi uno de cada dos empleados p\u00fablicos de la Administraci\u00f3n General del Estado (AGE) se encuentra a punto de jubilarse lo que puede provocar, en breve, un colapso de de los servicios que presta el Gobierno central. Y es que<strong> la destrucci\u00f3n de empleo p\u00fablico, que comenz\u00f3 en el tercer \u00a0trimestre de 2011 coincidiendo con el cambio de Gobierno, ha reducido el n\u00famero de funcionarios a m\u00ednimos hist\u00f3ricos.<\/strong><\/p>\n<p>Seg\u00fan <span style=\"text-decoration: underline;\"><a href=\"http:\/\/www.seap.minhap.gob.es\/es\/publicaciones\/centro_de_publicaciones_de_la_sgt\/Periodicas.html\">el \u00faltimo Bolet\u00edn Estad\u00edstico del personal al servicio de las Administraciones P\u00fablicas,<\/a><\/span> <strong>casi un 10% del personal al servicio de los ministerios tiene entre 60 y 64 a\u00f1os, mientras que otro 42 tiene entre 50 y 59 a\u00f1os.<\/strong> Apenas un 1,4% tiene menos de 30 a\u00f1os, frente al 13,2% de entre 30 y 39 a\u00f1os. Es decir, la mitad del personal se encuentra muy cerca de retirarse y solicitar la jubilaci\u00f3n anticipada, en funci\u00f3n de su dependencia a la Seguridad Social o Muface.<\/p>\n<p>Estos datos muestran la delicada situaci\u00f3n por la que pasa un sector p\u00fablico en el que <strong>las plazas de aquellos trabajadores que se jubilan se quedan sin cubrir por la ya famosa tasa de reposici\u00f3n cero (congelaci\u00f3n de la oferta p\u00fablica de empleo) que est\u00e1 minando la calidad del servicio que se presta al ciudadano.<\/strong> A esto hay que unir el despido encubierto de miles de interinos, fundamentalmente en sectores como la ense\u00f1anza, la sanidad y los servicios sociales.<\/p>\n<p>Todos estos factores han ocasionado que el n\u00famero total de trabajadores de la Administraci\u00f3n roce el m\u00ednimo hist\u00f3rico y que se pueda llegar a una situaci\u00f3n de colapso del sistema p\u00fablico que, de no poner una soluci\u00f3n, podr\u00eda llegar a ser insostenible. No se puede obviar que seg\u00fan la Encuesta de Poblaci\u00f3n Activa (EPA)<strong>, algo m\u00e1s de 580.000 funcionarios tienen m\u00e1s de 55 a\u00f1os.\u00a0<\/strong><\/p>\n<p>Y lo peor es que ya se est\u00e1 \u00a0produciendo una entrada progresiva de la empresa privada en puestos relacionados con la gesti\u00f3n y<strong>\u00a0<\/strong>que hasta ahora estaban reservados a los empleados p\u00fablicos.<\/p>\n<p>No hay que olvidar que\u00a0 <strong>el n\u00famero de empleados p\u00fablicos dependiente de la Administraci\u00f3n General del Estado se sit\u00faa en 227.814 personas, la cifra menor desde 2004.<\/strong> Mientras tanto, seg\u00fan la \u00faltima Encuesta de Poblaci\u00f3n Activa (EPA) del Instituto Nacional de Estad\u00edstica (INE), actualmente hay 2.843.200 funcionarios en Espa\u00f1a. Una cifra que roza el m\u00ednimo de la serie hist\u00f3rica que comienza en el a\u00f1o 2005 y que se sit\u00faa apenas 10.000 personas por encima, 2.831.500 trabajadores p\u00fablicos..<\/p>\n<!-- AddThis Advanced Settings generic via filter on the_content --><!-- AddThis Share Buttons generic via filter on the_content -->","protected":false},"excerpt":{"rendered":"<p>Casi uno de cada dos empleados p\u00fablicos de la Administraci\u00f3n General del Estado (AGE) se encuentra a punto de jubilarse lo que puede provocar, en breve, un colapso de de los servicios que presta el Gobierno central. Y es que la destrucci\u00f3n de empleo p\u00fablico, que comenz\u00f3 en el tercer \u00a0trimestre de 2011 coincidiendo con [&hellip;]<!-- AddThis Advanced Settings generic via filter on get_the_excerpt --><!-- AddThis Share Buttons generic via filter on get_the_excerpt --><\/p>\n","protected":false},"author":66,"featured_media":0,"comment_status":"open","ping_status":"closed","sticky":false,"template":"","format":"standard","meta":[],"categories":[2,6],"tags":[34,43,98,143,227,248,268,291,359,435,522,601,636],"_links":{"self":[{"href":"https:\/\/blogs.hoy.es\/funcionario-hoy\/wp-json\/wp\/v2\/posts\/188"}],"collection":[{"href":"https:\/\/blogs.hoy.es\/funcionario-hoy\/wp-json\/wp\/v2\/posts"}],"about":[{"href":"https:\/\/blogs.hoy.es\/funcionario-hoy\/wp-json\/wp\/v2\/types\/post"}],"author":[{"embeddable":true,"href":"https:\/\/blogs.hoy.es\/funcionario-hoy\/wp-json\/wp\/v2\/users\/66"}],"replies":[{"embeddable":true,"href":"https:\/\/blogs.hoy.es\/funcionario-hoy\/wp-json\/wp\/v2\/comments?post=188"}],"version-history":[{"count":0,"href":"https:\/\/blogs.hoy.es\/funcionario-hoy\/wp-json\/wp\/v2\/posts\/188\/revisions"}],"wp:attachment":[{"href":"https:\/\/blogs.hoy.es\/funcionario-hoy\/wp-json\/wp\/v2\/media?parent=188"}],"wp:term":[{"taxonomy":"category","embeddable":true,"href":"https:\/\/blogs.hoy.es\/funcionario-hoy\/wp-json\/wp\/v2\/categories?post=188"},{"taxonomy":"post_tag","embeddable":true,"href":"https:\/\/blogs.hoy.es\/funcionario-hoy\/wp-json\/wp\/v2\/tags?post=188"}],"curies":[{"name":"wp","href":"https:\/\/api.w.org\/{rel}","templated":true}]}}