{"id":19,"date":"2012-10-25T09:34:17","date_gmt":"2012-10-25T09:34:17","guid":{"rendered":"http:\/\/blogs.hoy.es\/funcionario-hoy\/?p=19"},"modified":"2012-10-25T09:34:17","modified_gmt":"2012-10-25T09:34:17","slug":"el-gobierno-pretende-controlar-las-protestas-de-los-empleados-publicos","status":"publish","type":"post","link":"https:\/\/blogs.hoy.es\/funcionario-hoy\/2012\/10\/25\/el-gobierno-pretende-controlar-las-protestas-de-los-empleados-publicos\/","title":{"rendered":"El Gobierno pretende controlar las protestas de los empleados p\u00fablicos"},"content":{"rendered":"<p><a href=\"\/funcionario-hoy\/wp-content\/uploads\/sites\/61\/2012\/10\/Desayunos-Justicia_1.jpg\"><img loading=\"lazy\" class=\"aligncenter size-full wp-image-34\" title=\"Desayuno de los funcionarios de Justicia en M\u00e9rida\" src=\"\/funcionario-hoy\/wp-content\/uploads\/sites\/61\/2012\/10\/Desayunos-Justicia_1.jpg\" alt=\"\" width=\"600\" height=\"450\" srcset=\"https:\/\/static-blogs.hoy.es\/wp-content\/uploads\/sites\/61\/2012\/10\/Desayunos-Justicia_1.jpg 600w, https:\/\/static-blogs.hoy.es\/wp-content\/uploads\/sites\/61\/2012\/10\/Desayunos-Justicia_1-300x225.jpg 300w\" sizes=\"(max-width: 600px) 100vw, 600px\" \/><\/a><\/p>\n<p><strong>\u201cExtremen las medidas que garantizan el debido cumplimiento de la jornada establecida\u201d.<\/strong> Este es uno de los p\u00e1rrafos de una carta que se ha enviado desde el <a href=\"http:\/\/www.mpt.gob.es\/index.html\" target=\"_blank\"><span style=\"text-decoration: underline;\">Ministerio de Administraciones P\u00fablicas<\/span> <\/a>a los distintos departamentos de la Administraci\u00f3n General del Estado <strong>para intentar \u201ccontrolar\u201d<\/strong> las protestas que hacemos los empleados p\u00fablicos a las puertas de los centros de trabajo <span style=\"text-decoration: underline;\"><a href=\"http:\/\/www.hoy.es\/v\/20120712\/regional\/sindicatos-auguran-unos-meses-20120712.html\" target=\"_blank\">desde \u00a0antes del verano.<\/a><\/span><\/p>\n<p>As\u00ed que ma\u00f1ana, viernes de negro, \u00a0tendremos que protestar con el<strong> cron\u00f3metro<\/strong> en la mano no vaya a ser que nos pasemos un solo segundo del tiempo que tenemos asignado para el desayuno\u00a0 y, encima, nos echen la bronca o se les ocurra abrirnos un <strong>expediente.\u00a0<\/strong><\/p>\n<p>Pero vamos, que no se preocupen nuestros \u201caltos jefes\u201d que tenemos reloj,\u00a0 sabemos mirar la hora y en ning\u00fan momento dejaremos que el servicio p\u00fablico que prestamos resulte afectado por nuestras protestas. As\u00ed que no se ofusquen por \u201cvelar por el\u00a0 estricto cumplimiento del horario\u201d\u00a0 que ya lo hacemos.<\/p>\n<p>Eso s\u00ed,<strong> este viernes volveremos a vestirnos de negro: <\/strong>saldremos a las puertas de nuestros centros para recordarles\u00a0 que lo que nos han quitado es mucho; que ya hemos perdido un 30% de nuestro poder adquisitivo, que nos han recortado el sueldo, nos han quitado nuestra paga de Navidad, nos han suprimido d\u00edas de asuntos propios, y\u00a0para colmo, nos quitan un 50% de nuestro maltrecho sueldo <span style=\"text-decoration: underline;\"><a href=\"http:\/\/www.hoy.es\/20121016\/economia\/nuevas-condiciones-bajas-laborales-201210161241.html\" target=\"_blank\">por ponernos enfermos<\/a><\/span>.<\/p>\n<p>Esta carta s\u00f3lo\u00a0circula a\u00fan\u00a0por las dependencias de la Administraci\u00f3n General del Estado pero, ojo, que cuando \u201clas barbas de tu vecino veas afeitar, pon las tuyas a remojar\u201d.<\/p>\n<!-- AddThis Advanced Settings generic via filter on the_content --><!-- AddThis Share Buttons generic via filter on the_content -->","protected":false},"excerpt":{"rendered":"<p>\u201cExtremen las medidas que garantizan el debido cumplimiento de la jornada establecida\u201d. Este es uno de los p\u00e1rrafos de una carta que se ha enviado desde el Ministerio de Administraciones P\u00fablicas a los distintos departamentos de la Administraci\u00f3n General del Estado para intentar \u201ccontrolar\u201d las protestas que hacemos los empleados p\u00fablicos a las puertas de [&hellip;]<!-- AddThis Advanced Settings generic via filter on get_the_excerpt --><!-- AddThis Share Buttons generic via filter on get_the_excerpt --><\/p>\n","protected":false},"author":66,"featured_media":0,"comment_status":"open","ping_status":"closed","sticky":false,"template":"","format":"standard","meta":[],"categories":[3],"tags":[37,93,115,226,290,314,474,550,614,630,680],"_links":{"self":[{"href":"https:\/\/blogs.hoy.es\/funcionario-hoy\/wp-json\/wp\/v2\/posts\/19"}],"collection":[{"href":"https:\/\/blogs.hoy.es\/funcionario-hoy\/wp-json\/wp\/v2\/posts"}],"about":[{"href":"https:\/\/blogs.hoy.es\/funcionario-hoy\/wp-json\/wp\/v2\/types\/post"}],"author":[{"embeddable":true,"href":"https:\/\/blogs.hoy.es\/funcionario-hoy\/wp-json\/wp\/v2\/users\/66"}],"replies":[{"embeddable":true,"href":"https:\/\/blogs.hoy.es\/funcionario-hoy\/wp-json\/wp\/v2\/comments?post=19"}],"version-history":[{"count":0,"href":"https:\/\/blogs.hoy.es\/funcionario-hoy\/wp-json\/wp\/v2\/posts\/19\/revisions"}],"wp:attachment":[{"href":"https:\/\/blogs.hoy.es\/funcionario-hoy\/wp-json\/wp\/v2\/media?parent=19"}],"wp:term":[{"taxonomy":"category","embeddable":true,"href":"https:\/\/blogs.hoy.es\/funcionario-hoy\/wp-json\/wp\/v2\/categories?post=19"},{"taxonomy":"post_tag","embeddable":true,"href":"https:\/\/blogs.hoy.es\/funcionario-hoy\/wp-json\/wp\/v2\/tags?post=19"}],"curies":[{"name":"wp","href":"https:\/\/api.w.org\/{rel}","templated":true}]}}