{"id":199,"date":"2013-09-30T08:56:33","date_gmt":"2013-09-30T08:56:33","guid":{"rendered":"http:\/\/blogs.hoy.es\/funcionario-hoy\/?p=199"},"modified":"2013-09-30T08:56:33","modified_gmt":"2013-09-30T08:56:33","slug":"la-congelacion-de-oposiciones-una-reforma-encubierta","status":"publish","type":"post","link":"https:\/\/blogs.hoy.es\/funcionario-hoy\/2013\/09\/30\/la-congelacion-de-oposiciones-una-reforma-encubierta\/","title":{"rendered":"La congelaci\u00f3n de oposiciones \u00bfuna reforma encubierta?"},"content":{"rendered":"<p><a href=\"\/funcionario-hoy\/wp-content\/uploads\/sites\/61\/2013\/09\/Protesta-Empleados-P\u00fablicos.jpg\"><img loading=\"lazy\" class=\"aligncenter size-full wp-image-200\" title=\"Protesta-Empleados-P\u00fablicos\" src=\"\/funcionario-hoy\/wp-content\/uploads\/sites\/61\/2013\/09\/Protesta-Empleados-P\u00fablicos.jpg\" alt=\"\" width=\"600\" height=\"400\" srcset=\"https:\/\/static-blogs.hoy.es\/wp-content\/uploads\/sites\/61\/2013\/09\/Protesta-Empleados-P\u00fablicos.jpg 600w, https:\/\/static-blogs.hoy.es\/wp-content\/uploads\/sites\/61\/2013\/09\/Protesta-Empleados-P\u00fablicos-300x200.jpg 300w\" sizes=\"(max-width: 600px) 100vw, 600px\" \/><\/a><\/p>\n<p>Era un secreto a voces. Un a\u00f1o m\u00e1s y ya van cuatro, el Gobierno Central congelar\u00e1 el sueldos a todos <a href=\"http:\/\/www.hoy.es\/v\/20130927\/regional\/solucion-facil-20130927.html\"><strong>los empleados p\u00fablicos del Estado<\/strong>, demostrando, una vez m\u00e1s, que <strong>son la caja\u00a0 registradora a la que acudir en los momentos de falta de liquidez.<\/strong>\u00a0<\/a><\/p>\n<p><span style=\"text-decoration: underline;\"><strong><a href=\"http:\/\/www.hoy.es\/rc\/20130926\/economia\/gobierno-congela-sueldos-funcionarios-201309261703.html\">Si esto es grave, a\u00fan lo es m\u00e1s otra congelaci\u00f3n, la de\u00a0 la Oferta P\u00fablica de Empleo (OPE)<\/a> <\/strong><\/span>ya que va repercutir directamente en la atenci\u00f3n que reciben los ciudadanos de la Administraci\u00f3n porque cada vez hay menos funcionarios para atender adecuadamente el servicio p\u00fablico.<\/p>\n<p>El problema que trae aparejado esta nueva congelaci\u00f3n de la OEP es que est\u00e1 provocando la entrada de forma lenta, pero constante, de la empresa privada a trav\u00e9s de la externalizaci\u00f3n de servicios hasta\u00a0 ahora reservados a los empleados p\u00fablicos. Un hecho preocupante porque <strong>el Gobierno est\u00e1 modificando, de forma encubierta, el modelo actual de nuestra administraci\u00f3n.<\/strong><\/p>\n<p><strong>El\u00a0Ejecutivo central\u00a0debe convocar oposiciones<\/strong>, aumentar la tasa de reposici\u00f3n hasta donde sea necesaria porque <strong>si no las Administraciones se ver\u00e1n abocadas a corto medio plazo al colapso o a la privatizaci\u00f3n.<\/strong> Si se recorta el servicio p\u00fablico <strong>se abre la puerta al sector privado que siempre estar\u00e1 dispuesto a asumir esas funciones,<\/strong> tal y como ha ocurrido en la privatizaci\u00f3n de la vigilancia del per\u00edmetro exterior de las prisiones.<strong>\u00a0<\/strong><\/p>\n<p><strong>Mantener la tasa de reposici\u00f3n en cero,<\/strong> exceptuando algunos servicios esenciales como seguridad del Estado o Inspecci\u00f3n de Hacienda, tendr\u00e1 efectos muy negativos ya que <strong>elevar\u00e1 la carga de trabajo en sectores muy sensibles como el Servicio P\u00fablico de Empleo Estatal (SEPE), Prisiones, Sanidad o la ense\u00f1anza.<\/strong>\u00a0 No se puede olvidar tampoco a la Justicia que aunque se van ofertar 300 plazas son totalmente insuficientes para cubrir las vacantes que existen actualmente en los \u00f3rganos judiciales espa\u00f1oles.<\/p>\n<p>La oferta p\u00fablica es insuficiente de por s\u00ed, pero adem\u00e1s, <strong>las pocas plazas convocadas est\u00e1n mal distribuidas,<\/strong>limit\u00e1ndose fundamentalmente a empleados p\u00fablicos de titulaci\u00f3n superior y congelando las relacionadas con puestos de gesti\u00f3n y servicios.<\/p>\n<p>&nbsp;<\/p>\n<!-- AddThis Advanced Settings generic via filter on the_content --><!-- AddThis Share Buttons generic via filter on the_content -->","protected":false},"excerpt":{"rendered":"<p>Era un secreto a voces. Un a\u00f1o m\u00e1s y ya van cuatro, el Gobierno Central congelar\u00e1 el sueldos a todos los empleados p\u00fablicos del Estado, demostrando, una vez m\u00e1s, que son la caja\u00a0 registradora a la que acudir en los momentos de falta de liquidez.\u00a0 Si esto es grave, a\u00fan lo es m\u00e1s otra congelaci\u00f3n, [&hellip;]<!-- AddThis Advanced Settings generic via filter on get_the_excerpt --><!-- AddThis Share Buttons generic via filter on get_the_excerpt --><\/p>\n","protected":false},"author":66,"featured_media":0,"comment_status":"open","ping_status":"closed","sticky":false,"template":"","format":"standard","meta":[],"categories":[2,3,5],"tags":[29,145,146,227,243,268,291,296,368,455,462,504,520,521,590,596,606,614,638,683],"_links":{"self":[{"href":"https:\/\/blogs.hoy.es\/funcionario-hoy\/wp-json\/wp\/v2\/posts\/199"}],"collection":[{"href":"https:\/\/blogs.hoy.es\/funcionario-hoy\/wp-json\/wp\/v2\/posts"}],"about":[{"href":"https:\/\/blogs.hoy.es\/funcionario-hoy\/wp-json\/wp\/v2\/types\/post"}],"author":[{"embeddable":true,"href":"https:\/\/blogs.hoy.es\/funcionario-hoy\/wp-json\/wp\/v2\/users\/66"}],"replies":[{"embeddable":true,"href":"https:\/\/blogs.hoy.es\/funcionario-hoy\/wp-json\/wp\/v2\/comments?post=199"}],"version-history":[{"count":0,"href":"https:\/\/blogs.hoy.es\/funcionario-hoy\/wp-json\/wp\/v2\/posts\/199\/revisions"}],"wp:attachment":[{"href":"https:\/\/blogs.hoy.es\/funcionario-hoy\/wp-json\/wp\/v2\/media?parent=199"}],"wp:term":[{"taxonomy":"category","embeddable":true,"href":"https:\/\/blogs.hoy.es\/funcionario-hoy\/wp-json\/wp\/v2\/categories?post=199"},{"taxonomy":"post_tag","embeddable":true,"href":"https:\/\/blogs.hoy.es\/funcionario-hoy\/wp-json\/wp\/v2\/tags?post=199"}],"curies":[{"name":"wp","href":"https:\/\/api.w.org\/{rel}","templated":true}]}}