{"id":24,"date":"2012-10-29T12:02:48","date_gmt":"2012-10-29T12:02:48","guid":{"rendered":"http:\/\/blogs.hoy.es\/funcionario-hoy\/?p=24"},"modified":"2012-10-29T12:02:48","modified_gmt":"2012-10-29T12:02:48","slug":"la-encuesta-del-ine-sobre-los-sueldos-de-los-empleados-publicos-puede-servir-para-anunciar-nuevos-recortes","status":"publish","type":"post","link":"https:\/\/blogs.hoy.es\/funcionario-hoy\/2012\/10\/29\/la-encuesta-del-ine-sobre-los-sueldos-de-los-empleados-publicos-puede-servir-para-anunciar-nuevos-recortes\/","title":{"rendered":"El INE como coartada para recortar m\u00e1s a los funcionarios"},"content":{"rendered":"<p style=\"text-align: left;\"><a href=\"\/funcionario-hoy\/wp-content\/uploads\/sites\/61\/2012\/10\/INE_WEB2.jpg\"><img loading=\"lazy\" class=\"aligncenter size-full wp-image-27\" title=\"Sede del Instituto Nacional de Estad\u00edstica en Madrid\" src=\"\/funcionario-hoy\/wp-content\/uploads\/sites\/61\/2012\/10\/INE_WEB2.jpg\" alt=\"\" width=\"600\" height=\"450\" srcset=\"https:\/\/static-blogs.hoy.es\/wp-content\/uploads\/sites\/61\/2012\/10\/INE_WEB2.jpg 600w, https:\/\/static-blogs.hoy.es\/wp-content\/uploads\/sites\/61\/2012\/10\/INE_WEB2-300x225.jpg 300w\" sizes=\"(max-width: 600px) 100vw, 600px\" \/><\/a>No s\u00e9 si vienen m\u00e1s <strong>recortes<\/strong> o no para los <strong>empleados p\u00fablicos<\/strong>, pero a tenor de la \u00faltima<strong> encuesta<\/strong> del <span style=\"text-decoration: underline;\"><a href=\"http:\/\/www.ine.es\/\" target=\"_blank\">Instituto Nacional de Estad\u00edstica (INE)<\/a><\/span>, en la\u00a0que se muestra que los<strong>\u00a0funcionarios<\/strong> cobr\u00e1n m\u00e1s que la media,\u00a0se podr\u00eda pensar que es una posibilidad muy real.<\/p>\n<p>Seg\u00fan la<span style=\"text-decoration: underline;\"><a href=\"http:\/\/www.hoy.es\/v\/20121025\/economia\/empleados-empresas-publicas-ganaron-20121025.html\" target=\"_blank\"> Encuesta de Estructura Salarial 2010 del INE<\/a><\/span>, el <strong>salario bruto anual en el sector p\u00fablico<\/strong> fue un 30,8 %\u00a0 m\u00e1s alto que la media de trabajadores del sector privado. Con este dato, desde dicho organismo se vuelve a poner en el disparadero a los empleados p\u00fablicos con una encuesta que parece hecha de forma malintencionada.<\/p>\n<p>Y es que el INE se olvida de que el grueso de los trabajadores de las empresas p\u00fablicas tiene un salario inferior a la media del de las empresas del sector privado; mezcla churras con merinas para acabar distorsionando la realidad de unos datos que incluyen los sueldos de los directivos de las empresas del sector p\u00fablico que, en muchos casos, tienen sueldos de 100.000 euros al a\u00f1o, m\u00e1s que lo que cobra el propio<strong> presidente del Gobierno<\/strong>.<\/p>\n<p>La inmensa mayor\u00eda de los trabajadores de la <strong>Administraci\u00f3n P\u00fablica<\/strong> son <strong>administrativos, auxiliares administrativos u ordenanzas<\/strong>, con unos sueldos muy por debajo de las cantidades que se desprenden de la encuesta que se ha facilitado. Un estudio que, para colmo, toma de referencia el a\u00f1o 2010, es decir antes de que se aplicara el<strong> recorte<\/strong> de sueldo del 5%. Evidentemente tampoco refleja la supresi\u00f3n de la <strong>paga de Navidad<\/strong>, la limitaci\u00f3n de los <strong>d\u00edas de asuntos propios<\/strong> o el recorte de un 50% de nuestro salario desde el primer d\u00eda que nos pongamos enfermos.<\/p>\n<p>Lo \u00fanico que est\u00e1 claro en nuestro d\u00eda a d\u00eda es que ese porcentaje del 30% del que habla el INE, del que no dudo de su profesionalidad, se corresponde con la<strong> p\u00e9rdida de poder adquisitivo<\/strong> que llevamos sobre nuestros hombros los empleados p\u00fablicos y no con diferencias salariales.<\/p>\n<p>Es una pena pero creo podr\u00edamos estar inmersos en una nueva <strong>campa\u00f1a de desprestigio contra el colectivo de empleados p\u00fablicos<\/strong> a los que se \u00a0nos ha llegado a situar\u00a0 como unos de los causantes de esta crisis cuestionando\u00a0 nuestras funciones, las plantillas y sobretodo, nuestra profesionalidad.<\/p>\n<p>Seguramente el motivo que eleva la estructura salarial de la que habla en su encuesta el INE habr\u00eda que buscarlo en la politizaci\u00f3n que han sufrido las administraciones con una gesti\u00f3n irresponsable que ha creado una <strong>administraci\u00f3n paralela<\/strong> con entes, fundaciones o empresas p\u00fablicas que en muchos casos escapan al control administrativo.<\/p>\n<p>&nbsp;<\/p>\n<p>&nbsp;<\/p>\n<!-- AddThis Advanced Settings generic via filter on the_content --><!-- AddThis Share Buttons generic via filter on the_content -->","protected":false},"excerpt":{"rendered":"<p>No s\u00e9 si vienen m\u00e1s recortes o no para los empleados p\u00fablicos, pero a tenor de la \u00faltima encuesta del Instituto Nacional de Estad\u00edstica (INE), en la\u00a0que se muestra que los\u00a0funcionarios cobr\u00e1n m\u00e1s que la media,\u00a0se podr\u00eda pensar que es una posibilidad muy real. Seg\u00fan la Encuesta de Estructura Salarial 2010 del INE, el salario [&hellip;]<!-- AddThis Advanced Settings generic via filter on get_the_excerpt --><!-- AddThis Share Buttons generic via filter on get_the_excerpt --><\/p>\n","protected":false},"author":66,"featured_media":0,"comment_status":"open","ping_status":"closed","sticky":false,"template":"","format":"standard","meta":[],"categories":[2,5],"tags":[37,41,85,110,201,227,235,291,334,468,474,505,514,549,587],"_links":{"self":[{"href":"https:\/\/blogs.hoy.es\/funcionario-hoy\/wp-json\/wp\/v2\/posts\/24"}],"collection":[{"href":"https:\/\/blogs.hoy.es\/funcionario-hoy\/wp-json\/wp\/v2\/posts"}],"about":[{"href":"https:\/\/blogs.hoy.es\/funcionario-hoy\/wp-json\/wp\/v2\/types\/post"}],"author":[{"embeddable":true,"href":"https:\/\/blogs.hoy.es\/funcionario-hoy\/wp-json\/wp\/v2\/users\/66"}],"replies":[{"embeddable":true,"href":"https:\/\/blogs.hoy.es\/funcionario-hoy\/wp-json\/wp\/v2\/comments?post=24"}],"version-history":[{"count":0,"href":"https:\/\/blogs.hoy.es\/funcionario-hoy\/wp-json\/wp\/v2\/posts\/24\/revisions"}],"wp:attachment":[{"href":"https:\/\/blogs.hoy.es\/funcionario-hoy\/wp-json\/wp\/v2\/media?parent=24"}],"wp:term":[{"taxonomy":"category","embeddable":true,"href":"https:\/\/blogs.hoy.es\/funcionario-hoy\/wp-json\/wp\/v2\/categories?post=24"},{"taxonomy":"post_tag","embeddable":true,"href":"https:\/\/blogs.hoy.es\/funcionario-hoy\/wp-json\/wp\/v2\/tags?post=24"}],"curies":[{"name":"wp","href":"https:\/\/api.w.org\/{rel}","templated":true}]}}