{"id":30,"date":"2012-11-05T11:54:15","date_gmt":"2012-11-05T11:54:15","guid":{"rendered":"http:\/\/blogs.hoy.es\/funcionario-hoy\/?p=30"},"modified":"2012-11-05T11:54:15","modified_gmt":"2012-11-05T11:54:15","slug":"los-despidos-en-la-administracion-afectaran-a-los-ciudadanos","status":"publish","type":"post","link":"https:\/\/blogs.hoy.es\/funcionario-hoy\/2012\/11\/05\/los-despidos-en-la-administracion-afectaran-a-los-ciudadanos\/","title":{"rendered":"Los despidos en la Administraci\u00f3n afectar\u00e1n a los ciudadanos"},"content":{"rendered":"<p><a href=\"\/funcionario-hoy\/wp-content\/uploads\/sites\/61\/2012\/11\/ministra-Empleo-Seguridad-Social-Fatima-Banez-Consejo-Ministros1.jpg\"><img loading=\"lazy\" class=\"aligncenter size-full wp-image-31\" title=\"Ministra de Empleo, F\u00e1tima Ba\u00f1ez\" src=\"\/funcionario-hoy\/wp-content\/uploads\/sites\/61\/2012\/11\/ministra-Empleo-Seguridad-Social-Fatima-Banez-Consejo-Ministros1.jpg\" alt=\"\" width=\"664\" height=\"383\" srcset=\"https:\/\/static-blogs.hoy.es\/wp-content\/uploads\/sites\/61\/2012\/11\/ministra-Empleo-Seguridad-Social-Fatima-Banez-Consejo-Ministros1.jpg 664w, https:\/\/static-blogs.hoy.es\/wp-content\/uploads\/sites\/61\/2012\/11\/ministra-Empleo-Seguridad-Social-Fatima-Banez-Consejo-Ministros1-300x173.jpg 300w\" sizes=\"(max-width: 664px) 100vw, 664px\" \/><\/a>Cuidan de los ancianos en la residencias, de los ni\u00f1os en las guarder\u00edas o tambi\u00e9n se encargan, por ejemplo, de la limpieza de los quir\u00f3fanos de los hospitales. Estas son algunas de las funciones que realizan en <strong>Extremadura<\/strong> muchos de los<strong> 20.000 empleados p\u00fablicos, el personal laboral,<\/strong>\u00a0que ahora <strong>pueden ser despedidos<\/strong> gracias a la publicaci\u00f3n \u00a0en <span style=\"text-decoration: underline;\"><a href=\"http:\/\/www.boe.es\/diario_boe\/txt.php?id=BOE-A-2012-13419\" target=\"_blank\">el BOE de un Real Decreto aprobado por el Gobierno.\u00a0<\/a><\/span><\/p>\n<p>La Administraci\u00f3n <strong>debe dar respuestas a las necesidades de los ciudadanos mediante la eficacia y la eficiencia en el servicio al bien general<\/strong>, no pensando en unas razones econ\u00f3micas deficitarias que se han creado desde los distintos \u00e1mbitos pol\u00edticos.<\/p>\n<p>Y es que <strong>la Administraci\u00f3n no puede moverse s\u00f3lo\u00a0por criterios mercantilistas<\/strong> porque comprometen el mantenimiento de la calidad en la prestaci\u00f3n de los servicios p\u00fablicos que reciben los ciudadanos en cualquier \u00e1mbito. No se puede echar a la calle\u00a0 a m\u00e1s profesionales con el \u00fanico objetivo de reducir gastos, ni hacer el ajuste presupuestario a trav\u00e9s de la reducci\u00f3n de personal.<\/p>\n<p>De todos son conocidos los excesos cometidos por los distintos gobiernos en construcciones de aeropuertos en los que no aterrizan aviones, autopistas innecesarias o esculturas realizadas a mayor gloria del pol\u00edtico de turno. Por eso, los recortes tienen que empezar por estos gastos innecesarios y no por los del personal, que al fin y al cabo acabar\u00e1n repercutiendo en los servicios p\u00fablicos que recibimos todos.<\/p>\n<p>En definitiva, es una pena que los requisitos que se han establecido para iniciar los despidos colectivos\u00a0 -contar con el d\u00e9ficit del a\u00f1o anterior y con un 5% menos de presupuesto-suponen en realidad que la Administraci\u00f3n lo tenga muy f\u00e1cil a la hora de reducir sus plantillas. Afectando por tanto a los ciudadanos a los que sirve.<\/p>\n<!-- AddThis Advanced Settings generic via filter on the_content --><!-- AddThis Share Buttons generic via filter on the_content -->","protected":false},"excerpt":{"rendered":"<p>Cuidan de los ancianos en la residencias, de los ni\u00f1os en las guarder\u00edas o tambi\u00e9n se encargan, por ejemplo, de la limpieza de los quir\u00f3fanos de los hospitales. Estas son algunas de las funciones que realizan en Extremadura muchos de los 20.000 empleados p\u00fablicos, el personal laboral,\u00a0que ahora pueden ser despedidos gracias a la publicaci\u00f3n [&hellip;]<!-- AddThis Advanced Settings generic via filter on get_the_excerpt --><!-- AddThis Share Buttons generic via filter on get_the_excerpt --><\/p>\n","protected":false},"author":66,"featured_media":0,"comment_status":"open","ping_status":"closed","sticky":false,"template":"","format":"standard","meta":[],"categories":[2,6],"tags":[29,37,97,124,188,227,290,375,542,559,615],"_links":{"self":[{"href":"https:\/\/blogs.hoy.es\/funcionario-hoy\/wp-json\/wp\/v2\/posts\/30"}],"collection":[{"href":"https:\/\/blogs.hoy.es\/funcionario-hoy\/wp-json\/wp\/v2\/posts"}],"about":[{"href":"https:\/\/blogs.hoy.es\/funcionario-hoy\/wp-json\/wp\/v2\/types\/post"}],"author":[{"embeddable":true,"href":"https:\/\/blogs.hoy.es\/funcionario-hoy\/wp-json\/wp\/v2\/users\/66"}],"replies":[{"embeddable":true,"href":"https:\/\/blogs.hoy.es\/funcionario-hoy\/wp-json\/wp\/v2\/comments?post=30"}],"version-history":[{"count":0,"href":"https:\/\/blogs.hoy.es\/funcionario-hoy\/wp-json\/wp\/v2\/posts\/30\/revisions"}],"wp:attachment":[{"href":"https:\/\/blogs.hoy.es\/funcionario-hoy\/wp-json\/wp\/v2\/media?parent=30"}],"wp:term":[{"taxonomy":"category","embeddable":true,"href":"https:\/\/blogs.hoy.es\/funcionario-hoy\/wp-json\/wp\/v2\/categories?post=30"},{"taxonomy":"post_tag","embeddable":true,"href":"https:\/\/blogs.hoy.es\/funcionario-hoy\/wp-json\/wp\/v2\/tags?post=30"}],"curies":[{"name":"wp","href":"https:\/\/api.w.org\/{rel}","templated":true}]}}