{"id":304,"date":"2014-09-29T09:01:42","date_gmt":"2014-09-29T09:01:42","guid":{"rendered":"http:\/\/blogs.hoy.es\/funcionario-hoy\/?p=304"},"modified":"2014-09-29T09:01:42","modified_gmt":"2014-09-29T09:01:42","slug":"el-adelanto-del-25-de-la-extra-a-funcionarios-un-engano","status":"publish","type":"post","link":"https:\/\/blogs.hoy.es\/funcionario-hoy\/2014\/09\/29\/el-adelanto-del-25-de-la-extra-a-funcionarios-un-engano\/","title":{"rendered":"El adelanto del 25% de la extra a funcionarios, un enga\u00f1o"},"content":{"rendered":"<p><a href=\"\/funcionario-hoy\/wp-content\/uploads\/sites\/61\/2014\/09\/5166_montoro_pillo.jpg\"><img loading=\"lazy\" class=\"aligncenter size-full wp-image-305\" title=\"5166_montoro_pillo\" src=\"\/funcionario-hoy\/wp-content\/uploads\/sites\/61\/2014\/09\/5166_montoro_pillo.jpg\" alt=\"\" width=\"600\" height=\"400\" srcset=\"https:\/\/static-blogs.hoy.es\/wp-content\/uploads\/sites\/61\/2014\/09\/5166_montoro_pillo.jpg 600w, https:\/\/static-blogs.hoy.es\/wp-content\/uploads\/sites\/61\/2014\/09\/5166_montoro_pillo-300x200.jpg 300w\" sizes=\"(max-width: 600px) 100vw, 600px\" \/><\/a><\/p>\n<p><strong>Es un enga\u00f1o y una burla hacia los empleados p\u00fablicos <\/strong><a href=\"http:\/\/www.hoy.es\/economia\/201409\/25\/gobierno-devolvera-funcionarios-torno-20140925150422-rc.html\"><strong>el anuncio<\/strong> del ministro de Hacienda y Administraciones P\u00fablicas, Crist\u00f3bal Montoro,<strong> sobre la devoluci\u00f3n del 25 por ciento de la paga extra de Navidad <\/strong><\/a>suprimida por el gobierno del Partido Popular en 2012.<\/p>\n<p>Y es que <strong>ese 25 por ciento equivale \u00a0a los 44 d\u00edas devengados<\/strong> entre el 1 de junio\u00a0 y el 14 de julio de 2012 (fecha de entrada en vigor del famoso decreto &#8220;antid\u00e9ficit&#8221; que suprimi\u00f3 nuestra paga) <strong>que los tribunales\u00a0 de toda Espa\u00f1a est\u00e1n reconociendo<\/strong> en\u00a0 todos los niveles de la administraci\u00f3n.<\/p>\n<p>Por lo tanto, esta decisi\u00f3n<strong> no es ning\u00fan regalo del Gobierno del PP a los empleados p\u00fablicos,<\/strong> sino que<strong> simplemente \u00a0hacen el pago de<\/strong> <strong>algo a lo que les est\u00e1 obligando la Justicia<\/strong> por haber sido una medida ilegal durante 44 d\u00edas.<\/p>\n<p><strong>Lo peor<\/strong> de todo es que mucho se habla desde el Gobierno de ese 25 por ciento pero<strong> nada se dice del otro 75 por ciento de la paga extra restante.<\/strong> \u00bfPiensan pagarlo alguna vez? La callada por respuesta es lo que recibimos desde el Ministerio de Administraciones P\u00fablicas.<\/p>\n<p>Para colmo, con esta decisi\u00f3n del Ejecutivo <strong>se deja en el olvido a muchos empleados p\u00fablicos que est\u00e1n fuera de la Administraci\u00f3n General del Estado<\/strong> y que no tienen capacidad de negociaci\u00f3n en sus respectivas administraciones (auton\u00f3mica, local o universidad) para negociar la devoluci\u00f3n del 25 por ciento de la paga extra que s\u00ed se reintegrar\u00e1 a los funcionarios estatales.<\/p>\n<p><strong>Todo<\/strong> lo que est\u00e1 sucediendo con la extra suprimida<strong> va en la \u00fanica direcci\u00f3n de demorar lo m\u00e1ximo posible el pago<\/strong> de una cantidad econ\u00f3mica suprimida de forma arbitraria por el Gobierno del partido popular. Un hecho perfectamente demostrable con la dilataci\u00f3n del pago de la extra a los funcionarios de la Administraci\u00f3n de Justicia a los que s\u00ed se nos quit\u00f3 de forma ilegal (los tribunales han dado la raz\u00f3n a los funcionarios para que se les devuelva) por la falta de previsi\u00f3n del ex ministro Gallard\u00f3n.<\/p>\n<p>Todo son <strong>excusas de mal pagador<\/strong> , el Ministerio de Justicia se agarra a que las sentencias que obligan a devolver la paga no se pueden aplicar de manera generalizada a todos los funcionarios y solo tendr\u00e1n efectos para aquellos que obtengan ese reconocimiento en los tribunales.<\/p>\n<p>Ante este desprop\u00f3sito en todas las provincias del Estado ya se han puesto, por parte de los sindicatos, los recursos oportunos para que les sea devuelta a todos los funcionarios de la Administraci\u00f3n de Justicia. En cualquier caso, es intentar retrasar lo inevitable.<\/p>\n<p>&nbsp;<\/p>\n<p>&nbsp;<\/p>\n<p>&nbsp;<\/p>\n<p>&nbsp;<\/p>\n<p><strong>\u00a0<\/strong><\/p>\n<p>&nbsp;<\/p>\n<p><strong>\u00a0<\/strong><\/p>\n<p><strong>\u00a0<\/strong><\/p>\n<!-- AddThis Advanced Settings generic via filter on the_content --><!-- AddThis Share Buttons generic via filter on the_content -->","protected":false},"excerpt":{"rendered":"<p>Es un enga\u00f1o y una burla hacia los empleados p\u00fablicos el anuncio del ministro de Hacienda y Administraciones P\u00fablicas, Crist\u00f3bal Montoro, sobre la devoluci\u00f3n del 25 por ciento de la paga extra de Navidad suprimida por el gobierno del Partido Popular en 2012. Y es que ese 25 por ciento equivale \u00a0a los 44 d\u00edas [&hellip;]<!-- AddThis Advanced Settings generic via filter on get_the_excerpt --><!-- AddThis Share Buttons generic via filter on get_the_excerpt --><\/p>\n","protected":false},"author":66,"featured_media":0,"comment_status":"open","ping_status":"closed","sticky":false,"template":"","format":"standard","meta":[],"categories":[2,5],"tags":[11,16,34,84,169,227,241,268,291,294,298,391,426,428,475,604,668],"_links":{"self":[{"href":"https:\/\/blogs.hoy.es\/funcionario-hoy\/wp-json\/wp\/v2\/posts\/304"}],"collection":[{"href":"https:\/\/blogs.hoy.es\/funcionario-hoy\/wp-json\/wp\/v2\/posts"}],"about":[{"href":"https:\/\/blogs.hoy.es\/funcionario-hoy\/wp-json\/wp\/v2\/types\/post"}],"author":[{"embeddable":true,"href":"https:\/\/blogs.hoy.es\/funcionario-hoy\/wp-json\/wp\/v2\/users\/66"}],"replies":[{"embeddable":true,"href":"https:\/\/blogs.hoy.es\/funcionario-hoy\/wp-json\/wp\/v2\/comments?post=304"}],"version-history":[{"count":0,"href":"https:\/\/blogs.hoy.es\/funcionario-hoy\/wp-json\/wp\/v2\/posts\/304\/revisions"}],"wp:attachment":[{"href":"https:\/\/blogs.hoy.es\/funcionario-hoy\/wp-json\/wp\/v2\/media?parent=304"}],"wp:term":[{"taxonomy":"category","embeddable":true,"href":"https:\/\/blogs.hoy.es\/funcionario-hoy\/wp-json\/wp\/v2\/categories?post=304"},{"taxonomy":"post_tag","embeddable":true,"href":"https:\/\/blogs.hoy.es\/funcionario-hoy\/wp-json\/wp\/v2\/tags?post=304"}],"curies":[{"name":"wp","href":"https:\/\/api.w.org\/{rel}","templated":true}]}}