{"id":36,"date":"2012-11-12T11:15:56","date_gmt":"2012-11-12T11:15:56","guid":{"rendered":"http:\/\/blogs.hoy.es\/funcionario-hoy\/?p=36"},"modified":"2012-11-12T11:15:56","modified_gmt":"2012-11-12T11:15:56","slug":"la-inversion-en-educacion-una-de-las-claves-para-salir-de-la-crisis","status":"publish","type":"post","link":"https:\/\/blogs.hoy.es\/funcionario-hoy\/2012\/11\/12\/la-inversion-en-educacion-una-de-las-claves-para-salir-de-la-crisis\/","title":{"rendered":"Este curso terminar\u00e1 con un d\u00e9ficit de 1.000 docentes en Extremadura"},"content":{"rendered":"<p><a href=\"\/funcionario-hoy\/wp-content\/uploads\/sites\/61\/2012\/11\/Alumnos-de-un-Instituto-ext2.jpg\"><img loading=\"lazy\" class=\"aligncenter size-full wp-image-41\" title=\"Alumnos de un Instituto de Extremadura asistiendo a clase\" src=\"\/funcionario-hoy\/wp-content\/uploads\/sites\/61\/2012\/11\/Alumnos-de-un-Instituto-ext2.jpg\" alt=\"\" width=\"600\" height=\"400\" srcset=\"https:\/\/static-blogs.hoy.es\/wp-content\/uploads\/sites\/61\/2012\/11\/Alumnos-de-un-Instituto-ext2.jpg 600w, https:\/\/static-blogs.hoy.es\/wp-content\/uploads\/sites\/61\/2012\/11\/Alumnos-de-un-Instituto-ext2-300x200.jpg 300w\" sizes=\"(max-width: 600px) 100vw, 600px\" \/><\/a><\/p>\n<p>Este curso que ahora ha comenzado terminar\u00e1 en Junio de 2013 con un <strong>d\u00e9ficit en la plantilla de 1.000<\/strong> <strong>docentes<\/strong> en nuestra regi\u00f3n, unos 35.000 en todo el pa\u00eds, a pesar de que el n\u00famero de alumnos se ha incrementado en una media del 1,7%. A esta cifra hay que sumarle tambi\u00e9n una reducci\u00f3n en inversi\u00f3n p\u00fablica educativa en Extremadura de 30 millones de euros para el pr\u00f3ximo a\u00f1o. Unas cantidades\u00a0 que, como m\u00ednimo, parecen injustas y desproporcionadas.<\/p>\n<p>Precisamente, no parece muy coherente que desde la Administraci\u00f3n\u00a0 no se repongan las plazas que dejan los <strong>jubilados (800 en Extremadura a final del curso)<\/strong> y quienes salen del sistema, la nula oferta de empleo y la consiguiente congelaci\u00f3n de las oposiciones, pues no s\u00f3lo provocan la mutilaci\u00f3n de las plantillas de profesores, sino tambi\u00e9n el envejecimiento de las mismas al no permitir el acceso a nuestros j\u00f3venes.<\/p>\n<p><strong>La tasa de reposici\u00f3n aprobada el a\u00f1o pasado por el Gobierno central para Educaci\u00f3n (10%), qued\u00f3 suspendida<\/strong> en casi todas las comunidades aut\u00f3nomas para acumularla a la de este a\u00f1o, por recomendaci\u00f3n del propio Ministerio de Educaci\u00f3n,\u00a0 hasta un 20 por ciento, cifra claramente insuficiente a la vista de los datos anteriores. As\u00ed, es evidente que para mantener la calidad y la viabilidad del sistema educativo espa\u00f1ol, como uno de los pilares del Estado del Bienestar a medio y largo plazo, deben convocarse oposiciones para el pr\u00f3ximo a\u00f1o con el 100 por cien de las vacantes existentes.<\/p>\n<p>De no convocarse oposiciones, <strong>se producir\u00e1 la desaparici\u00f3n de un importante n\u00famero de puestos de trabajo<\/strong> en el \u00e1mbito educativo, el incremento de profesores en paro y el deterioro de nuestra educaci\u00f3n. Lamentablemente, la direcci\u00f3n que han tomado nuestros responsables educativos nada tiene que ver con las recomendaciones de todos los organismos internacionales: \u201cinvertir en Educaci\u00f3n para salir cuanto antes y en mejores condiciones de la crisis\u201d.<\/p>\n<p>Evitar que el deterioro de la ense\u00f1anza p\u00fablica repercuta en toda la sociedad pasa por<a href=\"http:\/\/www.hoy.es\/20120126\/local\/extremadura-convocara-oposiciones-secundaria-201201261826.html\" target=\"_blank\"> la convocatoria de oposiciones <\/a>para <strong>cubrir el total de las vacantes<\/strong> que existen en nuestra comunidad. Es imposible que la educaci\u00f3n p\u00fablica extreme\u00f1a mejore si no se consigue frenar la sangr\u00eda que se est\u00e1 produciendo en las plantillas de profesores.<\/p>\n<p>Y es que no nos podemos olvidar de que <strong>el profesorado\u00a0 es el pilar fundamental en el que se sustenta la educaci\u00f3n de nuestros hijos<\/strong>. El recorte de presupuesto que est\u00e1 sufriendo la ense\u00f1anza p\u00fablica, en medios y en plantillas, es de tal calado que afectar\u00e1 gravemente, si no se pone remedio, al futuro de nuestra sociedad.<\/p>\n<p>&nbsp;<\/p>\n<p>&nbsp;<\/p>\n<p>&nbsp;<\/p>\n<p>&nbsp;<\/p>\n<p>&nbsp;<\/p>\n<!-- AddThis Advanced Settings generic via filter on the_content --><!-- AddThis Share Buttons generic via filter on the_content -->","protected":false},"excerpt":{"rendered":"<p>Este curso que ahora ha comenzado terminar\u00e1 en Junio de 2013 con un d\u00e9ficit en la plantilla de 1.000 docentes en nuestra regi\u00f3n, unos 35.000 en todo el pa\u00eds, a pesar de que el n\u00famero de alumnos se ha incrementado en una media del 1,7%. A esta cifra hay que sumarle tambi\u00e9n una reducci\u00f3n en [&hellip;]<!-- AddThis Advanced Settings generic via filter on get_the_excerpt --><!-- AddThis Share Buttons generic via filter on get_the_excerpt --><\/p>\n","protected":false},"author":66,"featured_media":0,"comment_status":"open","ping_status":"closed","sticky":false,"template":"","format":"standard","meta":[],"categories":[2],"tags":[142,213,216,227,244,268,291,295,350,395,464,530,673],"_links":{"self":[{"href":"https:\/\/blogs.hoy.es\/funcionario-hoy\/wp-json\/wp\/v2\/posts\/36"}],"collection":[{"href":"https:\/\/blogs.hoy.es\/funcionario-hoy\/wp-json\/wp\/v2\/posts"}],"about":[{"href":"https:\/\/blogs.hoy.es\/funcionario-hoy\/wp-json\/wp\/v2\/types\/post"}],"author":[{"embeddable":true,"href":"https:\/\/blogs.hoy.es\/funcionario-hoy\/wp-json\/wp\/v2\/users\/66"}],"replies":[{"embeddable":true,"href":"https:\/\/blogs.hoy.es\/funcionario-hoy\/wp-json\/wp\/v2\/comments?post=36"}],"version-history":[{"count":0,"href":"https:\/\/blogs.hoy.es\/funcionario-hoy\/wp-json\/wp\/v2\/posts\/36\/revisions"}],"wp:attachment":[{"href":"https:\/\/blogs.hoy.es\/funcionario-hoy\/wp-json\/wp\/v2\/media?parent=36"}],"wp:term":[{"taxonomy":"category","embeddable":true,"href":"https:\/\/blogs.hoy.es\/funcionario-hoy\/wp-json\/wp\/v2\/categories?post=36"},{"taxonomy":"post_tag","embeddable":true,"href":"https:\/\/blogs.hoy.es\/funcionario-hoy\/wp-json\/wp\/v2\/tags?post=36"}],"curies":[{"name":"wp","href":"https:\/\/api.w.org\/{rel}","templated":true}]}}