{"id":414,"date":"2015-11-23T19:34:54","date_gmt":"2015-11-23T19:34:54","guid":{"rendered":"http:\/\/blogs.hoy.es\/funcionario-hoy\/?p=414"},"modified":"2015-11-23T19:34:54","modified_gmt":"2015-11-23T19:34:54","slug":"las-madres-funcionarias-tambien-tendran-subida-en-la-pension","status":"publish","type":"post","link":"https:\/\/blogs.hoy.es\/funcionario-hoy\/2015\/11\/23\/las-madres-funcionarias-tambien-tendran-subida-en-la-pension\/","title":{"rendered":"Las madres funcionarias tambi\u00e9n tendr\u00e1n subida en la pensi\u00f3n"},"content":{"rendered":"<p><a href=\"\/funcionario-hoy\/wp-content\/uploads\/sites\/61\/2015\/11\/pensi\u00f3n-para-madres.gif\"><img loading=\"lazy\" class=\"aligncenter size-full wp-image-415\" title=\"pensi\u00f3n-para-madres\" src=\"\/funcionario-hoy\/wp-content\/uploads\/sites\/61\/2015\/11\/pensi\u00f3n-para-madres.gif\" alt=\"\" width=\"600\" height=\"439\" \/><\/a><\/p>\n<p><a href=\"http:\/\/www.congreso.es\/portal\/page\/portal\/Congreso\/Congreso\/SDocum\/ArchCon\/PresupGenerEstado\/PGE2016\">La Ley de Presupuestos Generales del Estado (PGE) <\/a>que contempla una \u00a0nueva mejora de las pensiones para las madres, con dos o m\u00e1s hijos, que se jubilen a partir de enero de 2016 pero que dejaba fuera a las madres funcionarias ya las incluye <strong>gracias a una nueva disposici\u00f3n adicional.<\/strong><strong>\u00a0<\/strong><\/p>\n<p>Concretamente ser\u00e1 <strong>la <\/strong>\u00a0<strong>decimoctava que se incorpora <a href=\"https:\/\/www.boe.es\/buscar\/act.php?id=BOE-A-1987-12636\">al texto refundido de la Ley de Clases Pasivas del Estado<\/a> <\/strong>y que fue aprobada en el Pleno del Congreso de los Diputados mediante una enmienda transaccional.<\/p>\n<p>As\u00ed, se reconocer\u00e1 un complemento de pensi\u00f3n a las mujeres que hayan tenido \u00a0hijos naturales o adoptados y sean beneficiarias de pensiones de jubilaci\u00f3n o retiro de car\u00e1cter forzoso o por incapacidad permanente para el servicio o inutilidad o viudedad\u00a0<strong>que se causen a partir del 1 de enero de 2016\u00a0en el R\u00e9gimen de Clases Pasivas del Estado.<\/strong><\/p>\n<p><strong>Dicho complemento<\/strong>, que tendr\u00e1 a todos los efectos naturaleza jur\u00eddica de pensi\u00f3n p\u00fablica<strong>, consistir\u00e1<\/strong> en incrementar la cuant\u00eda de la pensi\u00f3n resultante de la mujer en un porcentaje que var\u00eda en funci\u00f3n del n\u00famero de hijos:<\/p>\n<p>1) Por haber tenido <strong>dos hijos ser\u00e1 de un 5%<\/strong><\/p>\n<p>2) Por haber tenido <strong>tres hijos, un 10%<\/strong><\/p>\n<p>3) Por haber tenido <strong>cuatro o m\u00e1s, un 15%<\/strong><\/p>\n<p>La medida se aplicar\u00e1 a partir del 1 de enero de 2016 y <strong>su vigencia ser\u00e1 \u201cindefinida\u201d.<\/strong><\/p>\n<p>En este sentido, indicar que la pensi\u00f3n que corresponda reconocer o la pensi\u00f3n te\u00f3rica sobre la que se calcula el complemento por maternidad <strong>en ning\u00fan caso podr\u00e1 superar el l\u00edmite m\u00e1ximo de las pensiones p\u00fablicas<\/strong> establecido en el art\u00edculo 27.3 del texto refundido.<\/p>\n<p>En los casos en que legal o reglamentariamente est\u00e9 permitida por otras causas la superaci\u00f3n del l\u00edmite m\u00e1ximo, el complemento se calcular\u00e1 en los t\u00e9rminos indicados en este apartado, estimando como cuant\u00eda inicial de la pensi\u00f3n el importe del l\u00edmite m\u00e1ximo vigente en cada momento.<\/p>\n<p>Este complemento por maternidad <strong>se reconocer\u00e1 por<\/strong> la Direcci\u00f3n General de Costes de Personal y Pensiones P\u00fablicas del Ministerio de Hacienda y Administraciones P\u00fablicas y por la Direcci\u00f3n General de Personal del Ministerio de Defensa en el \u00e1mbito de sus respectivas competencias. No obstante, la competencia para el abono corresponder\u00e1 en todo caso a la Direcci\u00f3n General de Costes de Personal y Pensiones P\u00fablicas del Ministerio de Hacienda y Administraciones P\u00fablicas.<\/p>\n<p>Se han establecido algunos l\u00edmites a este suplemento por maternidad ya que <strong>en ning\u00fan caso formar\u00e1 parte de la pensi\u00f3n de jubilaci\u00f3n o retiro a efectos de la determinaci\u00f3n de la base reguladora<\/strong> en el reconocimiento de pensiones en favor de los familiares del personal comprendido en el \u00e1mbito de aplicaci\u00f3n de este texto refundido.<\/p>\n<!-- AddThis Advanced Settings generic via filter on the_content --><!-- AddThis Share Buttons generic via filter on the_content -->","protected":false},"excerpt":{"rendered":"<p>La Ley de Presupuestos Generales del Estado (PGE) que contempla una \u00a0nueva mejora de las pensiones para las madres, con dos o m\u00e1s hijos, que se jubilen a partir de enero de 2016 pero que dejaba fuera a las madres funcionarias ya las incluye gracias a una nueva disposici\u00f3n adicional.\u00a0 Concretamente ser\u00e1 la \u00a0decimoctava que [&hellip;]<!-- AddThis Advanced Settings generic via filter on get_the_excerpt --><!-- AddThis Share Buttons generic via filter on get_the_excerpt --><\/p>\n","protected":false},"author":66,"featured_media":0,"comment_status":"open","ping_status":"closed","sticky":false,"template":"","format":"standard","meta":[],"categories":[2,6],"tags":[29,34,37,126,134,226,291,311,364,379,394,485,496,518,601],"_links":{"self":[{"href":"https:\/\/blogs.hoy.es\/funcionario-hoy\/wp-json\/wp\/v2\/posts\/414"}],"collection":[{"href":"https:\/\/blogs.hoy.es\/funcionario-hoy\/wp-json\/wp\/v2\/posts"}],"about":[{"href":"https:\/\/blogs.hoy.es\/funcionario-hoy\/wp-json\/wp\/v2\/types\/post"}],"author":[{"embeddable":true,"href":"https:\/\/blogs.hoy.es\/funcionario-hoy\/wp-json\/wp\/v2\/users\/66"}],"replies":[{"embeddable":true,"href":"https:\/\/blogs.hoy.es\/funcionario-hoy\/wp-json\/wp\/v2\/comments?post=414"}],"version-history":[{"count":0,"href":"https:\/\/blogs.hoy.es\/funcionario-hoy\/wp-json\/wp\/v2\/posts\/414\/revisions"}],"wp:attachment":[{"href":"https:\/\/blogs.hoy.es\/funcionario-hoy\/wp-json\/wp\/v2\/media?parent=414"}],"wp:term":[{"taxonomy":"category","embeddable":true,"href":"https:\/\/blogs.hoy.es\/funcionario-hoy\/wp-json\/wp\/v2\/categories?post=414"},{"taxonomy":"post_tag","embeddable":true,"href":"https:\/\/blogs.hoy.es\/funcionario-hoy\/wp-json\/wp\/v2\/tags?post=414"}],"curies":[{"name":"wp","href":"https:\/\/api.w.org\/{rel}","templated":true}]}}