{"id":43,"date":"2012-11-19T10:11:22","date_gmt":"2012-11-19T10:11:22","guid":{"rendered":"http:\/\/blogs.hoy.es\/funcionario-hoy\/?p=43"},"modified":"2012-11-19T10:11:22","modified_gmt":"2012-11-19T10:11:22","slug":"adios-a-la-jubilacion-anticipada-de-los-funcionarios","status":"publish","type":"post","link":"https:\/\/blogs.hoy.es\/funcionario-hoy\/2012\/11\/19\/adios-a-la-jubilacion-anticipada-de-los-funcionarios\/","title":{"rendered":"Adi\u00f3s a la jubilaci\u00f3n anticipada de los funcionarios"},"content":{"rendered":"<p><a href=\"\/funcionario-hoy\/wp-content\/uploads\/sites\/61\/2012\/11\/Ministro-de-Administracione.jpg\"><img loading=\"lazy\" class=\"aligncenter size-full wp-image-44\" title=\"Ministro de Administraciones P\u00fablicas, Crist\u00f3bal Montoro\" src=\"\/funcionario-hoy\/wp-content\/uploads\/sites\/61\/2012\/11\/Ministro-de-Administracione.jpg\" alt=\"\" width=\"600\" height=\"338\" srcset=\"https:\/\/static-blogs.hoy.es\/wp-content\/uploads\/sites\/61\/2012\/11\/Ministro-de-Administracione.jpg 600w, https:\/\/static-blogs.hoy.es\/wp-content\/uploads\/sites\/61\/2012\/11\/Ministro-de-Administracione-300x169.jpg 300w\" sizes=\"(max-width: 600px) 100vw, 600px\" \/><\/a><\/p>\n<p>Como no pod\u00eda ser de otra manera los empleados p\u00fablicos volvemos a estar en el punto de mira del Gobierno. Ahora, <strong>intenta evitar\u00a0 la posibilidad de que nos jubilemos voluntariamente de forma anticipada<\/strong> a pesar de que es un derecho adquirido por ley. Sin embargo, en estos tiempos eso no es garant\u00eda de nada y menos a\u00fan si hablamos de empleados p\u00fablicos.<\/p>\n<p>As\u00ed\u00a0 que con la excusa de siempre, la de las dificultades econ\u00f3micas,<strong> el\u00a0 Gobierno pedir\u00e1 al Pacto de Toledo<\/strong> que valore si, en el momento actual, habr\u00eda que permitir que los empleados p\u00fablicos se jubilen anticipadamente de manera voluntaria, m\u00e1xime, dicen, ante el coste que supondr\u00eda parala Seguridad Social autorizar esta medida.<\/p>\n<p>Actualmente, los empleados p\u00fablicos no pueden acogerse a esta forma de jubilaci\u00f3n, salvo los de clases pasivas, entre los que se encuentran la mayor\u00eda de los docentes, funcionarios de Instituciones Penitenciarias, dela Administraci\u00f3n de Justicia o los Cuerpos y Fuerzas de Seguridad del Estado y que<strong> ascienden a cerca de un mill\u00f3n en Espa\u00f1a y a unos 17.000 en Extremadura.\u00a0<\/strong><\/p>\n<p>A\u00fan as\u00ed, la figura de la jubilaci\u00f3n anticipada y parcial para los empleados p\u00fablicos en general, no s\u00f3lo para los de las clases pasivas, viene reconocida en su <strong><span style=\"text-decoration: underline;\"><a href=\"https:\/\/www.boe.es\/diario_boe\/txt.php?id=BOE-A-2007-7788\">Estatuto B\u00e1sico del Empleado P\u00fablico<\/a><\/span><\/strong>, aprobado hace cinco a\u00f1os, \u00a0con lo que ser\u00eda l\u00f3gico que se reglamentara para que esta jubilaci\u00f3n se posible para todos, pero est\u00e1 claro que el Ejecutivo no est\u00e1 por la labor sino todo lo contrario.<\/p>\n<p>No debe olvidar el Gobierno que\u00a0 <strong>\u00e9ste es un derecho que ya disfrutan el resto de trabajadores del pa\u00eds<\/strong>. Permitir\u00eda mejorar el servicio que se presta a los ciudadanos con una f\u00f3rmula que permite rejuvenecer las plantillas de las Administraciones sin amortizar puestos de trabajo. Y es que actualmente la media de edad de los trabajadores est\u00e1 pr\u00f3xima a los 50 a\u00f1os.<\/p>\n<p>De todas formas, el Ejecutivo lo tiene claro a tenor de lo que explica en un<strong> informe enviado al Parlamento que todav\u00eda no\u00a0se ha hecho p\u00fablico pero del que se han desvelado algunos puntos como el siguiente:<\/strong><\/p>\n<p>&#8220;Habr\u00eda que valorar si la jubilaci\u00f3n anticipada por voluntad del trabajador se extiende o no a los empleados p\u00fablicos, teniendo en cuenta <strong>el coste que supone para la Seguridad Social en anticipar pagos<\/strong> (m\u00e1xime en unos momentos de dificultades econ\u00f3micas), la incidencia de jubilaciones masivas en el sector p\u00fablico o el precedente de aplicaci\u00f3n de f\u00f3rmulas de anticipaci\u00f3n a la jubilaci\u00f3n, respecto de otras figuras como la jubilaci\u00f3n parcial&#8221;.<\/p>\n<p>En fin, <strong>otro derecho m\u00e1s cercenado.<\/strong><\/p>\n<p>&nbsp;<\/p>\n<p>&nbsp;<\/p>\n<!-- AddThis Advanced Settings generic via filter on the_content --><!-- AddThis Share Buttons generic via filter on the_content -->","protected":false},"excerpt":{"rendered":"<p>Como no pod\u00eda ser de otra manera los empleados p\u00fablicos volvemos a estar en el punto de mira del Gobierno. Ahora, intenta evitar\u00a0 la posibilidad de que nos jubilemos voluntariamente de forma anticipada a pesar de que es un derecho adquirido por ley. Sin embargo, en estos tiempos eso no es garant\u00eda de nada y [&hellip;]<!-- AddThis Advanced Settings generic via filter on get_the_excerpt --><!-- AddThis Share Buttons generic via filter on get_the_excerpt --><\/p>\n","protected":false},"author":66,"featured_media":0,"comment_status":"open","ping_status":"closed","sticky":false,"template":"","format":"standard","meta":[],"categories":[2,5,6],"tags":[29,126,227,253,258,268,291,359,441,473,481,601],"_links":{"self":[{"href":"https:\/\/blogs.hoy.es\/funcionario-hoy\/wp-json\/wp\/v2\/posts\/43"}],"collection":[{"href":"https:\/\/blogs.hoy.es\/funcionario-hoy\/wp-json\/wp\/v2\/posts"}],"about":[{"href":"https:\/\/blogs.hoy.es\/funcionario-hoy\/wp-json\/wp\/v2\/types\/post"}],"author":[{"embeddable":true,"href":"https:\/\/blogs.hoy.es\/funcionario-hoy\/wp-json\/wp\/v2\/users\/66"}],"replies":[{"embeddable":true,"href":"https:\/\/blogs.hoy.es\/funcionario-hoy\/wp-json\/wp\/v2\/comments?post=43"}],"version-history":[{"count":0,"href":"https:\/\/blogs.hoy.es\/funcionario-hoy\/wp-json\/wp\/v2\/posts\/43\/revisions"}],"wp:attachment":[{"href":"https:\/\/blogs.hoy.es\/funcionario-hoy\/wp-json\/wp\/v2\/media?parent=43"}],"wp:term":[{"taxonomy":"category","embeddable":true,"href":"https:\/\/blogs.hoy.es\/funcionario-hoy\/wp-json\/wp\/v2\/categories?post=43"},{"taxonomy":"post_tag","embeddable":true,"href":"https:\/\/blogs.hoy.es\/funcionario-hoy\/wp-json\/wp\/v2\/tags?post=43"}],"curies":[{"name":"wp","href":"https:\/\/api.w.org\/{rel}","templated":true}]}}