{"id":459,"date":"2016-05-03T18:38:38","date_gmt":"2016-05-03T18:38:38","guid":{"rendered":"http:\/\/blogs.hoy.es\/funcionario-hoy\/?p=459"},"modified":"2016-05-03T18:38:38","modified_gmt":"2016-05-03T18:38:38","slug":"las-elecciones-dejan-sin-fecha-las-oposiciones-del-estado","status":"publish","type":"post","link":"https:\/\/blogs.hoy.es\/funcionario-hoy\/2016\/05\/03\/las-elecciones-dejan-sin-fecha-las-oposiciones-del-estado\/","title":{"rendered":"Las elecciones dejan sin fecha las oposiciones del Estado"},"content":{"rendered":"<p><a href=\"\/funcionario-hoy\/wp-content\/uploads\/sites\/61\/2016\/05\/1856748-Cristobal_Montoro_y.gif\"><img loading=\"lazy\" class=\"aligncenter size-full wp-image-460\" title=\"1856748-Cristobal_Montoro_y\" src=\"\/funcionario-hoy\/wp-content\/uploads\/sites\/61\/2016\/05\/1856748-Cristobal_Montoro_y.gif\" alt=\"\" width=\"600\" height=\"371\" \/><\/a><\/p>\n<p><a href=\"https:\/\/www.boe.es\/boe\/dias\/2016\/03\/22\/pdfs\/BOE-A-2016-2821.pdf\">Las 19.121 plazas de la Oferta P\u00fablica de Empleo (OEP) estatal para 2016 \u00a0a<\/a>probadas por el Gobierno central el pasado mes de marzo, <strong>no podr\u00e1n ser\u00a0 cubiertas, como m\u00ednimo, hasta muy pasado 2017.<\/strong> Y es que la repetici\u00f3n de las elecciones ha dejado en el aire la convocatoria oficial de las pruebas selectivas que suele hacerse en el mes siguiente al anuncio de la OEP.<\/p>\n<p>En el Ministerio de Hacienda y Administraciones P\u00fablicas los t\u00e9cnicos trabajan pensando en que <strong>la convocatoria oficial de las pruebas se realice, en el mejor de los casos, a finales del mes de septiembre,\u00a0<\/strong>aunque la perspectiva es que se retrase hasta octubre. Con este retraso, los opositores del turno libre y los funcionarios de promoci\u00f3n interna \u00a0no tienen posibilidad de preparar los temarios en su totalidad ya que no se sabr\u00e1 ni el n\u00famero de temas ni el contenido de los mismos, y mucho menos, la fecha de los ex\u00e1menes hasta que el nuevo Gobierno est\u00e9 constituido.<\/p>\n<p>L<strong>os ex\u00e1menes, como muy pronto,<\/strong> empezar\u00edan realizarse <strong>a partir del mes de febrero de 2017<\/strong> lo que podr\u00eda alargar el proceso de superaci\u00f3n de las pruebas y <strong>adjudicaci\u00f3n de las plazas hasta 2018,<\/strong> lo que condicionar\u00e1 tambi\u00e9n la convocatoria de empleo p\u00fablico del pr\u00f3ximo ejercicio.<\/p>\n<p>Cabe recordar que, de esas 19.121 plazas de la OEP, <a href=\"http:\/\/www.hoy.es\/videos\/economia\/201603\/18\/oferta-empleo-publico-asciende-4807348428001-mm.html\">13.427 son nuevas y\u00a05.694 est\u00e1n destinadas a promoci\u00f3n interna <\/a>para empleados p\u00fablicos en activo. La mayor\u00eda de las plazas libres se han convocado en los \u00e1mbitos de la lucha contra el fraude fiscal y laboral, la Justicia, fuerzas y cuerpos de seguridad del Estado, o la asistencia directa a los usuarios de servicios sociales.<\/p>\n<p>Esta OEP cubre aproximadamente, el 85% de las plazas de funcionarios que se ha jubilado este a\u00f1o, <strong>porcentaje insuficiente<\/strong> teniendo en cuenta el envejecimiento de las plantillas, y la \u00a0destrucci\u00f3n de puestos de trabajo acumulada a lo largo de los \u00faltimos a\u00f1os de la crisis econ\u00f3mica.<\/p>\n<p>No se puede obviar que<a href=\"https:\/\/blogs.hoy.es\/funcionario-hoy\/2013\/09\/10\/uno-de-cada-dos-funcionarios-del-estado-a-punto-de-jubilarse\/\"> <strong>en los pr\u00f3ximos 10-15 a\u00f1os se jubilar\u00e1n<\/strong> <\/a>en la Administraci\u00f3n General del Estado, Prisiones, Justicia y Fuerzas y Cuerpos de Seguridad cerca de <strong>120.000 personas<\/strong>, <strong>26.000 \u00a0lo har\u00e1n de de manera inminente al tener m\u00e1s de 60 a\u00f1os.<\/strong><\/p>\n<p><strong>\u00a0<\/strong><\/p>\n<!-- AddThis Advanced Settings generic via filter on the_content --><!-- AddThis Share Buttons generic via filter on the_content -->","protected":false},"excerpt":{"rendered":"<p>Las 19.121 plazas de la Oferta P\u00fablica de Empleo (OEP) estatal para 2016 \u00a0aprobadas por el Gobierno central el pasado mes de marzo, no podr\u00e1n ser\u00a0 cubiertas, como m\u00ednimo, hasta muy pasado 2017. Y es que la repetici\u00f3n de las elecciones ha dejado en el aire la convocatoria oficial de las pruebas selectivas que suele [&hellip;]<!-- AddThis Advanced Settings generic via filter on get_the_excerpt --><!-- AddThis Share Buttons generic via filter on get_the_excerpt --><\/p>\n","protected":false},"author":66,"featured_media":0,"comment_status":"closed","ping_status":"closed","sticky":false,"template":"","format":"standard","meta":[],"categories":[2,4,6],"tags":[29,34,37,222,226,227,230,256,268,290,291,296,415,453,457,464,502,638,673],"_links":{"self":[{"href":"https:\/\/blogs.hoy.es\/funcionario-hoy\/wp-json\/wp\/v2\/posts\/459"}],"collection":[{"href":"https:\/\/blogs.hoy.es\/funcionario-hoy\/wp-json\/wp\/v2\/posts"}],"about":[{"href":"https:\/\/blogs.hoy.es\/funcionario-hoy\/wp-json\/wp\/v2\/types\/post"}],"author":[{"embeddable":true,"href":"https:\/\/blogs.hoy.es\/funcionario-hoy\/wp-json\/wp\/v2\/users\/66"}],"replies":[{"embeddable":true,"href":"https:\/\/blogs.hoy.es\/funcionario-hoy\/wp-json\/wp\/v2\/comments?post=459"}],"version-history":[{"count":0,"href":"https:\/\/blogs.hoy.es\/funcionario-hoy\/wp-json\/wp\/v2\/posts\/459\/revisions"}],"wp:attachment":[{"href":"https:\/\/blogs.hoy.es\/funcionario-hoy\/wp-json\/wp\/v2\/media?parent=459"}],"wp:term":[{"taxonomy":"category","embeddable":true,"href":"https:\/\/blogs.hoy.es\/funcionario-hoy\/wp-json\/wp\/v2\/categories?post=459"},{"taxonomy":"post_tag","embeddable":true,"href":"https:\/\/blogs.hoy.es\/funcionario-hoy\/wp-json\/wp\/v2\/tags?post=459"}],"curies":[{"name":"wp","href":"https:\/\/api.w.org\/{rel}","templated":true}]}}