{"id":47,"date":"2012-11-23T12:00:16","date_gmt":"2012-11-23T12:00:16","guid":{"rendered":"http:\/\/blogs.hoy.es\/funcionario-hoy\/?p=47"},"modified":"2012-11-23T12:00:16","modified_gmt":"2012-11-23T12:00:16","slug":"paga-extra-para-todos-los-funcionarios","status":"publish","type":"post","link":"https:\/\/blogs.hoy.es\/funcionario-hoy\/2012\/11\/23\/paga-extra-para-todos-los-funcionarios\/","title":{"rendered":"Paga extra para todos los funcionarios"},"content":{"rendered":"<p><a href=\"\/funcionario-hoy\/wp-content\/uploads\/sites\/61\/2012\/11\/Jos\u00e9-Antonio-Monago.jpg\"><img loading=\"lazy\" class=\"aligncenter size-full wp-image-48\" title=\"El presidente del Gobierno de Extremadura, Jos\u00e9 Antonio, Monago.\" src=\"\/funcionario-hoy\/wp-content\/uploads\/sites\/61\/2012\/11\/Jos\u00e9-Antonio-Monago.jpg\" alt=\"\" width=\"600\" height=\"396\" srcset=\"https:\/\/static-blogs.hoy.es\/wp-content\/uploads\/sites\/61\/2012\/11\/Jos\u00e9-Antonio-Monago.jpg 600w, https:\/\/static-blogs.hoy.es\/wp-content\/uploads\/sites\/61\/2012\/11\/Jos\u00e9-Antonio-Monago-300x198.jpg 300w\" sizes=\"(max-width: 600px) 100vw, 600px\" \/><\/a><\/p>\n<p>Se recupera lo nunca se tuvo que quitar:<strong> la paga de Navidad para los empleados p\u00fablicos que dependen del Gobierno de Extremadura<\/strong> seg\u00fan <strong><span style=\"text-decoration: underline;\"><a href=\"http:\/\/www.hoy.es\/20121122\/local\/junta-cobrar-millones-atrasos-201211221114.html\">el anuncio hecho por su presidente, Jos\u00e9 Antonio Monago<\/a><\/span><\/strong>. Es una decisi\u00f3n que me alegra porque es justa, pero tambi\u00e9n me deja un sabor agridulce porque una gran parte de empleados p\u00fablicos de la regi\u00f3n no la cobrar\u00e1n.<\/p>\n<p>Y es que unos <strong>45.000 funcionarios que dependemos de la Administraci\u00f3n Estatal o Local en Extremadura no cobraremos<\/strong> nuestra paga extra porque as\u00ed lo ha decidido el Gobierno de Espa\u00f1a. Una decisi\u00f3n que no es la m\u00e1s acertada en unos momentos en los que la econom\u00eda necesita reactivarse y ser\u00e1n muchos millones de euros los que\u00a0 no se gasten en nuestros comercios, restaurantes, etc.<\/p>\n<p>En este sentido, creo que desde el Ejecutivo nacional podr\u00edan <a href=\"http:\/\/www.hoy.es\/agencias\/20121011\/mas-actualidad\/nacional\/navarra-rechaza-ajuste-compromete-defender_201210112030.html\"><span style=\"text-decoration: underline;\"><strong>buscar f\u00f3rmulas como la navarra<\/strong><\/span> <\/a>o la extreme\u00f1a para abonar la paga suprimida porque s\u00ed, por decreto. <strong>La soluci\u00f3n pasar\u00eda por adelantar a enero la de junio, en junio la de navidad de 2013<\/strong> y as\u00ed sucesivamente hasta que la situaci\u00f3n econ\u00f3mica se normalice un poco.<\/p>\n<p>Ser\u00eda un paso adelante del Gobierno de la naci\u00f3n que servir\u00e1 para paliar una parte del poder adquisitivo perdido por los empleados p\u00fablicos \u00a0en los \u00faltimos a\u00f1os y, por a\u00f1adidura, mejorar\u00e1 la situaci\u00f3n de las empresas extreme\u00f1as al aumentar el consumo. <strong>As\u00ed que, se\u00f1or Rajoy, que cunda el ejemplo de Monago y paga extra para todos los funcionarios.\u00a0<\/strong><\/p>\n<p>La decisi\u00f3n del presidente extreme\u00f1o s\u00ed marca, o al menos lo parece, un cambio en la sensibilidad de la Administraci\u00f3n con respecto a los empleados p\u00fablicos y <strong>debe servir de impulso para iniciar el \u00a0di\u00e1logo y la negociaci\u00f3n<\/strong> que se debe llevar a cabo en el futuro en todas las administraciones p\u00fablicas espa\u00f1olas.<\/p>\n<!-- AddThis Advanced Settings generic via filter on the_content --><!-- AddThis Share Buttons generic via filter on the_content -->","protected":false},"excerpt":{"rendered":"<p>Se recupera lo nunca se tuvo que quitar: la paga de Navidad para los empleados p\u00fablicos que dependen del Gobierno de Extremadura seg\u00fan el anuncio hecho por su presidente, Jos\u00e9 Antonio Monago. Es una decisi\u00f3n que me alegra porque es justa, pero tambi\u00e9n me deja un sabor agridulce porque una gran parte de empleados p\u00fablicos [&hellip;]<!-- AddThis Advanced Settings generic via filter on get_the_excerpt --><!-- AddThis Share Buttons generic via filter on get_the_excerpt --><\/p>\n","protected":false},"author":66,"featured_media":0,"comment_status":"open","ping_status":"closed","sticky":false,"template":"","format":"standard","meta":[],"categories":[2,5],"tags":[32,36,227,268,291,431,474,475,541],"_links":{"self":[{"href":"https:\/\/blogs.hoy.es\/funcionario-hoy\/wp-json\/wp\/v2\/posts\/47"}],"collection":[{"href":"https:\/\/blogs.hoy.es\/funcionario-hoy\/wp-json\/wp\/v2\/posts"}],"about":[{"href":"https:\/\/blogs.hoy.es\/funcionario-hoy\/wp-json\/wp\/v2\/types\/post"}],"author":[{"embeddable":true,"href":"https:\/\/blogs.hoy.es\/funcionario-hoy\/wp-json\/wp\/v2\/users\/66"}],"replies":[{"embeddable":true,"href":"https:\/\/blogs.hoy.es\/funcionario-hoy\/wp-json\/wp\/v2\/comments?post=47"}],"version-history":[{"count":0,"href":"https:\/\/blogs.hoy.es\/funcionario-hoy\/wp-json\/wp\/v2\/posts\/47\/revisions"}],"wp:attachment":[{"href":"https:\/\/blogs.hoy.es\/funcionario-hoy\/wp-json\/wp\/v2\/media?parent=47"}],"wp:term":[{"taxonomy":"category","embeddable":true,"href":"https:\/\/blogs.hoy.es\/funcionario-hoy\/wp-json\/wp\/v2\/categories?post=47"},{"taxonomy":"post_tag","embeddable":true,"href":"https:\/\/blogs.hoy.es\/funcionario-hoy\/wp-json\/wp\/v2\/tags?post=47"}],"curies":[{"name":"wp","href":"https:\/\/api.w.org\/{rel}","templated":true}]}}