{"id":75,"date":"2013-01-15T11:58:13","date_gmt":"2013-01-15T11:58:13","guid":{"rendered":"http:\/\/blogs.hoy.es\/funcionario-hoy\/?p=75"},"modified":"2013-01-15T11:58:13","modified_gmt":"2013-01-15T11:58:13","slug":"el-falso-mito-del-absentismo-de-los-funcionarios","status":"publish","type":"post","link":"https:\/\/blogs.hoy.es\/funcionario-hoy\/2013\/01\/15\/el-falso-mito-del-absentismo-de-los-funcionarios\/","title":{"rendered":"El falso mito del absentismo de los funcionarios"},"content":{"rendered":"<p><a href=\"\/funcionario-hoy\/wp-content\/uploads\/sites\/61\/2013\/01\/Una-sesi\u00f3n-del-Congreso-de-los-Diputados-sin-apenas-asistentes.jpg\"><img loading=\"lazy\" class=\"aligncenter size-full wp-image-76\" title=\"Una sesi\u00f3n del Congreso de los Diputados sin apenas asistentes\" src=\"\/funcionario-hoy\/wp-content\/uploads\/sites\/61\/2013\/01\/Una-sesi\u00f3n-del-Congreso-de-los-Diputados-sin-apenas-asistentes.jpg\" alt=\"\" width=\"600\" height=\"360\" srcset=\"https:\/\/static-blogs.hoy.es\/wp-content\/uploads\/sites\/61\/2013\/01\/Una-sesi\u00f3n-del-Congreso-de-los-Diputados-sin-apenas-asistentes.jpg 600w, https:\/\/static-blogs.hoy.es\/wp-content\/uploads\/sites\/61\/2013\/01\/Una-sesi\u00f3n-del-Congreso-de-los-Diputados-sin-apenas-asistentes-300x180.jpg 300w\" sizes=\"(max-width: 600px) 100vw, 600px\" \/><\/a><\/p>\n<p>Y es que<strong> los datos<\/strong> que ha hecho p\u00fablicos un organismo dependiente del propio Ejecutivo, como es <a href=\"http:\/\/www.ine.es\/\"><span style=\"text-decoration: underline;\">el Instituto Nacional de Estad\u00edstica (INE),<\/span> <\/a>son claros:<strong> el \u00a0porcentaje de absentismo en el sector p\u00fablico a lo largo del \u00faltimo trimestre fue del 1,75 por ciento, respecto al 1,76 del sector privado.<\/strong><\/p>\n<p>As\u00ed, parece razonable decir que las recientes <strong>medidas<\/strong> aprobadas por el Gobierno <strong>contra el absentismo en la administraci\u00f3n est\u00e1n injustificadas<\/strong> y fuera de lugar. Es m\u00e1s, deber\u00edan eliminar esta penalizaci\u00f3n a la que nos han sometido a los empleados p\u00fablicos.<\/p>\n<p>Unos <strong>datos que no son nuevos<\/strong> para el propio ministerio de Administraciones p\u00fablicas porque, en el mismo periodo del a\u00f1o pasado (segundo trimestre de 2011) la diferencia entre ambos sectores ya era m\u00ednima, en concreto, 2,09 por ciento en el sector p\u00fablico respecto al 2,04 del privado.<\/p>\n<p>Las cifras est\u00e1n claras, por lo que no es entendible <span style=\"text-decoration: underline;\"><a href=\"http:\/\/www.boe.es\/boe\/dias\/2012\/12\/29\/\">la nueva instrucci\u00f3n de Jornada y Horarios<\/a><\/span>, publicada el pasado 29 de diciembre, que <span style=\"text-decoration: underline;\"><strong><a href=\"http:\/\/www.hoy.es\/v\/20121006\/regional\/funcionarios-cobraran-solo-mitad-20121006.html\">penaliza con reducci\u00f3n de retribuciones las situaciones de baja que no comporten incapacidad temporal<\/a><\/strong><\/span> (las enfermedades leves, como catarros o lesiones que no requieren baja m\u00e9dica).<\/p>\n<p>Esta orden es una nueva vuelta de tuerca sobre los derechos de los empleados p\u00fablicos y <strong>contribuye a difundir la idea falsa de que el absentismo es mayor en la administraci\u00f3n.\u00a0<\/strong><\/p>\n<p>Los datos del INE desmontan esta tesis y evidencian que las ausencias al trabajo por enfermedad, accidente o incapacidad temporal son muy similares en ambos sectores.<\/p>\n<p>Por \u00faltimo indicar que estos nuevos criterios del Gobierno van a dar lugar a <strong>situaciones indeseadas,<\/strong> dado que <strong>por no perder dinero de su n\u00f3mina<\/strong>, empleados p\u00fablicos como m\u00e9dicos, polic\u00edas, o profesores van a acudir a su puesto de trabajo en condiciones f\u00edsicas mermadas o, por ejemplo, con los s\u00edntomas de un catarro, como fiebre o malestar. Una situaci\u00f3n que afectar\u00e1 al servicio que damos a todos los ciudadanos.<\/p>\n<p>&nbsp;<\/p>\n<p>&nbsp;<\/p>\n<p>&nbsp;<\/p>\n<!-- AddThis Advanced Settings generic via filter on the_content --><!-- AddThis Share Buttons generic via filter on the_content -->","protected":false},"excerpt":{"rendered":"<p>Y es que los datos que ha hecho p\u00fablicos un organismo dependiente del propio Ejecutivo, como es el Instituto Nacional de Estad\u00edstica (INE), son claros: el \u00a0porcentaje de absentismo en el sector p\u00fablico a lo largo del \u00faltimo trimestre fue del 1,75 por ciento, respecto al 1,76 del sector privado. As\u00ed, parece razonable decir que [&hellip;]<!-- AddThis Advanced Settings generic via filter on get_the_excerpt --><!-- AddThis Share Buttons generic via filter on get_the_excerpt --><\/p>\n","protected":false},"author":66,"featured_media":0,"comment_status":"open","ping_status":"closed","sticky":false,"template":"","format":"standard","meta":[],"categories":[2,4,5,6],"tags":[20,91,227,237,268,291,316,327,334,405,446,582],"_links":{"self":[{"href":"https:\/\/blogs.hoy.es\/funcionario-hoy\/wp-json\/wp\/v2\/posts\/75"}],"collection":[{"href":"https:\/\/blogs.hoy.es\/funcionario-hoy\/wp-json\/wp\/v2\/posts"}],"about":[{"href":"https:\/\/blogs.hoy.es\/funcionario-hoy\/wp-json\/wp\/v2\/types\/post"}],"author":[{"embeddable":true,"href":"https:\/\/blogs.hoy.es\/funcionario-hoy\/wp-json\/wp\/v2\/users\/66"}],"replies":[{"embeddable":true,"href":"https:\/\/blogs.hoy.es\/funcionario-hoy\/wp-json\/wp\/v2\/comments?post=75"}],"version-history":[{"count":0,"href":"https:\/\/blogs.hoy.es\/funcionario-hoy\/wp-json\/wp\/v2\/posts\/75\/revisions"}],"wp:attachment":[{"href":"https:\/\/blogs.hoy.es\/funcionario-hoy\/wp-json\/wp\/v2\/media?parent=75"}],"wp:term":[{"taxonomy":"category","embeddable":true,"href":"https:\/\/blogs.hoy.es\/funcionario-hoy\/wp-json\/wp\/v2\/categories?post=75"},{"taxonomy":"post_tag","embeddable":true,"href":"https:\/\/blogs.hoy.es\/funcionario-hoy\/wp-json\/wp\/v2\/tags?post=75"}],"curies":[{"name":"wp","href":"https:\/\/api.w.org\/{rel}","templated":true}]}}