{"id":167,"date":"2013-02-04T17:59:40","date_gmt":"2013-02-04T17:59:40","guid":{"rendered":"http:\/\/blogs.hoy.es\/geografiainterior\/?p=167"},"modified":"2013-02-04T17:59:40","modified_gmt":"2013-02-04T17:59:40","slug":"el-discreto-encanto-de-la-ruina","status":"publish","type":"post","link":"https:\/\/blogs.hoy.es\/geografiainterior\/2013\/02\/04\/el-discreto-encanto-de-la-ruina\/","title":{"rendered":"El discreto encanto de la ruina"},"content":{"rendered":"<p><a href=\"\/geografiainterior\/wp-content\/uploads\/sites\/38\/2013\/02\/colegio-del-rio-001.jpg\"><img loading=\"lazy\" class=\"aligncenter size-medium wp-image-168\" title=\"colegio del rio 001\" src=\"\/geografiainterior\/wp-content\/uploads\/sites\/38\/2013\/02\/colegio-del-rio-001.jpg\" alt=\"\" width=\"300\" height=\"202\" srcset=\"https:\/\/static-blogs.hoy.es\/wp-content\/uploads\/sites\/38\/2013\/02\/colegio-del-rio-001.jpg 1769w, https:\/\/static-blogs.hoy.es\/wp-content\/uploads\/sites\/38\/2013\/02\/colegio-del-rio-001-300x203.jpg 300w, https:\/\/static-blogs.hoy.es\/wp-content\/uploads\/sites\/38\/2013\/02\/colegio-del-rio-001-768x519.jpg 768w, https:\/\/static-blogs.hoy.es\/wp-content\/uploads\/sites\/38\/2013\/02\/colegio-del-rio-001-1024x692.jpg 1024w\" sizes=\"(max-width: 300px) 100vw, 300px\" \/><\/a><\/p>\n<p>Las<strong> ruinas<\/strong>, con su halo de <strong>leyenda y misterio<\/strong>, resultan singularmente <strong>atrayetes<\/strong>. En su patente <strong>decadencia<\/strong>, son portadoras del <strong>valor de lo hist\u00f3rico<\/strong> y nos hablan de <strong>un pasado irrecuperable<\/strong>. En las ruinas hay <strong>mucha autenticidad<\/strong>. Son <strong>met\u00e1fora<\/strong> de la <strong>naturaleza ef\u00edmera<\/strong> de las cosas, tanto <strong>humildes<\/strong> como <strong>fastuosas<\/strong>.<\/p>\n<p>Cuando<strong> un edificio<\/strong> pierde su utilidad, deja de ser <strong>usado y valorado,<\/strong> finalizan los trabajos peri\u00f3dicos de<strong> conservaci\u00f3n y mantenimiento<\/strong>. El grupo social o la instituci\u00f3n que lo construy\u00f3 y lo us\u00f3 <strong>deja de interesarse<\/strong> por \u00e9l y<strong> lo cierra<\/strong>. Es la<strong> obsolescencia<\/strong> del edificio. As\u00ed comienza<strong> su abandono<\/strong> y con \u00e9l, su<strong> deterioro progresivo<\/strong>, pudiendo llegar hasta<strong> la ruina<\/strong> o la total <strong>desaparici\u00f3n<\/strong> si no se pone remedio.<\/p>\n<p><a href=\"\/geografiainterior\/wp-content\/uploads\/sites\/38\/2013\/02\/Palacio-colegio-del-R\u00edo.jpg\"><img loading=\"lazy\" class=\"aligncenter size-medium wp-image-172\" title=\"Palacio colegio del R\u00edo\" src=\"\/geografiainterior\/wp-content\/uploads\/sites\/38\/2013\/02\/Palacio-colegio-del-R\u00edo.jpg\" alt=\"\" width=\"225\" height=\"300\" srcset=\"https:\/\/static-blogs.hoy.es\/wp-content\/uploads\/sites\/38\/2013\/02\/Palacio-colegio-del-R\u00edo.jpg 1728w, https:\/\/static-blogs.hoy.es\/wp-content\/uploads\/sites\/38\/2013\/02\/Palacio-colegio-del-R\u00edo-225x300.jpg 225w, https:\/\/static-blogs.hoy.es\/wp-content\/uploads\/sites\/38\/2013\/02\/Palacio-colegio-del-R\u00edo-768x1024.jpg 768w\" sizes=\"(max-width: 225px) 100vw, 225px\" \/><\/a><\/p>\n<p>En <strong>Plasencia<\/strong> ha habido ocasi\u00f3n de contemplar <strong>numerosos ejemplos<\/strong>, resueltos con diferente resultado, desde <strong>la rehabilitaci\u00f3n<\/strong> hasta el<strong> m\u00e1s absoluto abandono<\/strong>. Pero hoy no toca hablar de<strong> edificios ruinosos<\/strong> (o casi ruinosos) felizmente <strong>recuperados<\/strong>, sino de todo lo contrario, <strong>de ruinas olvidadas<\/strong>. Son ruinas, que siguen siendo ruinas porque <strong>nadie<\/strong> (ni <strong>p\u00fablico<\/strong> ni <strong>privado<\/strong>) se ha interesado por ellas. Y ah\u00ed siguen, <strong>deleit\u00e1ndonos<\/strong> con su discreto <strong>encanto.<\/strong><\/p>\n<p><a href=\"\/geografiainterior\/wp-content\/uploads\/sites\/38\/2013\/02\/Palacio-F-de-Moroy-en-L-de-Toro.jpg\"><img loading=\"lazy\" class=\"aligncenter size-medium wp-image-171\" title=\"Palacio F de Moroy en L  de Toro\" src=\"\/geografiainterior\/wp-content\/uploads\/sites\/38\/2013\/02\/Palacio-F-de-Moroy-en-L-de-Toro.jpg\" alt=\"\" width=\"300\" height=\"255\" srcset=\"https:\/\/static-blogs.hoy.es\/wp-content\/uploads\/sites\/38\/2013\/02\/Palacio-F-de-Moroy-en-L-de-Toro.jpg 1098w, https:\/\/static-blogs.hoy.es\/wp-content\/uploads\/sites\/38\/2013\/02\/Palacio-F-de-Moroy-en-L-de-Toro-300x255.jpg 300w, https:\/\/static-blogs.hoy.es\/wp-content\/uploads\/sites\/38\/2013\/02\/Palacio-F-de-Moroy-en-L-de-Toro-768x653.jpg 768w, https:\/\/static-blogs.hoy.es\/wp-content\/uploads\/sites\/38\/2013\/02\/Palacio-F-de-Moroy-en-L-de-Toro-1024x871.jpg 1024w\" sizes=\"(max-width: 300px) 100vw, 300px\" \/><\/a><\/p>\n<p>Una de las<strong> m\u00e1s bellas<\/strong> ruinas de <strong>Plasencia<\/strong> es el<strong> Colegio de San Fabi\u00e1n<\/strong>; conocido popularmente como <strong>Colegio del R\u00edo<\/strong>, por asentarse en su vecindad. Hasta fechas recientes, ha estado <strong>semioculta e inaccesible<\/strong> pero, con la apertura del <strong>Paseo Fluvial,<\/strong> se ha vuelto <strong>m\u00e1s visible<\/strong>. Muchos<strong> la descubren<\/strong> ahora y se preguntan qu\u00e9 fue ese<strong> bello edificio<\/strong> de elegantes <strong>logias<\/strong> de piedra. Pues s\u00ed, fue un <strong>centro de ense\u00f1anza<\/strong> fundado, en manda testamentaria, por <strong>Fabi\u00e1n de Monroy<\/strong>, Arcediano de <strong>Plasencia y B\u00e9jar<\/strong>.<\/p>\n<p><a href=\"\/geografiainterior\/wp-content\/uploads\/sites\/38\/2013\/02\/Palacio-F-de-Monroy-Plano-S-XIX.jpg\"><img loading=\"lazy\" class=\"aligncenter size-medium wp-image-173\" title=\"Palacio F  de Monroy  Plano S  XIX\" src=\"\/geografiainterior\/wp-content\/uploads\/sites\/38\/2013\/02\/Palacio-F-de-Monroy-Plano-S-XIX.jpg\" alt=\"\" width=\"300\" height=\"199\" srcset=\"https:\/\/static-blogs.hoy.es\/wp-content\/uploads\/sites\/38\/2013\/02\/Palacio-F-de-Monroy-Plano-S-XIX.jpg 597w, https:\/\/static-blogs.hoy.es\/wp-content\/uploads\/sites\/38\/2013\/02\/Palacio-F-de-Monroy-Plano-S-XIX-300x200.jpg 300w\" sizes=\"(max-width: 300px) 100vw, 300px\" \/><\/a><\/p>\n<p>Antes de eso fue <strong>su palacio<\/strong>; una Villa de <strong>Recreo Renacentista<\/strong> con: <strong>jardines<\/strong> dise\u00f1ados al gusto de la \u00e9poca;<strong> fuentes<\/strong> con estatuas de<strong> Venus y Cupido<\/strong>, s\u00e1tiros y ninfas; <strong>vi\u00f1edos<\/strong>, \u00e1rboles <strong>frutales<\/strong> y <strong>huerta<\/strong>. Destacaba <strong>el cen\u00e1culo<\/strong> abovedado y cubierto por plantas trepadoras, \u201c<em>que fue construido <strong>sobre el r\u00edo con artificio admirable\u201d<\/strong><\/em> (L. de Toro)<em>.<\/em> En este lugar paradis\u00edaco se reun\u00edan <strong>intelectuales, artistas y poetas.<\/strong><\/p>\n<p><a href=\"\/geografiainterior\/wp-content\/uploads\/sites\/38\/2013\/02\/colegio-del-rio-005.jpg\"><img loading=\"lazy\" class=\"aligncenter size-medium wp-image-170\" title=\"colegio del rio 005\" src=\"\/geografiainterior\/wp-content\/uploads\/sites\/38\/2013\/02\/colegio-del-rio-005.jpg\" alt=\"\" width=\"300\" height=\"158\" srcset=\"https:\/\/static-blogs.hoy.es\/wp-content\/uploads\/sites\/38\/2013\/02\/colegio-del-rio-005.jpg 1967w, https:\/\/static-blogs.hoy.es\/wp-content\/uploads\/sites\/38\/2013\/02\/colegio-del-rio-005-300x159.jpg 300w, https:\/\/static-blogs.hoy.es\/wp-content\/uploads\/sites\/38\/2013\/02\/colegio-del-rio-005-768x407.jpg 768w, https:\/\/static-blogs.hoy.es\/wp-content\/uploads\/sites\/38\/2013\/02\/colegio-del-rio-005-1024x542.jpg 1024w\" sizes=\"(max-width: 300px) 100vw, 300px\" \/><\/a><\/p>\n<p>En<strong> planos antiguos<\/strong> puede verse <strong>la magnificencia<\/strong> que tuvo el edificio y<strong> restos del arte de jardiner\u00eda<\/strong> con que se adornaba. Esta ruina es <strong>el bello testimonio<\/strong> de un tiempo en que los <strong>se\u00f1ores eclesi\u00e1sticos<\/strong>, hijos segundones de las grandes familias nobiliarias, gozaban de <strong>hermosos palacios y vidas principescas<\/strong>, rodeados de <strong>arte y cultura<\/strong>; hombres <strong>sensibles y cultos<\/strong> que legaron sus bienes para <strong>mejorar la vida de los dem\u00e1s<\/strong>. Es bueno que <strong>no se pierda su recuerdo<\/strong>, que<strong> no desaparezca<\/strong> esta hermosa ruina llena de <strong>discreto encanto.<\/strong><\/p>\n<p><a href=\"\/geografiainterior\/wp-content\/uploads\/sites\/38\/2013\/02\/colegio-del-rio-003.jpg\"><img loading=\"lazy\" class=\"aligncenter size-medium wp-image-169\" title=\"colegio del rio 003\" src=\"\/geografiainterior\/wp-content\/uploads\/sites\/38\/2013\/02\/colegio-del-rio-003.jpg\" alt=\"\" width=\"300\" height=\"142\" srcset=\"https:\/\/static-blogs.hoy.es\/wp-content\/uploads\/sites\/38\/2013\/02\/colegio-del-rio-003.jpg 2483w, https:\/\/static-blogs.hoy.es\/wp-content\/uploads\/sites\/38\/2013\/02\/colegio-del-rio-003-300x143.jpg 300w, https:\/\/static-blogs.hoy.es\/wp-content\/uploads\/sites\/38\/2013\/02\/colegio-del-rio-003-768x365.jpg 768w, https:\/\/static-blogs.hoy.es\/wp-content\/uploads\/sites\/38\/2013\/02\/colegio-del-rio-003-1024x487.jpg 1024w\" sizes=\"(max-width: 300px) 100vw, 300px\" \/><\/a><\/p>\n<!-- AddThis Advanced Settings generic via filter on the_content --><!-- AddThis Share Buttons generic via filter on the_content -->","protected":false},"excerpt":{"rendered":"<p>Las ruinas, con su halo de leyenda y misterio, resultan singularmente atrayetes. En su patente decadencia, son portadoras del valor de lo hist\u00f3rico y nos hablan de un pasado irrecuperable. En las ruinas hay mucha autenticidad. Son met\u00e1fora de la naturaleza ef\u00edmera de las cosas, tanto humildes como fastuosas. Cuando un edificio pierde su utilidad, [&hellip;]<!-- AddThis Advanced Settings generic via filter on get_the_excerpt --><!-- AddThis Share Buttons generic via filter on get_the_excerpt --><\/p>\n","protected":false},"author":43,"featured_media":0,"comment_status":"open","ping_status":"closed","sticky":false,"template":"","format":"standard","meta":[],"categories":[2],"tags":[5,41,48,50,51,65,110,134,166,170,171,182,192,199,206,210,218,253,259,273,303,323,336,361,375,378,391,405,408,417,439,446,448,482,489,498,527,531,532,547,557,565,574,579,580,615,616,657,668],"_links":{"self":[{"href":"https:\/\/blogs.hoy.es\/geografiainterior\/wp-json\/wp\/v2\/posts\/167"}],"collection":[{"href":"https:\/\/blogs.hoy.es\/geografiainterior\/wp-json\/wp\/v2\/posts"}],"about":[{"href":"https:\/\/blogs.hoy.es\/geografiainterior\/wp-json\/wp\/v2\/types\/post"}],"author":[{"embeddable":true,"href":"https:\/\/blogs.hoy.es\/geografiainterior\/wp-json\/wp\/v2\/users\/43"}],"replies":[{"embeddable":true,"href":"https:\/\/blogs.hoy.es\/geografiainterior\/wp-json\/wp\/v2\/comments?post=167"}],"version-history":[{"count":0,"href":"https:\/\/blogs.hoy.es\/geografiainterior\/wp-json\/wp\/v2\/posts\/167\/revisions"}],"wp:attachment":[{"href":"https:\/\/blogs.hoy.es\/geografiainterior\/wp-json\/wp\/v2\/media?parent=167"}],"wp:term":[{"taxonomy":"category","embeddable":true,"href":"https:\/\/blogs.hoy.es\/geografiainterior\/wp-json\/wp\/v2\/categories?post=167"},{"taxonomy":"post_tag","embeddable":true,"href":"https:\/\/blogs.hoy.es\/geografiainterior\/wp-json\/wp\/v2\/tags?post=167"}],"curies":[{"name":"wp","href":"https:\/\/api.w.org\/{rel}","templated":true}]}}