{"id":504,"date":"2015-02-24T11:59:53","date_gmt":"2015-02-24T10:59:53","guid":{"rendered":"http:\/\/blogs.hoy.es\/guirisporextremadura\/?p=504"},"modified":"2015-02-24T11:59:53","modified_gmt":"2015-02-24T10:59:53","slug":"el-terremoto-que-vino-de-lisboa-y-acabo-en-feria","status":"publish","type":"post","link":"https:\/\/blogs.hoy.es\/guirisporextremadura\/2015\/02\/24\/el-terremoto-que-vino-de-lisboa-y-acabo-en-feria\/","title":{"rendered":"El terremoto que vino de Lisboa y acab\u00f3 en Feria"},"content":{"rendered":"<p>&nbsp;<\/p>\n<p>&nbsp;<\/p>\n<div id=\"attachment_514\" style=\"width: 610px\" class=\"wp-caption aligncenter\"><a href=\"\/guirisporextremadura\/wp-content\/uploads\/sites\/70\/2015\/02\/lisboa.jpg\"><img aria-describedby=\"caption-attachment-514\" loading=\"lazy\" class=\"size-full wp-image-514 \" title=\"Catedral de Lisboa tras el terremoto.\" src=\"\/guirisporextremadura\/wp-content\/uploads\/sites\/70\/2015\/02\/lisboa.jpg\" alt=\"Catedral de Lisboa tras el terremoto.\" width=\"600\" height=\"393\" srcset=\"https:\/\/static-blogs.hoy.es\/wp-content\/uploads\/sites\/70\/2015\/02\/lisboa.jpg 600w, https:\/\/static-blogs.hoy.es\/wp-content\/uploads\/sites\/70\/2015\/02\/lisboa-300x197.jpg 300w\" sizes=\"(max-width: 600px) 100vw, 600px\" \/><\/a><p id=\"caption-attachment-514\" class=\"wp-caption-text\">Catedral de Lisboa tras el terremoto.<\/p><\/div>\n<p>Es de sobra conocido que el <strong>1 de noviembre de 1755 tuvo lugar entre las 09:30 y las 09:40 horas un terremoto con epicentro en Lisboa<\/strong> que se caracteriz\u00f3 por su gran duraci\u00f3n, dividida en varias fases, y por su virulencia, causando la muerte de entre<strong> 60.000 y 100.000 personas<\/strong>.<\/p>\n<p>&nbsp;<\/p>\n<p>&nbsp;<\/p>\n<div id=\"attachment_506\" style=\"width: 210px\" class=\"wp-caption alignright\"><a href=\"\/guirisporextremadura\/wp-content\/uploads\/sites\/70\/2015\/02\/200px-1755_Lisboa_Epicentro_Terremoto.gif\"><img aria-describedby=\"caption-attachment-506\" loading=\"lazy\" class=\"size-full wp-image-506\" title=\"Epicentro del terremoto\" src=\"\/guirisporextremadura\/wp-content\/uploads\/sites\/70\/2015\/02\/200px-1755_Lisboa_Epicentro_Terremoto.gif\" alt=\"Epicentro del terremoto\" width=\"200\" height=\"254\" \/><\/a><p id=\"caption-attachment-506\" class=\"wp-caption-text\">Epicentro del terremoto<\/p><\/div>\n<p>A este terremoto debemos la reconstrucci\u00f3n de Lisboa, traz\u00e1ndose pr\u00e1cticamente una nueva ciudad por parte de su reconstructor el <strong>Marqu\u00e9s de Pombal<\/strong>.<\/p>\n<div id=\"attachment_507\" style=\"width: 210px\" class=\"wp-caption alignleft\"><a href=\"\/guirisporextremadura\/wp-content\/uploads\/sites\/70\/2015\/02\/200px-Louis-Michel_van_Loo_003.jpg\"><img aria-describedby=\"caption-attachment-507\" loading=\"lazy\" class=\"size-full wp-image-507 \" src=\"\/guirisporextremadura\/wp-content\/uploads\/sites\/70\/2015\/02\/200px-Louis-Michel_van_Loo_003.jpg\" alt=\"Marqu\u00e9s de Pombal\" width=\"200\" height=\"153\" \/><\/a><p id=\"caption-attachment-507\" class=\"wp-caption-text\">Marqu\u00e9s de Pombal<\/p><\/div>\n<p>El se\u00edsmo fue seguido por un maremoto y un incendio que causaron la destrucci\u00f3n casi total de la capital lusa.<\/p>\n<p>&nbsp;<\/p>\n<p>&nbsp;<\/p>\n<p>&nbsp;<\/p>\n<p>&nbsp;<\/p>\n<div id=\"attachment_508\" style=\"width: 210px\" class=\"wp-caption alignleft\"><a href=\"\/guirisporextremadura\/wp-content\/uploads\/sites\/70\/2015\/02\/200px-Convento_do_Carmo_ruins_in_Lisbon.jpg\"><img aria-describedby=\"caption-attachment-508\" loading=\"lazy\" class=\"size-full wp-image-508 \" src=\"\/guirisporextremadura\/wp-content\/uploads\/sites\/70\/2015\/02\/200px-Convento_do_Carmo_ruins_in_Lisbon.jpg\" alt=\"Ruinas del Convento del Carmo\" width=\"200\" height=\"267\" \/><\/a><p id=\"caption-attachment-508\" class=\"wp-caption-text\">Ruinas del Convento del Carmo<\/p><\/div>\n<p>El terremoto acentu\u00f3 las tensiones pol\u00edticas en Portugal e interrumpi\u00f3 abruptamente las ambiciones coloniales de este pa\u00eds durante el siglo XVIII, pero dej\u00f3 una ciudad nueva.<\/p>\n<p style=\"text-align: center;\">\n<div id=\"attachment_509\" style=\"width: 297px\" class=\"wp-caption aligncenter\"><a href=\"\/guirisporextremadura\/wp-content\/uploads\/sites\/70\/2015\/02\/imagesCA9DSY0P.jpg\"><img aria-describedby=\"caption-attachment-509\" loading=\"lazy\" class=\"size-full wp-image-509 \" src=\"\/guirisporextremadura\/wp-content\/uploads\/sites\/70\/2015\/02\/imagesCA9DSY0P.jpg\" alt=\"Baixa Pombalina\" width=\"287\" height=\"175\" \/><\/a><p id=\"caption-attachment-509\" class=\"wp-caption-text\">Baixa Pombalina<\/p><\/div>\n<div id=\"attachment_510\" style=\"width: 310px\" class=\"wp-caption aligncenter\"><a href=\"\/guirisporextremadura\/wp-content\/uploads\/sites\/70\/2015\/02\/images.jpg\"><img aria-describedby=\"caption-attachment-510\" loading=\"lazy\" class=\"size-medium wp-image-510\" src=\"\/guirisporextremadura\/wp-content\/uploads\/sites\/70\/2015\/02\/images.jpg\" alt=\"Plaza del Comercio en el siglo XIX\" width=\"300\" height=\"152\" \/><\/a><p id=\"caption-attachment-510\" class=\"wp-caption-text\">Plaza del Comercio en el siglo XIX<\/p><\/div>\n<p>Pero quiz\u00e1s algunos no sabremos que el terremoto de Lisboa se sinti\u00f3 con gran virulencia en toda Extremadura.<\/p>\n<p>Tambi\u00e9n pudo registrarse en Andaluc\u00eda y Castilla La Mancha, habiendo dado lugar a diversas cr\u00f3nicas en todos estos territorios.<\/p>\n<p>El <strong>cronista oficial de la ciudad de Badajoz, Alberto Gonz\u00e1lez<\/strong>, ilustra en su libro <strong>Las Poblaciones de la Baja Extremadura<\/strong> una cr\u00f3nica contempor\u00e1nea proveniente del <strong>cura p\u00e1rroco de Feria<\/strong>, precisamente perteneciente a ese mes de noviembre de 1755.<\/p>\n<p>La cr\u00f3nica figura en uno de los libros sacramentales de la parroquia de San Bartolom\u00e9 de esta localidad, que en virtud de su inter\u00e9s merece ser transcrita en su totalidad. En ella, destaca su extraordinaria vivacidad, ya que recoge en fresco las impresiones del sacerdote, que result\u00f3 sorprendido por el terremoto cuando se encontraba celebrando un matrimonio en la Iglesia, y que anot\u00f3 inmediatamente el suceso en el mismo libro en que se realizaban las inscripciones de los bautizos y enlaces matrimoniales.<\/p>\n<div id=\"attachment_511\" style=\"width: 310px\" class=\"wp-caption aligncenter\"><a href=\"\/guirisporextremadura\/wp-content\/uploads\/sites\/70\/2015\/02\/JOAQUN1.jpg\"><img aria-describedby=\"caption-attachment-511\" loading=\"lazy\" class=\"size-medium wp-image-511\" src=\"\/guirisporextremadura\/wp-content\/uploads\/sites\/70\/2015\/02\/JOAQUN1.jpg\" alt=\"Joaqu\u00edn Sorolla. La reliquia\" width=\"300\" height=\"244\" \/><\/a><p id=\"caption-attachment-511\" class=\"wp-caption-text\">Joaqu\u00edn Sorolla. La reliquia<\/p><\/div>\n<p><em><strong>Terremoto. Nota digna de memoria<\/strong>.<\/em><\/p>\n<p><em>\u00a0<\/em><\/p>\n<p><em>D\u00eda primero de noviembre de este a\u00f1o de 1755 a las diez de la ma\u00f1ana, estando tocando a Misa Mayor se esperiment\u00f3 un Temblor de Tierra que puso en bastante tribulazi\u00f3n y desconsuelo a todos los vezinos de esta villa, principalmente a las personas que se hallaban en la Yglesia, donde por lo elevado de su f\u00e1brica y su sitio fue m\u00e1s formidable es estruendo, lleg\u00e1ndose para mayor congoja averse desprendido de las claves de las Bobedas por diferentes partes, cinco piedras de bastante magnitud, con cuya novedad, persuadidos todos de que se desplomaba la yglesia y los sepultaba entre sus ruinas, los m\u00e1s se pusieron en fuga con imponderables clamores. Avi\u00e9ndose serenado, cantamos el te Deum laudamus y otras preces gratulatorias y la salve a Mar\u00edas Sant\u00edsima, despu\u00e9s la Misa conventual, con la solemnidad correspondiente, en la que hize una pl\u00e1tica exortando al pueblo a penitencias, con algunas reflexiones \u00fatiles que me ocrrieron sobre el asumpto.<\/em><\/p>\n<p><em>\u00a0\u00a0\u00a0\u00a0\u00a0\u00a0\u00a0\u00a0\u00a0\u00a0\u00a0 A fin de la Misa se experiment\u00f3 otro temblor, pero lebe y de instant\u00e1nea duraci\u00f3n. Hubieran suzedido muchas desgracias si no es la casualidad (que todos tubimos por misteriosa) de estarse celebrando una Misa en la ocasi\u00f3n en la capilla de Ntra. Sra. Santa Ana, y por ese motibo hallarse toda la gente oy\u00e9ndola en dicha Capilla y la principal de la Yglesia, y nadie en todo su cuerpo que fue donde cayeron las piedras. No hubo muertes ni heridos, sino es uno mui lebemente en la cabeza. Abortaron dos mujeres, y otras dos se accidentaron. Una de las piedras que se desplomaron cay\u00f3 sobre el canzel de madera de la Puerta de la Plaza y lo maltrat\u00f3 mucho. Las B\u00f3bedas tambi\u00e9n lo quedaron, y se muestran algunas aperturas, unas penetrantes y otras superficiales por diferentes partes. Algunas otras piedras de las referidas quedaron movidas, y por el defecto de concatenazi\u00f3n , a juizio de Alarifes, poco seguras.<\/em><\/p>\n<p><em>\u00a0\u00a0\u00a0\u00a0\u00a0\u00a0\u00a0\u00a0\u00a0\u00a0\u00a0 La Yglesia no est\u00e1 intratable, pero peligrosa; que a permitirlo las cortas facultades de la f\u00e1brica, se hubiera providenciado no reparar. H\u00edzose aquella tarde procesi\u00f3n general de Rosario p\u00fablico de hombres y mugeres, y despu\u00e9s nobena del Rosario de ambos sexos, las mugeres por la tarde y los hombres de noche, por las calles.<\/em><\/p>\n<p><em>\u00a0\u00a0\u00a0\u00a0\u00a0\u00a0\u00a0\u00a0\u00a0\u00a0\u00a0 El Regidor a mandado por carta extra ordinaria de el Se\u00f1or Obispo de Cartagena, Gobernador de el Consejo, informe esta villa lo acaecido en este lanze, y si antes o despu\u00e9s se obserbaron algunas particularidades; y el concepto que se form\u00f3 por los ynteligentes sobre la especie y circunstancia de este terremoto.<\/em><\/p>\n<p><em>\u00a0\u00a0\u00a0\u00a0\u00a0\u00a0\u00a0\u00a0\u00a0\u00a0\u00a0 Mi sentir es que no precedi\u00f3 se\u00f1al alguna (al menos no se obserb\u00f3) de las que se\u00f1alan los Philosofos que hai regularmente, ni en las nubes, ni en las aguas, ni en la Atm\u00f3sphera; su duraci\u00f3n fue de siete a ocho minutos. Su especie, Tremoz, por averse notado en los edicicios unas bibraciones aunque formidables y estrepitosas igual y no tan violentas como correspond\u00eda a las especies m\u00e1s graves de pulso y ynclinaci\u00f3n que se\u00f1alan los mejores Ph\u00edsicos (aunque var\u00eda en el n\u00famero de sus especies) a causa de no ser tan vigoroso e intenso el fuego central que lo ocasiona; e ympeler con igualdad lateralmente las cavernas subterr\u00e1neas que violentamente lo oprimen.<\/em><\/p>\n<p><em>\u00a0\u00a0\u00a0\u00a0\u00a0\u00a0\u00a0\u00a0\u00a0\u00a0\u00a0 Los efectos que se han observado fueron hallarse las aguas de fuentes, pozos, y a\u00fan Arroyos, lactizinosas por los Azufres que se sublimaron. Algunas fuentes que estaban escasas se mantienen abundantes; otras aparecieron que no se conoc\u00edan; y algunas conocidas se perdieron, lo que (falta) en estos mobimientos que compactan por una parte las porosidades de la tierra, y por otra las dilantan, desentonando la direzi\u00f3n y escorrent\u00eda antigua de las aguas, tambi\u00e9n se ha notado en su extensi\u00f3n, seg\u00fan notizias, ha sido mucho mayor de la que escribi\u00f3 S\u00e9neca tienen regularmente los Terremotos; que no exceden, en su opini\u00f3n, doscientas millas. En muchos pueblos de Espa\u00f1a, principalmente C\u00e1diz, Sevilla, Huelva, Coria, ha avido mil trabajos; pero donde mas a descargado la ira de Dios, ha sydo en el Reyno de Portugal, mayormente en la Ciudad de Lisboa, cuyas l\u00e1stimas no son explicables, ni el n\u00famero de las personas de todos los estados y clases que han perecido. Qualquiera mobimiento nos sorprende; la destemplanza de los vientos, que ha sido irregular en estos d\u00edas, especialmente la noche del d\u00eda diezyocho de este mes,que hizo salir a muchos asustados de sus casas, nos tiene en gran desconsuelo. Su Magestad tenga misericordia de nosotros, y nos conzeda por los ruegos de Mar\u00eda Sant\u00edsima Nuestra Se\u00f1ora, que esta recia voz, Altissimus dedit vocem suam terram tremuit (\u201cHablo el Altisimo y la tierra se estremeci\u00f3\u201d), Am\u00e9n, nos despierte de el profundo sue\u00f1o de nuestras pasiones, para que lloremos nuestras culpas y hagamos penitencia con que se mitigue el rigor de la divina justicia de tan merecido Terremoto; y nos d\u00e9 gracia para perseberar con estos santos prop\u00f3sitos, para que viviendo as\u00ed hasta el fin de nuestra vida, la acabemos en paz y amistad de Dios.<\/em><\/p>\n<p><em>Feria, y Nobiembre, 26 de 1755<\/em><\/p>\n<p><em>Dr. Alvaraez<\/em><\/p>\n<!-- AddThis Advanced Settings generic via filter on the_content --><!-- AddThis Share Buttons generic via filter on the_content -->","protected":false},"excerpt":{"rendered":"<p>&nbsp; &nbsp; Es de sobra conocido que el 1 de noviembre de 1755 tuvo lugar entre las 09:30 y las 09:40 horas un terremoto con epicentro en Lisboa que se caracteriz\u00f3 por su gran duraci\u00f3n, dividida en varias fases, y por su virulencia, causando la muerte de entre 60.000 y 100.000 personas. &nbsp; &nbsp; A [&hellip;]<!-- AddThis Advanced Settings generic via filter on get_the_excerpt --><!-- AddThis Share Buttons generic via filter on get_the_excerpt --><\/p>\n","protected":false},"author":77,"featured_media":0,"comment_status":"open","ping_status":"closed","sticky":false,"template":"","format":"standard","meta":[],"categories":[3],"tags":[12,128,132,210,226,228,268,298,310],"_links":{"self":[{"href":"https:\/\/blogs.hoy.es\/guirisporextremadura\/wp-json\/wp\/v2\/posts\/504"}],"collection":[{"href":"https:\/\/blogs.hoy.es\/guirisporextremadura\/wp-json\/wp\/v2\/posts"}],"about":[{"href":"https:\/\/blogs.hoy.es\/guirisporextremadura\/wp-json\/wp\/v2\/types\/post"}],"author":[{"embeddable":true,"href":"https:\/\/blogs.hoy.es\/guirisporextremadura\/wp-json\/wp\/v2\/users\/77"}],"replies":[{"embeddable":true,"href":"https:\/\/blogs.hoy.es\/guirisporextremadura\/wp-json\/wp\/v2\/comments?post=504"}],"version-history":[{"count":0,"href":"https:\/\/blogs.hoy.es\/guirisporextremadura\/wp-json\/wp\/v2\/posts\/504\/revisions"}],"wp:attachment":[{"href":"https:\/\/blogs.hoy.es\/guirisporextremadura\/wp-json\/wp\/v2\/media?parent=504"}],"wp:term":[{"taxonomy":"category","embeddable":true,"href":"https:\/\/blogs.hoy.es\/guirisporextremadura\/wp-json\/wp\/v2\/categories?post=504"},{"taxonomy":"post_tag","embeddable":true,"href":"https:\/\/blogs.hoy.es\/guirisporextremadura\/wp-json\/wp\/v2\/tags?post=504"}],"curies":[{"name":"wp","href":"https:\/\/api.w.org\/{rel}","templated":true}]}}