{"id":51,"date":"2013-05-20T12:44:12","date_gmt":"2013-05-20T10:44:12","guid":{"rendered":"http:\/\/blogs.hoy.es\/guirisporextremadura\/?p=51"},"modified":"2013-05-20T12:44:12","modified_gmt":"2013-05-20T10:44:12","slug":"amadeo-de-saboya-se-exilio-por-badajoz","status":"publish","type":"post","link":"https:\/\/blogs.hoy.es\/guirisporextremadura\/2013\/05\/20\/amadeo-de-saboya-se-exilio-por-badajoz\/","title":{"rendered":"Amadeo de Saboya se fue al exilio desde Badajoz"},"content":{"rendered":"<p>&nbsp;<\/p>\n<div id=\"attachment_54\" style=\"width: 235px\" class=\"wp-caption aligncenter\"><a href=\"\/guirisporextremadura\/wp-content\/uploads\/sites\/70\/2013\/05\/225px-Retrato_de_Amadeo_I_obra_de_Antonio_Gisbert.jpg\"><img aria-describedby=\"caption-attachment-54\" loading=\"lazy\" class=\"size-full wp-image-54\" title=\"Amadeo I, el Rey italiano\" src=\"\/guirisporextremadura\/wp-content\/uploads\/sites\/70\/2013\/05\/225px-Retrato_de_Amadeo_I_obra_de_Antonio_Gisbert.jpg\" alt=\"Amadeo I, el Rey italiano\" width=\"225\" height=\"342\" srcset=\"https:\/\/static-blogs.hoy.es\/wp-content\/uploads\/sites\/70\/2013\/05\/225px-Retrato_de_Amadeo_I_obra_de_Antonio_Gisbert.jpg 225w, https:\/\/static-blogs.hoy.es\/wp-content\/uploads\/sites\/70\/2013\/05\/225px-Retrato_de_Amadeo_I_obra_de_Antonio_Gisbert-197x300.jpg 197w\" sizes=\"(max-width: 225px) 100vw, 225px\" \/><\/a><p id=\"caption-attachment-54\" class=\"wp-caption-text\">Amadeo I, el Rey italiano<\/p><\/div>\n<p><span style=\"font-size: small;\">Por su situaci\u00f3n fronteriza, <strong>Badajoz<\/strong> ha tenido siempre una importancia capital en las idas y venidas de extranjeros, guiris, con destino a Extremadura y al resto de Espa\u00f1a o viceversa. Ha sido con frecuencia <strong>puerta de entrada<\/strong>, pero en otras ocasiones, como la que hoy recordamos, lo ha sido <strong>de salida<\/strong>.<\/span><\/p>\n<p><a href=\"https:\/\/es.wikipedia.org\/wiki\/Amadeo_I_de_Espa%C3%B1a\" target=\"_blank\">Amadeo de Saboya<\/a>, <strong>el Rey Caballero<\/strong> seg\u00fan unos, o el <strong>Rey Imposible<\/strong> seg\u00fan otros, <strong>vivi\u00f3 sus \u00faltimos momentos en suelo espa\u00f1ol en Badajoz<\/strong>, precisamente <strong>en la estaci\u00f3n de ferrocarril<\/strong>, que en esos momentos se encontraba <strong>reci\u00e9n inaugurada<\/strong> puesto que el final de las obras para enlazar <strong>Madrid con Lisboa por Badajoz<\/strong> hab\u00eda tenido lugar a penas seis a\u00f1os antes, cuando<strong> Isabel II cort\u00f3 la cinta el 9 de diciembre de 1866<\/strong>.<\/p>\n<div id=\"attachment_55\" style=\"width: 310px\" class=\"wp-caption aligncenter\"><a href=\"\/guirisporextremadura\/wp-content\/uploads\/sites\/70\/2013\/05\/AmadeoII.jpg\"><img aria-describedby=\"caption-attachment-55\" loading=\"lazy\" class=\"size-full wp-image-55 \" src=\"\/guirisporextremadura\/wp-content\/uploads\/sites\/70\/2013\/05\/AmadeoII.jpg\" alt=\"Solo 191 diputados lo eligieron\" width=\"300\" height=\"254\" \/><\/a><p id=\"caption-attachment-55\" class=\"wp-caption-text\">Solo 191 diputados lo eligieron<\/p><\/div>\n<p>&nbsp;<\/p>\n<p>Amadeo <strong>regresaba a Italia<\/strong> despu\u00e9s de haber colgado la<strong> Corona el 11 de febrero de 1873<\/strong>, renuncia que le fue admitida por la Asamblea Nacional que agrupaba Senado y Congreso, proclamando asimismo la <strong>Rep\u00fablica<\/strong>.<\/p>\n<p>Copiamos aqu\u00ed, la<a href=\"http:\/\/prensahistorica.mcu.es\/es\/publicaciones\/ficha_pub.cmd?idPublicacion=3658\" target=\"_blank\"><span style=\"text-decoration: underline;\"><strong> Cr\u00f3nica de Badajoz<\/strong><\/span><\/a>, <em>peri\u00f3dico de los intereses morales y materiales de literatura, artes, modas y anuncios<\/em> del d\u00eda 13\/02\/1873, y l<strong>as ilustraciones corresponden a lo publicado por <a href=\"http:\/\/prensahistorica.mcu.es\/es\/consulta\/resultados_ocr.cmd\" target=\"_blank\"><span style=\"text-decoration: underline;\">La Flaca<\/span><\/a><\/strong>, peri\u00f3dico sat\u00edrico, que era con <a href=\"http:\/\/prensahistorica.mcu.es\/es\/consulta\/resultados_ocr.cmd?posicion=110&#038;formato_fechapublicacion=dd%2FMM%2Fyyyy&#038;tipoResultados=MRB&#038;forma=ficha&#038;id=323\" target=\"_blank\"><span style=\"text-decoration: underline;\"><strong>La Carcajada<\/strong><\/span><\/a>, <strong><a href=\"http:\/\/www.eljueves.es\/\" target=\"_blank\">El Jueves<\/a> de la \u00e9poca<\/strong>.<\/p>\n<div id=\"attachment_56\" style=\"width: 310px\" class=\"wp-caption aligncenter\"><a href=\"\/guirisporextremadura\/wp-content\/uploads\/sites\/70\/2013\/05\/Amadeo.jpg\"><img aria-describedby=\"caption-attachment-56\" loading=\"lazy\" class=\"size-medium wp-image-56 \" src=\"\/guirisporextremadura\/wp-content\/uploads\/sites\/70\/2013\/05\/Amadeo.jpg\" alt=\"Dos a\u00f1os de reinado\" width=\"300\" height=\"193\" srcset=\"https:\/\/static-blogs.hoy.es\/wp-content\/uploads\/sites\/70\/2013\/05\/Amadeo.jpg 898w, https:\/\/static-blogs.hoy.es\/wp-content\/uploads\/sites\/70\/2013\/05\/Amadeo-300x193.jpg 300w, https:\/\/static-blogs.hoy.es\/wp-content\/uploads\/sites\/70\/2013\/05\/Amadeo-768x495.jpg 768w\" sizes=\"(max-width: 300px) 100vw, 300px\" \/><\/a><p id=\"caption-attachment-56\" class=\"wp-caption-text\">Dos a\u00f1os de reinado<\/p><\/div>\n<p><span style=\"font-size: medium;\"><em>\u00a0\u00a0\u00a0\u00a0\u00a0\u00a0\u00a0\u00a0\u00a0\u00a0\u00a0 El 11 de Febrero de 1873 han admitido las Cortes la renuncia de D. Amadeo de Saboya.<\/em><\/span><\/p>\n<p><span style=\"font-size: medium;\"><em>\u00a0\u00a0\u00a0\u00a0\u00a0\u00a0\u00a0\u00a0\u00a0\u00a0\u00a0 Anoche a las doce y media lleg\u00f3 a la estaci\u00f3n de esta capital, donde hab\u00eda acudido un gran n\u00famero de curiosos, el tren que conduc\u00eda a los que han sido reyes de Espa\u00f1a. Les acompa\u00f1aban los Sres. Montero Rios y Moncasi en representaci\u00f3n de la Asamblea Nacional, los generales G\u00e1ndara y Burgos, el brigadier D. Segundo de la Portilla, el Sr. Alvareda y algunas otras personas.<\/em><\/span><\/p>\n<p><span style=\"font-size: medium;\"><em>\u00a0\u00a0\u00a0\u00a0\u00a0\u00a0\u00a0\u00a0\u00a0\u00a0\u00a0 Se encontraban en el and\u00e9n el se\u00f1or Gobernador civil, el Sr. Comandante general y el Sr. Coronel del regimiento de Asturias con la m\u00fasica y algunas compa\u00f1\u00edas del mismo, habi\u00e9ndose hecho a D. Amadeo de Saboya los honores correspondientes tanto al llegar el tren como al continuar \u00e9ste su marcha.<\/em><\/span><\/p>\n<p style=\"text-align: center;\"><a href=\"\/guirisporextremadura\/wp-content\/uploads\/sites\/70\/2013\/05\/23-03-2006-18-41-01_0469.jpg\"><img loading=\"lazy\" class=\"size-medium wp-image-57 aligncenter\" src=\"\/guirisporextremadura\/wp-content\/uploads\/sites\/70\/2013\/05\/23-03-2006-18-41-01_0469.jpg\" alt=\"\" width=\"300\" height=\"198\" srcset=\"https:\/\/static-blogs.hoy.es\/wp-content\/uploads\/sites\/70\/2013\/05\/23-03-2006-18-41-01_0469.jpg 1600w, https:\/\/static-blogs.hoy.es\/wp-content\/uploads\/sites\/70\/2013\/05\/23-03-2006-18-41-01_0469-300x199.jpg 300w, https:\/\/static-blogs.hoy.es\/wp-content\/uploads\/sites\/70\/2013\/05\/23-03-2006-18-41-01_0469-768x509.jpg 768w, https:\/\/static-blogs.hoy.es\/wp-content\/uploads\/sites\/70\/2013\/05\/23-03-2006-18-41-01_0469-1024x678.jpg 1024w\" sizes=\"(max-width: 300px) 100vw, 300px\" \/><\/a><\/p>\n<p><span style=\"font-size: medium;\"><em>\u00a0\u00a0\u00a0\u00a0\u00a0\u00a0\u00a0\u00a0\u00a0\u00a0\u00a0\u00a0 El Sr. Gobernador civil y el se\u00f1or Comandante general cambiaron algunas palabras con D. Amadeo, que al parecer se encontraba bastante afectado.<\/em><\/span><\/p>\n<p><span style=\"font-size: medium;\"><em>\u00a0\u00a0\u00a0\u00a0\u00a0\u00a0\u00a0\u00a0\u00a0\u00a0\u00a0 El Sr. Ruiz Zorrilla no acompa\u00f1aba a los pr\u00edncipes, como se cre\u00eda.<\/em><\/span><\/p>\n<p><span style=\"font-size: medium;\"><em>La m\u00fasica del regimiento de Asturias es la primera a quien D. Amadeo de Saboya oy\u00f3 ejecutar la marcha real cuando lleg\u00f3 a Madrid en Enero de 1870.<\/em><\/span><\/p>\n<p><span style=\"font-size: medium;\"><em>\u00a0\u00a0\u00a0\u00a0\u00a0\u00a0\u00a0\u00a0\u00a0\u00a0\u00a0 Los acordes de esa misma m\u00fasica son los \u00faltimos que al abandonar el territorio espa\u00f1ol ha o\u00eddo D. Amadeo.<\/em><\/span><\/p>\n<p><span style=\"font-size: medium;\"><em>\u00a0\u00a0\u00a0\u00a0\u00a0\u00a0\u00a0\u00a0\u00a0\u00a0\u00a0 En las primeras horas de la ma\u00f1ana de ayer un gran n\u00famero de personas de ambos sexos, llevando a su cabeza la m\u00fasica del regimiento de Asturias recorrieron las calles de esta capital. Al llegar al Gobierno civil dieron vivas al Gobernador, quien present\u00e1ndose en uno de los balcones dirigi\u00f3 su palabra al pueblo, recomend\u00e1ndole que fuera muy sensato. Las palabras del se\u00f1or Tercero fueron muy bien acogidas por los que las escuchaban.<\/em><\/span><\/p>\n<!-- AddThis Advanced Settings generic via filter on the_content --><!-- AddThis Share Buttons generic via filter on the_content -->","protected":false},"excerpt":{"rendered":"<p>&nbsp; Por su situaci\u00f3n fronteriza, Badajoz ha tenido siempre una importancia capital en las idas y venidas de extranjeros, guiris, con destino a Extremadura y al resto de Espa\u00f1a o viceversa. Ha sido con frecuencia puerta de entrada, pero en otras ocasiones, como la que hoy recordamos, lo ha sido de salida. Amadeo de Saboya, [&hellip;]<!-- AddThis Advanced Settings generic via filter on get_the_excerpt --><!-- AddThis Share Buttons generic via filter on get_the_excerpt --><\/p>\n","protected":false},"author":77,"featured_media":0,"comment_status":"open","ping_status":"closed","sticky":false,"template":"","format":"standard","meta":[],"categories":[3],"tags":[20,28,34,87,89,93,111,120,126,128,145,162,178,182,184,202,204,210,218,281,318],"_links":{"self":[{"href":"https:\/\/blogs.hoy.es\/guirisporextremadura\/wp-json\/wp\/v2\/posts\/51"}],"collection":[{"href":"https:\/\/blogs.hoy.es\/guirisporextremadura\/wp-json\/wp\/v2\/posts"}],"about":[{"href":"https:\/\/blogs.hoy.es\/guirisporextremadura\/wp-json\/wp\/v2\/types\/post"}],"author":[{"embeddable":true,"href":"https:\/\/blogs.hoy.es\/guirisporextremadura\/wp-json\/wp\/v2\/users\/77"}],"replies":[{"embeddable":true,"href":"https:\/\/blogs.hoy.es\/guirisporextremadura\/wp-json\/wp\/v2\/comments?post=51"}],"version-history":[{"count":0,"href":"https:\/\/blogs.hoy.es\/guirisporextremadura\/wp-json\/wp\/v2\/posts\/51\/revisions"}],"wp:attachment":[{"href":"https:\/\/blogs.hoy.es\/guirisporextremadura\/wp-json\/wp\/v2\/media?parent=51"}],"wp:term":[{"taxonomy":"category","embeddable":true,"href":"https:\/\/blogs.hoy.es\/guirisporextremadura\/wp-json\/wp\/v2\/categories?post=51"},{"taxonomy":"post_tag","embeddable":true,"href":"https:\/\/blogs.hoy.es\/guirisporextremadura\/wp-json\/wp\/v2\/tags?post=51"}],"curies":[{"name":"wp","href":"https:\/\/api.w.org\/{rel}","templated":true}]}}