{"id":521,"date":"2015-04-13T09:07:28","date_gmt":"2015-04-13T07:07:28","guid":{"rendered":"http:\/\/blogs.hoy.es\/guirisporextremadura\/?p=521"},"modified":"2015-04-13T09:07:28","modified_gmt":"2015-04-13T07:07:28","slug":"un-medici-por-extremadura","status":"publish","type":"post","link":"https:\/\/blogs.hoy.es\/guirisporextremadura\/2015\/04\/13\/un-medici-por-extremadura\/","title":{"rendered":"UN M\u00c9DICI POR EXTREMADURA"},"content":{"rendered":"<p>El blog \u201cdel pergamino a la web\u201d nos trae hace pocos d\u00edas un recuerdo de unos <em>Guiris por Extremadura<\/em>que viajaron por aqu\u00ed hace casi 350 a\u00f1os, dejando constancia escrita , documental y visual del perfil que present\u00e1bamos en ese momento, 1668.<\/p>\n<div id=\"attachment_522\" style=\"width: 217px\" class=\"wp-caption aligncenter\"><a href=\"\/guirisporextremadura\/wp-content\/uploads\/sites\/70\/2015\/04\/250px-Giusto_Sustermans_Cosimo_III_1660_palatine_gallery.jpg\"><img aria-describedby=\"caption-attachment-522\" loading=\"lazy\" class=\"size-medium wp-image-522\" src=\"\/guirisporextremadura\/wp-content\/uploads\/sites\/70\/2015\/04\/250px-Giusto_Sustermans_Cosimo_III_1660_palatine_gallery.jpg\" alt=\"Cosimo III Medici\" width=\"207\" height=\"300\" \/><\/a><p id=\"caption-attachment-522\" class=\"wp-caption-text\">Cosimo III Medici<\/p><\/div>\n<p>Nos visit\u00f3 entonces, Cosme III de M\u00e9dici, pr\u00edncipe heredero del gran ducado de Toscana, que realiz\u00f3 con 26 a\u00f1os un largo viaje por Espa\u00f1a y Portugal, desde el 18 de septiembre de 1668 hasta el 19 de marzo de 1669. Posteriormente, continu\u00f3 su recorrido por Irlanda, Inglaterra, Holanda y Francia. Fue el Sexto Gran Duque de Toscana, de 1670 a 1723. Hijo de Fernando II de M\u00e9dici y de Victoria della Rovere. De joven pas\u00f3 por Extremadura realizando un antecedente del gran tour como viaje de estudios, ya que era de sobras conocidas su afici\u00f3n por la zoolog\u00eda, la bot\u00e1nica y en general por las curiosidades que deparan los viajes. \u00a0 En su comitiva viajaba Pier M\u00aa. Baldi, un ilustrador y acuarelista a cuyo pincel debemos las siguientes vistas, <em>panorama<\/em>como se dec\u00eda contemporaneamente, de una Extremadura que pudieramos decir que ha cambiado radicalmente, o quiz\u00e1s no tanto\u2026 As\u00ed podemos hoy deleitarnos con las vistas de Fuente de Cantos, Fuente del Maestre, Solana de los Barros (Solona indica el pintor), Lob\u00f3n y finalmente Badajoz.<\/p>\n<div id=\"attachment_524\" style=\"width: 1034px\" class=\"wp-caption aligncenter\"><a href=\"\/guirisporextremadura\/wp-content\/uploads\/sites\/70\/2015\/04\/Fuente-de-Cantos1.jpg\"><img aria-describedby=\"caption-attachment-524\" loading=\"lazy\" class=\"size-large wp-image-524\" src=\"\/guirisporextremadura\/wp-content\/uploads\/sites\/70\/2015\/04\/Fuente-de-Cantos1.jpg\" alt=\"Fuente de Cantos\" width=\"1024\" height=\"329\" \/><\/a><p id=\"caption-attachment-524\" class=\"wp-caption-text\">Fuente de Cantos<\/p><\/div>\n<div id=\"attachment_528\" style=\"width: 594px\" class=\"wp-caption aligncenter\"><a href=\"\/guirisporextremadura\/wp-content\/uploads\/sites\/70\/2015\/04\/fuente-del-maestredetalle2.png\"><img aria-describedby=\"caption-attachment-528\" loading=\"lazy\" class=\"size-full wp-image-528\" src=\"\/guirisporextremadura\/wp-content\/uploads\/sites\/70\/2015\/04\/fuente-del-maestredetalle2.png\" alt=\"Fuente del Maestre\" width=\"584\" height=\"274\" \/><\/a><p id=\"caption-attachment-528\" class=\"wp-caption-text\">Fuente del Maestre<\/p><\/div>\n<div id=\"attachment_529\" style=\"width: 1049px\" class=\"wp-caption aligncenter\"><a href=\"\/guirisporextremadura\/wp-content\/uploads\/sites\/70\/2015\/04\/Solana.jpg\"><img aria-describedby=\"caption-attachment-529\" loading=\"lazy\" class=\"size-full wp-image-529\" src=\"\/guirisporextremadura\/wp-content\/uploads\/sites\/70\/2015\/04\/Solana.jpg\" alt=\"Solana\" width=\"1039\" height=\"310\" \/><\/a><p id=\"caption-attachment-529\" class=\"wp-caption-text\">Solana<\/p><\/div>\n<div id=\"attachment_530\" style=\"width: 594px\" class=\"wp-caption aligncenter\"><a href=\"\/guirisporextremadura\/wp-content\/uploads\/sites\/70\/2015\/04\/lobc3b3n.png\"><img aria-describedby=\"caption-attachment-530\" loading=\"lazy\" class=\"size-full wp-image-530\" src=\"\/guirisporextremadura\/wp-content\/uploads\/sites\/70\/2015\/04\/lobc3b3n.png\" alt=\"Lob\u00f3n\" width=\"584\" height=\"181\" \/><\/a><p id=\"caption-attachment-530\" class=\"wp-caption-text\">Lob\u00f3n<\/p><\/div>\n<p>&nbsp;<\/p>\n<div id=\"attachment_531\" style=\"width: 1317px\" class=\"wp-caption aligncenter\"><a href=\"\/guirisporextremadura\/wp-content\/uploads\/sites\/70\/2015\/04\/Badajoz.jpg\"><img aria-describedby=\"caption-attachment-531\" loading=\"lazy\" class=\"size-full wp-image-531\" src=\"\/guirisporextremadura\/wp-content\/uploads\/sites\/70\/2015\/04\/Badajoz.jpg\" alt=\"Badajoz\" width=\"1307\" height=\"339\" \/><\/a><p id=\"caption-attachment-531\" class=\"wp-caption-text\">Badajoz<\/p><\/div>\n<p>&nbsp;<\/p>\n<p>El \u00e1lbum completo puede consultarse en la Biblioteca de Extremadura.<\/p>\n<!-- AddThis Advanced Settings generic via filter on the_content --><!-- AddThis Share Buttons generic via filter on the_content -->","protected":false},"excerpt":{"rendered":"<p>El blog \u201cdel pergamino a la web\u201d nos trae hace pocos d\u00edas un recuerdo de unos Guiris por Extremaduraque viajaron por aqu\u00ed hace casi 350 a\u00f1os, dejando constancia escrita , documental y visual del perfil que present\u00e1bamos en ese momento, 1668. Nos visit\u00f3 entonces, Cosme III de M\u00e9dici, pr\u00edncipe heredero del gran ducado de Toscana, [&hellip;]<!-- AddThis Advanced Settings generic via filter on get_the_excerpt --><!-- AddThis Share Buttons generic via filter on get_the_excerpt --><\/p>\n","protected":false},"author":77,"featured_media":0,"comment_status":"open","ping_status":"closed","sticky":false,"template":"","format":"standard","meta":[],"categories":[4],"tags":[],"_links":{"self":[{"href":"https:\/\/blogs.hoy.es\/guirisporextremadura\/wp-json\/wp\/v2\/posts\/521"}],"collection":[{"href":"https:\/\/blogs.hoy.es\/guirisporextremadura\/wp-json\/wp\/v2\/posts"}],"about":[{"href":"https:\/\/blogs.hoy.es\/guirisporextremadura\/wp-json\/wp\/v2\/types\/post"}],"author":[{"embeddable":true,"href":"https:\/\/blogs.hoy.es\/guirisporextremadura\/wp-json\/wp\/v2\/users\/77"}],"replies":[{"embeddable":true,"href":"https:\/\/blogs.hoy.es\/guirisporextremadura\/wp-json\/wp\/v2\/comments?post=521"}],"version-history":[{"count":0,"href":"https:\/\/blogs.hoy.es\/guirisporextremadura\/wp-json\/wp\/v2\/posts\/521\/revisions"}],"wp:attachment":[{"href":"https:\/\/blogs.hoy.es\/guirisporextremadura\/wp-json\/wp\/v2\/media?parent=521"}],"wp:term":[{"taxonomy":"category","embeddable":true,"href":"https:\/\/blogs.hoy.es\/guirisporextremadura\/wp-json\/wp\/v2\/categories?post=521"},{"taxonomy":"post_tag","embeddable":true,"href":"https:\/\/blogs.hoy.es\/guirisporextremadura\/wp-json\/wp\/v2\/tags?post=521"}],"curies":[{"name":"wp","href":"https:\/\/api.w.org\/{rel}","templated":true}]}}