{"id":603,"date":"2015-09-15T09:04:50","date_gmt":"2015-09-15T07:04:50","guid":{"rendered":"http:\/\/blogs.hoy.es\/guirisporextremadura\/?p=603"},"modified":"2015-09-15T09:04:50","modified_gmt":"2015-09-15T07:04:50","slug":"el-concorde-en-talavera","status":"publish","type":"post","link":"https:\/\/blogs.hoy.es\/guirisporextremadura\/2015\/09\/15\/el-concorde-en-talavera\/","title":{"rendered":"El Concorde en Talavera"},"content":{"rendered":"<p>&nbsp;<\/p>\n<p>&nbsp;<\/p>\n<p>&nbsp;<\/p>\n<div id=\"attachment_613\" style=\"width: 294px\" class=\"wp-caption aligncenter\"><a href=\"\/guirisporextremadura\/wp-content\/uploads\/sites\/70\/2015\/09\/untitled4.png\"><img aria-describedby=\"caption-attachment-613\" loading=\"lazy\" class=\"size-full wp-image-613\" src=\"\/guirisporextremadura\/wp-content\/uploads\/sites\/70\/2015\/09\/untitled4.png\" alt=\"Concorde\" width=\"284\" height=\"177\" \/><\/a><p id=\"caption-attachment-613\" class=\"wp-caption-text\">Concorde<\/p><\/div>\n<p>Estos d\u00edas en los que volvemos a vivir la pol\u00e9mica aeropuerto s\u00ed, aeropuerto no, vuelos s\u00ed, vuelos no, he recordado lo siguiente:<\/p>\n<p>Han transcurrido ya m\u00e1s de 25 a\u00f1os desde que nos visit\u00f3 un guiri muy particular. Se trataba del m\u00e1s r\u00e1pido avi\u00f3n comercial que se hab\u00eda construido hasta la fecha y que fue fruto de una Joint Venture tecnol\u00f3gica de ingleses y franceses: se trat\u00f3 del aterrizaje en Talavera la Real del Concorde.<\/p>\n<div id=\"attachment_604\" style=\"width: 655px\" class=\"wp-caption aligncenter\"><a href=\"\/guirisporextremadura\/wp-content\/uploads\/sites\/70\/2015\/09\/0cc29-concorde1badajozairdroneview.jpg\"><img aria-describedby=\"caption-attachment-604\" loading=\"lazy\" class=\" wp-image-604  \" src=\"\/guirisporextremadura\/wp-content\/uploads\/sites\/70\/2015\/09\/0cc29-concorde1badajozairdroneview.jpg\" alt=\"Concorde en la terminal de Badajoz\" width=\"645\" height=\"484\" srcset=\"https:\/\/static-blogs.hoy.es\/wp-content\/uploads\/sites\/70\/2015\/09\/0cc29-concorde1badajozairdroneview.jpg 1024w, https:\/\/static-blogs.hoy.es\/wp-content\/uploads\/sites\/70\/2015\/09\/0cc29-concorde1badajozairdroneview-300x225.jpg 300w, https:\/\/static-blogs.hoy.es\/wp-content\/uploads\/sites\/70\/2015\/09\/0cc29-concorde1badajozairdroneview-768x576.jpg 768w\" sizes=\"(max-width: 645px) 100vw, 645px\" \/><\/a><p id=\"caption-attachment-604\" class=\"wp-caption-text\">Concorde en la terminal de Badajoz<\/p><\/div>\n<p>La aeronave ser\u00e1 por siempre una leyenda de la aviaci\u00f3n. Algunos lo llamaban &#8220;p\u00e1jaro blanco&#8221;, otro hablaban del &#8220;bol\u00edgrafo volador&#8221; o hasta de una &#8220;reina de los aires&#8221;.<\/p>\n<div id=\"attachment_617\" style=\"width: 527px\" class=\"wp-caption aligncenter\"><a href=\"\/guirisporextremadura\/wp-content\/uploads\/sites\/70\/2015\/09\/ece5e-concorde2badajozairdroneview1.jpg\"><img aria-describedby=\"caption-attachment-617\" loading=\"lazy\" class=\" wp-image-617   \" src=\"\/guirisporextremadura\/wp-content\/uploads\/sites\/70\/2015\/09\/ece5e-concorde2badajozairdroneview1.jpg\" alt=\"Concorde en la terminal de Badajoz\" width=\"517\" height=\"387\" srcset=\"https:\/\/static-blogs.hoy.es\/wp-content\/uploads\/sites\/70\/2015\/09\/ece5e-concorde2badajozairdroneview1.jpg 1024w, https:\/\/static-blogs.hoy.es\/wp-content\/uploads\/sites\/70\/2015\/09\/ece5e-concorde2badajozairdroneview1-300x225.jpg 300w, https:\/\/static-blogs.hoy.es\/wp-content\/uploads\/sites\/70\/2015\/09\/ece5e-concorde2badajozairdroneview1-768x576.jpg 768w\" sizes=\"(max-width: 517px) 100vw, 517px\" \/><\/a><p id=\"caption-attachment-617\" class=\"wp-caption-text\">Concorde en la terminal de Badajoz<\/p><\/div>\n<p>&nbsp;<\/p>\n<p>Este evento tuvo lugar el 5 de junio de 1989, en un vuelo extraordinario y conmemorativo del centenario de la constituci\u00f3n de Caja Badajoz, entidad que promovi\u00f3 un concurso entre sus impositores para cubrir el trayecto Badajoz- Par\u00eds.<\/p>\n<p>Quedan algunas fotograf\u00edas de ese d\u00eda, con el logo de Caja Badajoz en el fuselaje del Concorde.<\/p>\n<div id=\"attachment_606\" style=\"width: 510px\" class=\"wp-caption aligncenter\"><a href=\"\/guirisporextremadura\/wp-content\/uploads\/sites\/70\/2015\/09\/concspain.jpg\"><img aria-describedby=\"caption-attachment-606\" loading=\"lazy\" class=\"size-full wp-image-606\" src=\"\/guirisporextremadura\/wp-content\/uploads\/sites\/70\/2015\/09\/concspain.jpg\" alt=\"Pasajeros felices\" width=\"500\" height=\"330\" srcset=\"https:\/\/static-blogs.hoy.es\/wp-content\/uploads\/sites\/70\/2015\/09\/concspain.jpg 500w, https:\/\/static-blogs.hoy.es\/wp-content\/uploads\/sites\/70\/2015\/09\/concspain-300x198.jpg 300w\" sizes=\"(max-width: 500px) 100vw, 500px\" \/><\/a><p id=\"caption-attachment-606\" class=\"wp-caption-text\">Pasajeros felices<\/p><\/div>\n<p>&nbsp;<\/p>\n<p>Tambi\u00e9n se emiti\u00f3 filatelia conmemorativa como la que presentamos:<\/p>\n<p><a href=\"\/guirisporextremadura\/wp-content\/uploads\/sites\/70\/2015\/09\/866_001.jpg\"><img loading=\"lazy\" class=\"alignleft size-medium wp-image-607\" src=\"\/guirisporextremadura\/wp-content\/uploads\/sites\/70\/2015\/09\/866_001.jpg\" alt=\"Sobre conmemorativo\" width=\"300\" height=\"170\" srcset=\"https:\/\/static-blogs.hoy.es\/wp-content\/uploads\/sites\/70\/2015\/09\/866_001.jpg 1020w, https:\/\/static-blogs.hoy.es\/wp-content\/uploads\/sites\/70\/2015\/09\/866_001-300x170.jpg 300w, https:\/\/static-blogs.hoy.es\/wp-content\/uploads\/sites\/70\/2015\/09\/866_001-768x435.jpg 768w\" sizes=\"(max-width: 300px) 100vw, 300px\" \/><\/a><\/p>\n<p>&nbsp;<\/p>\n<p>&nbsp;<\/p>\n<p><a href=\"\/guirisporextremadura\/wp-content\/uploads\/sites\/70\/2015\/09\/866_002.jpg\"><img loading=\"lazy\" class=\"alignright size-medium wp-image-611\" src=\"\/guirisporextremadura\/wp-content\/uploads\/sites\/70\/2015\/09\/866_002.jpg\" alt=\"\" width=\"300\" height=\"174\" srcset=\"https:\/\/static-blogs.hoy.es\/wp-content\/uploads\/sites\/70\/2015\/09\/866_002.jpg 1020w, https:\/\/static-blogs.hoy.es\/wp-content\/uploads\/sites\/70\/2015\/09\/866_002-300x174.jpg 300w, https:\/\/static-blogs.hoy.es\/wp-content\/uploads\/sites\/70\/2015\/09\/866_002-768x446.jpg 768w\" sizes=\"(max-width: 300px) 100vw, 300px\" \/><\/a><\/p>\n<p>&nbsp;<\/p>\n<p>&nbsp;<\/p>\n<p>&nbsp;<\/p>\n<p>&nbsp;<\/p>\n<p>&nbsp;<\/p>\n<p>&nbsp;<\/p>\n<p>Badajoz qued\u00f3 as\u00ed representado en los aeropuertos que visit\u00f3 el Concorde, junto con Las Palmas, Granada y Valladolid, como puede leerse en prensa de la \u00e9poca.<\/p>\n<p>La historia del Concorde puede resumirse as\u00ed:<\/p>\n<p>El 2 de marzo de 1969, el prototipo franc\u00e9s del avi\u00f3n supers\u00f3nico Concorde despeg\u00f3 de la ciudad francesa de Toulouse para su vuelo inaugural de 29 minutos. Poco m\u00e1s de un mes despu\u00e9s, el 9 de abril, se realiz\u00f3 el primer vuelo del prototipo brit\u00e1nico.<\/p>\n<p>Desde el inicio, el Concorde fue una manzana de la discordia. Para muchos millones de personas, el avi\u00f3n de 62,10 metros de largo con una envergadura de s\u00f3lo 25,55 metros y una velocidad m\u00e1xima de 2.405 kil\u00f3metros por hora era pura tecnolog\u00eda fascinante. Millones so\u00f1aban con poder volar alguna vez en un Concorde. En cambio, otros consideraban al Concorde una aeronave ruidosa y contaminante.<\/p>\n<p>As\u00ed, el consumo de combustibleen el trayecto Par\u00eds-Nueva York era de 17 litros por pasajero por cada 100 kil\u00f3metros. En comparaci\u00f3n, el avi\u00f3n Airbus A380 consume actualmente tres litros de combustible por pasajero por 100 kil\u00f3metros. Por este motivo, para la mayor\u00eda de las aerol\u00edneas el Concorde era demasiado caro.<\/p>\n<p>Los fabricantes de aviones de Estados Unidos estaban a fines de los a\u00f1os 60 igual de avanzados que sus colegas franceses y brit\u00e1nicos. En los norteamericanos prevaleci\u00f3 el pensamiento econ\u00f3mico, a\u00fan cuando, como era sabido en el rubro, cada aterrizaje de un Concorde en Nueva York era una punzada en el coraz\u00f3n para los constructores del Boeing.<\/p>\n<p>Sin embargo, los dos servicios fueron suspendidos el 1 de abril de 1982. Con frecuencia constitu\u00eda un problema la relativamente baja autonom\u00eda de vuelo del Concorde de 6.250 kil\u00f3metros, que en trayectos m\u00e1s largos hac\u00eda necesarias escalas, que demandaban mucho tiempo.<\/p>\n<p>Pese a que el servicio regular y exitoso se limit\u00f3 al final a las conexiones de Par\u00eds y Londres a Nueva York y Washington, los jets supers\u00f3nicos franco-brit\u00e1nicos se hicieron cada vez m\u00e1s populares.<\/p>\n<p>No hay casi ning\u00fan hombre de Estado de renombre que no aprovechara alguna vez la gran oportunidad de volar en un Concorde. Estrellas y &#8220;estrellitas&#8221; eran viajeros frecuentes, ante todo los pilotos de F\u00f3rmula 1 y los astros del tenis.<\/p>\n<p>Margaret Thatcher se sent\u00eda a bordo tan a gusto como la reina Isabel II o el papa Juan Pablo II, quien viaj\u00f3 el 2 de mayo de 1989, d\u00edas antes del trayecto de Badajoz-Par\u00eds que comentamos hoy, con el Concorde franc\u00e9s desde La R\u00e9union hasta Lusaka, en Zambia.<\/p>\n<p>La mayor\u00eda de los pasajeros estaban sencillamente entusiasmados de poder subir al avi\u00f3n en Europa despu\u00e9s del atardecer y bajar antes del ocaso en Nueva York. O, quien part\u00eda de Europa entre las 10 y las 11 de la ma\u00f1ana, llegaba a tiempo para desayunar a las 9 horas en Nueva York.<\/p>\n<p>En general, el vuelo de Europa a Nueva York duraba unas tres horas y media. A veces menos. Muy rara vez, el tiempo de vuelo era menor a las tres horas.<\/p>\n<p>Es decir, eran 30 horas menos que lo que necesit\u00f3 Charles Lindbergh en 1927 para su famoso sobrevuelo sobre el Atl\u00e1ntico.<\/p>\n<p>El Concorde se convirti\u00f3 en un \u00edcono de la tecnolog\u00eda y sigue siendo una leyenda pese al accidente sufrido el 25 de julio de 2000 en Gonesse, cerca del aeropuerto parisino Roissy Charles de Gaulle, que dej\u00f3 113 muertos.<\/p>\n<p><a href=\"\/guirisporextremadura\/wp-content\/uploads\/sites\/70\/2015\/09\/1235902523_0.jpg\"><img loading=\"lazy\" class=\"aligncenter size-medium wp-image-616\" src=\"\/guirisporextremadura\/wp-content\/uploads\/sites\/70\/2015\/09\/1235902523_0.jpg\" alt=\"\" width=\"300\" height=\"187\" srcset=\"https:\/\/static-blogs.hoy.es\/wp-content\/uploads\/sites\/70\/2015\/09\/1235902523_0.jpg 470w, https:\/\/static-blogs.hoy.es\/wp-content\/uploads\/sites\/70\/2015\/09\/1235902523_0-300x188.jpg 300w\" sizes=\"(max-width: 300px) 100vw, 300px\" \/><\/a><\/p>\n<p>&nbsp;<\/p>\n<p>El 24 de octubre de 2003, el gran cap\u00edtulo Concorde termin\u00f3 definitivamente.<\/p>\n<p>En el \u00faltimo vuelo de un Concorde de la aerol\u00ednea British Airways a Londres, el &#8220;p\u00e1jaro blanco&#8221; fue acompa\u00f1ado por una escuadrilla de aviones brit\u00e1nicos Red Arrows en su sobrevuelo del Canal de la Mancha.<\/p>\n<div id=\"attachment_614\" style=\"width: 310px\" class=\"wp-caption aligncenter\"><a href=\"\/guirisporextremadura\/wp-content\/uploads\/sites\/70\/2015\/09\/concorde_last_flight_red_arrows_escort2.jpg\"><img aria-describedby=\"caption-attachment-614\" loading=\"lazy\" class=\"size-medium wp-image-614\" src=\"\/guirisporextremadura\/wp-content\/uploads\/sites\/70\/2015\/09\/concorde_last_flight_red_arrows_escort2.jpg\" alt=\"Concorde escoltado\" width=\"300\" height=\"216\" srcset=\"https:\/\/static-blogs.hoy.es\/wp-content\/uploads\/sites\/70\/2015\/09\/concorde_last_flight_red_arrows_escort2.jpg 500w, https:\/\/static-blogs.hoy.es\/wp-content\/uploads\/sites\/70\/2015\/09\/concorde_last_flight_red_arrows_escort2-300x217.jpg 300w\" sizes=\"(max-width: 300px) 100vw, 300px\" \/><\/a><p id=\"caption-attachment-614\" class=\"wp-caption-text\">Concorde escoltado<\/p><\/div>\n<p>&nbsp;<\/p>\n<p>&nbsp;<\/p>\n<p>En la actualidad, los Concorde que quedan est\u00e1n repartidos en el mundo y son exhibidos en renombrados museos de aviaci\u00f3n o adornan ciudades hist\u00f3ricas de la aviaci\u00f3n.<\/p>\n<p>Muchos a\u00f1os antes, Sevilla, tambi\u00e9n fue igual que Badajoz con el Concorde, destino de una leyenda de la \u00e9poca. Se trat\u00f3 de otro guiri, esta vez de un alem\u00e1n, el dirigible Graf Zeppelin. Dejo tambi\u00e9n alguna documentaci\u00f3n de esta visita.<\/p>\n<div id=\"attachment_615\" style=\"width: 269px\" class=\"wp-caption alignleft\"><a href=\"\/guirisporextremadura\/wp-content\/uploads\/sites\/70\/2015\/09\/imagesCA8X7AX5.jpg\"><img aria-describedby=\"caption-attachment-615\" loading=\"lazy\" class=\"size-full wp-image-615\" src=\"\/guirisporextremadura\/wp-content\/uploads\/sites\/70\/2015\/09\/imagesCA8X7AX5.jpg\" alt=\"El Zeppelin sobrevolando Sevilla\" width=\"259\" height=\"194\" \/><\/a><p id=\"caption-attachment-615\" class=\"wp-caption-text\">El Zeppelin sobrevolando Sevilla<\/p><\/div>\n<p>&nbsp;<\/p>\n<p><a href=\"\/guirisporextremadura\/wp-content\/uploads\/sites\/70\/2015\/09\/untitled11.png\"><img loading=\"lazy\" class=\"aligncenter size-full wp-image-618\" src=\"\/guirisporextremadura\/wp-content\/uploads\/sites\/70\/2015\/09\/untitled11.png\" alt=\"\" width=\"311\" height=\"400\" srcset=\"https:\/\/static-blogs.hoy.es\/wp-content\/uploads\/sites\/70\/2015\/09\/untitled11.png 311w, https:\/\/static-blogs.hoy.es\/wp-content\/uploads\/sites\/70\/2015\/09\/untitled11-233x300.png 233w\" sizes=\"(max-width: 311px) 100vw, 311px\" \/><\/a><\/p>\n<div id=\"attachment_610\" style=\"width: 227px\" class=\"wp-caption alignleft\"><a href=\"\/guirisporextremadura\/wp-content\/uploads\/sites\/70\/2015\/09\/untitled2.png\"><img aria-describedby=\"caption-attachment-610\" loading=\"lazy\" class=\"size-medium wp-image-610 \" src=\"\/guirisporextremadura\/wp-content\/uploads\/sites\/70\/2015\/09\/untitled2.png\" alt=\"Visita Graf Zeppelin\" width=\"217\" height=\"300\" srcset=\"https:\/\/static-blogs.hoy.es\/wp-content\/uploads\/sites\/70\/2015\/09\/untitled2.png 630w, https:\/\/static-blogs.hoy.es\/wp-content\/uploads\/sites\/70\/2015\/09\/untitled2-217x300.png 217w\" sizes=\"(max-width: 217px) 100vw, 217px\" \/><\/a><p id=\"caption-attachment-610\" class=\"wp-caption-text\">Visita Graf Zeppelin<\/p><\/div>\n<!-- AddThis Advanced Settings generic via filter on the_content --><!-- AddThis Share Buttons generic via filter on the_content -->","protected":false},"excerpt":{"rendered":"<p>&nbsp; &nbsp; &nbsp; Estos d\u00edas en los que volvemos a vivir la pol\u00e9mica aeropuerto s\u00ed, aeropuerto no, vuelos s\u00ed, vuelos no, he recordado lo siguiente: Han transcurrido ya m\u00e1s de 25 a\u00f1os desde que nos visit\u00f3 un guiri muy particular. Se trataba del m\u00e1s r\u00e1pido avi\u00f3n comercial que se hab\u00eda construido hasta la fecha y [&hellip;]<!-- AddThis Advanced Settings generic via filter on get_the_excerpt --><!-- AddThis Share Buttons generic via filter on get_the_excerpt --><\/p>\n","protected":false},"author":77,"featured_media":0,"comment_status":"open","ping_status":"closed","sticky":false,"template":"","format":"standard","meta":[],"categories":[4],"tags":[],"_links":{"self":[{"href":"https:\/\/blogs.hoy.es\/guirisporextremadura\/wp-json\/wp\/v2\/posts\/603"}],"collection":[{"href":"https:\/\/blogs.hoy.es\/guirisporextremadura\/wp-json\/wp\/v2\/posts"}],"about":[{"href":"https:\/\/blogs.hoy.es\/guirisporextremadura\/wp-json\/wp\/v2\/types\/post"}],"author":[{"embeddable":true,"href":"https:\/\/blogs.hoy.es\/guirisporextremadura\/wp-json\/wp\/v2\/users\/77"}],"replies":[{"embeddable":true,"href":"https:\/\/blogs.hoy.es\/guirisporextremadura\/wp-json\/wp\/v2\/comments?post=603"}],"version-history":[{"count":0,"href":"https:\/\/blogs.hoy.es\/guirisporextremadura\/wp-json\/wp\/v2\/posts\/603\/revisions"}],"wp:attachment":[{"href":"https:\/\/blogs.hoy.es\/guirisporextremadura\/wp-json\/wp\/v2\/media?parent=603"}],"wp:term":[{"taxonomy":"category","embeddable":true,"href":"https:\/\/blogs.hoy.es\/guirisporextremadura\/wp-json\/wp\/v2\/categories?post=603"},{"taxonomy":"post_tag","embeddable":true,"href":"https:\/\/blogs.hoy.es\/guirisporextremadura\/wp-json\/wp\/v2\/tags?post=603"}],"curies":[{"name":"wp","href":"https:\/\/api.w.org\/{rel}","templated":true}]}}