{"id":65,"date":"2013-06-03T12:44:33","date_gmt":"2013-06-03T10:44:33","guid":{"rendered":"http:\/\/blogs.hoy.es\/guirisporextremadura\/?p=65"},"modified":"2013-06-03T12:44:33","modified_gmt":"2013-06-03T10:44:33","slug":"los-indios-se-bautizaban-en-guadalupe","status":"publish","type":"post","link":"https:\/\/blogs.hoy.es\/guirisporextremadura\/2013\/06\/03\/los-indios-se-bautizaban-en-guadalupe\/","title":{"rendered":"Los indios se bautizaban en Guadalupe"},"content":{"rendered":"<div id=\"attachment_71\" style=\"width: 590px\" class=\"wp-caption aligncenter\"><a href=\"\/guirisporextremadura\/wp-content\/uploads\/sites\/70\/2013\/06\/Pila-bautismo-Guadalupe.jpg\"><img aria-describedby=\"caption-attachment-71\" loading=\"lazy\" class=\"size-full wp-image-71\" title=\"Pila bautismal de Guadalupe, ahora fuente.\" src=\"\/guirisporextremadura\/wp-content\/uploads\/sites\/70\/2013\/06\/Pila-bautismo-Guadalupe.jpg\" alt=\"Pila bautismal de Guadalupe, ahora fuente.\" width=\"580\" height=\"333\" srcset=\"https:\/\/static-blogs.hoy.es\/wp-content\/uploads\/sites\/70\/2013\/06\/Pila-bautismo-Guadalupe.jpg 580w, https:\/\/static-blogs.hoy.es\/wp-content\/uploads\/sites\/70\/2013\/06\/Pila-bautismo-Guadalupe-300x172.jpg 300w\" sizes=\"(max-width: 580px) 100vw, 580px\" \/><\/a><p id=\"caption-attachment-71\" class=\"wp-caption-text\">Pila bautismal de Guadalupe, ahora fuente.<\/p><\/div>\n<p>Quiz\u00e1s una de las <strong>primeras presencias documentadas de guiris en Extremadura<\/strong> vaya ligada al<strong> <a href=\"http:\/\/www.monasterioguadalupe.com\/\" target=\"_blank\">Monasterio de Guadalupe<\/a><\/strong>, verdadero faro y foco de religi\u00f3n, conocimiento, ciencia y arte. Como tal fue transitado desde su fundaci\u00f3n, teniendo la ventaja para\u00a0 su conocimiento hist\u00f3rico de <strong>poseer uno de los mejores archivos de Espa\u00f1a,<\/strong> que adem\u00e1s fue resguardado por la <strong>parroquia de La Puebla<\/strong> durante el convulso per\u00edodo de la Desamortizaci\u00f3n.<\/p>\n<div>Seg\u00fan nos informa la <a href=\"http:\/\/monasterioguadalupe.com\/index.php\/monasterio\/viajeros-ilustres\" target=\"_blank\"><strong>p\u00e1gina del Real Monasterio<\/strong>,<\/a> el almirante\u00a0<strong>Crist\u00f3bal Col\u00f3n<\/strong>\u00a0estuvo muy ligado a los <strong>Reyes Cat\u00f3licos<\/strong> y por ello, <strong>tuvo presencia en Guadalupe en cuatro ocasiones con motivo de su empresa de la conquista de Am\u00e9rica<\/strong>: El <strong>21 de abril de 1486<\/strong>; los d\u00edas <strong>5 y 6 de abril de 1487<\/strong>; en <strong>1493 tras su logro del primer viaje,<\/strong> y <strong>en 1496 tras su segundo viaje<\/strong> trayendo consigo <strong>dos indios, Crist\u00f3bal y Pedro<\/strong>, que fueron <strong>bautizados en la pila<\/strong> que hoy se encuentra <strong>en la fuente de la plaza de Santa Mar\u00eda<\/strong>.<\/div>\n<p>Aunque no fueron los primeros indios que trajo Col\u00f3n, ya que despu\u00e9s de su primer viaje acabaron visitando a la Corte en Barcelona, si es cierto que la primera presencia documentada de ellos reside en los archivos del Monasterio, concretamente <strong>en el Libro 1 de Bautismos y la anotaci\u00f3n corresponde al 29 de julio de 1496<\/strong>.<\/p>\n<p>&nbsp;<\/p>\n<div id=\"attachment_70\" style=\"width: 539px\" class=\"wp-caption aligncenter\"><a href=\"\/guirisporextremadura\/wp-content\/uploads\/sites\/70\/2013\/06\/Partida-bautismo-II4.jpg\"><img aria-describedby=\"caption-attachment-70\" loading=\"lazy\" class=\" wp-image-70\" src=\"\/guirisporextremadura\/wp-content\/uploads\/sites\/70\/2013\/06\/Partida-bautismo-II4.jpg\" alt=\"Partida de bautismo\" width=\"529\" height=\"138\" srcset=\"https:\/\/static-blogs.hoy.es\/wp-content\/uploads\/sites\/70\/2013\/06\/Partida-bautismo-II4.jpg 3280w, https:\/\/static-blogs.hoy.es\/wp-content\/uploads\/sites\/70\/2013\/06\/Partida-bautismo-II4-300x79.jpg 300w, https:\/\/static-blogs.hoy.es\/wp-content\/uploads\/sites\/70\/2013\/06\/Partida-bautismo-II4-768x201.jpg 768w, https:\/\/static-blogs.hoy.es\/wp-content\/uploads\/sites\/70\/2013\/06\/Partida-bautismo-II4-1024x268.jpg 1024w\" sizes=\"(max-width: 529px) 100vw, 529px\" \/><\/a><p id=\"caption-attachment-70\" class=\"wp-caption-text\">Partida de bautismo<\/p><\/div>\n<p><em><strong>(Viernes XXIX deste dicho mes se baptizaron Crist\u00f3bal e Pedro, criados del se\u00f1or Almirante don Crist\u00f3bal Col\u00f3n, fueron sus padrinos, de Crist\u00f3bal, Antonio de Torres e Andr\u00e9s Bl\u00e1zquez, de Pedro fueron padrinos el se\u00f1or Coronel e se\u00f1or Comendador Varela e baptizolos Lorenzo Fern\u00e1ndez, Capell\u00e1n)<\/strong>.<\/em><\/p>\n<p>Mucho se ha especulado posteriormente a tenor de la <strong>terminolog\u00eda &#8216;<em>criados&#8217;<\/em><\/strong> sobre la relaci\u00f3n de Col\u00f3n con dichos indios a ra\u00edz luego de la<strong> adscripci\u00f3n como <em>&#8216;esclavos&#8217;<\/em> de la poblaci\u00f3n de las tierras descubiertas<\/strong>.<\/p>\n<p>Sugiero sobre este particular indagar estos t\u00e9rminos en el Tesoro de la Lengua Castellana de Sebasti\u00e1n de Covarrubias, obra pr\u00f3xima temporalmente al bautizo.<\/p>\n<div id=\"attachment_73\" style=\"width: 213px\" class=\"wp-caption aligncenter\"><a href=\"\/guirisporextremadura\/wp-content\/uploads\/sites\/70\/2013\/06\/Diccionario-de-Covarrubias.jpg\"><img aria-describedby=\"caption-attachment-73\" loading=\"lazy\" class=\"size-medium wp-image-73\" src=\"\/guirisporextremadura\/wp-content\/uploads\/sites\/70\/2013\/06\/Diccionario-de-Covarrubias.jpg\" alt=\"Diccionario de Covarrubias, de 1611\" width=\"203\" height=\"300\" srcset=\"https:\/\/static-blogs.hoy.es\/wp-content\/uploads\/sites\/70\/2013\/06\/Diccionario-de-Covarrubias.jpg 313w, https:\/\/static-blogs.hoy.es\/wp-content\/uploads\/sites\/70\/2013\/06\/Diccionario-de-Covarrubias-203x300.jpg 203w\" sizes=\"(max-width: 203px) 100vw, 203px\" \/><\/a><p id=\"caption-attachment-73\" class=\"wp-caption-text\">Diccionario de Covarrubias, de 1611<\/p><\/div>\n<p>&nbsp;<\/p>\n<p><strong>La primitiva pila bautismal de Guadalupe estuvo situada a los pies de la iglesia<\/strong>, debajo del coro, protegida por una verja. <strong>Su taza, de granito labrado en gallones, se traslad\u00f3 a la plaza durante la desamortizaci\u00f3n de 1835 y all\u00ed sigue<\/strong>.<\/p>\n<p>Cuando se alz\u00f3 la <strong>iglesia de la Sant\u00edsima Trinidad<\/strong> en el siglo XVIII se traslad\u00f3 all\u00ed el baptisterio (como lo prueban los libros sacramentales que denominan a esta iglesia \u201cayuda de parroquia\u201d), con la intenci\u00f3n de disponer de la iglesia parroquial para el culto mon\u00e1stico y las peregrinaciones. Es probable que durante la exclaustraci\u00f3n jer\u00f3nima, el clero parroquial habilitase para baptisterio el piso bajo de la torre de la porter\u00eda. All\u00ed se trajo la fuente de bronce que Juan Franc\u00e9s hizo para\u00a0<em>lavatorium\u00a0<\/em>del refectorio monacal, colocando en su lugar una copia.\u00a0<strong> Desde la Pascua del a\u00f1o pasado, tras el saneamiento de pisos y paredes, se ha vuelto a usar como lugar del Bautismo<\/strong>.<\/p>\n<div id=\"attachment_72\" style=\"width: 269px\" class=\"wp-caption aligncenter\"><a href=\"\/guirisporextremadura\/wp-content\/uploads\/sites\/70\/2013\/06\/Bajorelieve-conmemorativo.jpg\"><img aria-describedby=\"caption-attachment-72\" loading=\"lazy\" class=\"size-full wp-image-72\" src=\"\/guirisporextremadura\/wp-content\/uploads\/sites\/70\/2013\/06\/Bajorelieve-conmemorativo.jpg\" alt=\"Bajorelieve conmemorativo\" width=\"259\" height=\"194\" \/><\/a><p id=\"caption-attachment-72\" class=\"wp-caption-text\">Bajorelieve conmemorativo, de 2003<\/p><\/div>\n<p>&nbsp;<\/p>\n<p>&nbsp;<\/p>\n<p>Agradezco a D. <strong>Antonio Ar\u00e9valo S\u00e1nchez<\/strong>, OFM , p\u00e1rroco y Director de la revista Guadalupe la informaci\u00f3n facilitada, as\u00ed como a D. <strong>Pedro Lu\u00eds Lorenzo<\/strong>, Profesor de T\u00e9cnicas Historiogr\u00e1ficas la supervisi\u00f3n de las transcripci\u00f3n del documento del bautismo.<\/p>\n<p>&nbsp;<\/p>\n<!-- AddThis Advanced Settings generic via filter on the_content --><!-- AddThis Share Buttons generic via filter on the_content -->","protected":false},"excerpt":{"rendered":"<p>Quiz\u00e1s una de las primeras presencias documentadas de guiris en Extremadura vaya ligada al Monasterio de Guadalupe, verdadero faro y foco de religi\u00f3n, conocimiento, ciencia y arte. Como tal fue transitado desde su fundaci\u00f3n, teniendo la ventaja para\u00a0 su conocimiento hist\u00f3rico de poseer uno de los mejores archivos de Espa\u00f1a, que adem\u00e1s fue resguardado por [&hellip;]<!-- AddThis Advanced Settings generic via filter on get_the_excerpt --><!-- AddThis Share Buttons generic via filter on get_the_excerpt --><\/p>\n","protected":false},"author":77,"featured_media":0,"comment_status":"open","ping_status":"closed","sticky":false,"template":"","format":"standard","meta":[],"categories":[4],"tags":[],"_links":{"self":[{"href":"https:\/\/blogs.hoy.es\/guirisporextremadura\/wp-json\/wp\/v2\/posts\/65"}],"collection":[{"href":"https:\/\/blogs.hoy.es\/guirisporextremadura\/wp-json\/wp\/v2\/posts"}],"about":[{"href":"https:\/\/blogs.hoy.es\/guirisporextremadura\/wp-json\/wp\/v2\/types\/post"}],"author":[{"embeddable":true,"href":"https:\/\/blogs.hoy.es\/guirisporextremadura\/wp-json\/wp\/v2\/users\/77"}],"replies":[{"embeddable":true,"href":"https:\/\/blogs.hoy.es\/guirisporextremadura\/wp-json\/wp\/v2\/comments?post=65"}],"version-history":[{"count":0,"href":"https:\/\/blogs.hoy.es\/guirisporextremadura\/wp-json\/wp\/v2\/posts\/65\/revisions"}],"wp:attachment":[{"href":"https:\/\/blogs.hoy.es\/guirisporextremadura\/wp-json\/wp\/v2\/media?parent=65"}],"wp:term":[{"taxonomy":"category","embeddable":true,"href":"https:\/\/blogs.hoy.es\/guirisporextremadura\/wp-json\/wp\/v2\/categories?post=65"},{"taxonomy":"post_tag","embeddable":true,"href":"https:\/\/blogs.hoy.es\/guirisporextremadura\/wp-json\/wp\/v2\/tags?post=65"}],"curies":[{"name":"wp","href":"https:\/\/api.w.org\/{rel}","templated":true}]}}