{"id":669,"date":"2015-11-11T10:50:33","date_gmt":"2015-11-11T09:50:33","guid":{"rendered":"http:\/\/blogs.hoy.es\/guirisporextremadura\/?p=669"},"modified":"2015-11-11T10:50:33","modified_gmt":"2015-11-11T09:50:33","slug":"el-chapapote-vegetal","status":"publish","type":"post","link":"https:\/\/blogs.hoy.es\/guirisporextremadura\/2015\/11\/11\/el-chapapote-vegetal\/","title":{"rendered":"El chapapote vegetal"},"content":{"rendered":"<p><a href=\"\/guirisporextremadura\/wp-content\/uploads\/sites\/70\/2015\/11\/inicio.jpg\"><img loading=\"lazy\" class=\"alignleft size-medium wp-image-670\" src=\"\/guirisporextremadura\/wp-content\/uploads\/sites\/70\/2015\/11\/inicio.jpg\" alt=\"\" width=\"199\" height=\"300\" srcset=\"https:\/\/static-blogs.hoy.es\/wp-content\/uploads\/sites\/70\/2015\/11\/inicio.jpg 399w, https:\/\/static-blogs.hoy.es\/wp-content\/uploads\/sites\/70\/2015\/11\/inicio-200x300.jpg 200w\" sizes=\"(max-width: 199px) 100vw, 199px\" \/><\/a><a href=\"\/guirisporextremadura\/wp-content\/uploads\/sites\/70\/2015\/11\/3312084213_1169756afe.jpg\"><img loading=\"lazy\" class=\"alignright size-medium wp-image-671\" src=\"\/guirisporextremadura\/wp-content\/uploads\/sites\/70\/2015\/11\/3312084213_1169756afe.jpg\" alt=\"\" width=\"300\" height=\"163\" srcset=\"https:\/\/static-blogs.hoy.es\/wp-content\/uploads\/sites\/70\/2015\/11\/3312084213_1169756afe.jpg 500w, https:\/\/static-blogs.hoy.es\/wp-content\/uploads\/sites\/70\/2015\/11\/3312084213_1169756afe-300x164.jpg 300w\" sizes=\"(max-width: 300px) 100vw, 300px\" \/><\/a><\/p>\n<p>&nbsp;<\/p>\n<p>&nbsp;<\/p>\n<p>&nbsp;<\/p>\n<p>&nbsp;<\/p>\n<p>&nbsp;<\/p>\n<p>&nbsp;<\/p>\n<p>&nbsp;<\/p>\n<p>&nbsp;<\/p>\n<p>&nbsp;<\/p>\n<p>&nbsp;<\/p>\n<p>Precisamente hoy 11 de noviembre de 2015 se celebra un encuentro nada menos que en la Asamblea de Extremadura en torno a un tema preocupante y al que las Administraciones P\u00faiblicas parecen poner proa definitivamente. Se trata de la invasi\u00f3n de un indeseable guiri que nos viene visitando desde hace aproximadamente diez a\u00f1os y que ojal\u00e1 no haya venido para quedarse. Esta invasi\u00f3n puede denominarse como la\u00a0 de ese chapapote vegetal que como un incomod\u00edsimo hu\u00e9sped viene dispuesto a instalarse en nuestra casa, afectando gravisimamente por ahora a la cuenca fluvial del Guadiana.<\/p>\n<p>El epicentro de esta plaga parece hallarse en torno a Medell\u00edn, en cuyas inmediaciones fueron avistados los primeros ejemplares.<\/p>\n<p>Todos los esfuerzos ser\u00e1n pocos para erradicar el camalote, especie perteneciente a otro h\u00e1bitat, muy lejano. La especie bot\u00e1nica no deja de tener paradojicamente cierto encanto, como puede apreciarse en la fotograf\u00eda adjunta que recoge la floraci\u00f3n del ejemplar.<\/p>\n<p><a href=\"\/guirisporextremadura\/wp-content\/uploads\/sites\/70\/2015\/11\/IMG_5684.jpg\"><img loading=\"lazy\" class=\"aligncenter size-medium wp-image-672\" src=\"\/guirisporextremadura\/wp-content\/uploads\/sites\/70\/2015\/11\/IMG_5684.jpg\" alt=\"\" width=\"200\" height=\"300\" srcset=\"https:\/\/static-blogs.hoy.es\/wp-content\/uploads\/sites\/70\/2015\/11\/IMG_5684.jpg 400w, https:\/\/static-blogs.hoy.es\/wp-content\/uploads\/sites\/70\/2015\/11\/IMG_5684-200x300.jpg 200w\" sizes=\"(max-width: 200px) 100vw, 200px\" \/><\/a><\/p>\n<p>&nbsp;<\/p>\n<p>&nbsp;<\/p>\n<p>El camalote (Eichhornia crassipes) pertenece a dicho g\u00e9nero y especie. El nombre gen\u00e9rico (Eichhornia) hace referencia al\u00a0 que le fue otorgado en honor de Johann Albercht Friedrich Eichhorn(1779-1856), ministro prusiano de Educaci\u00f3n y Bienestar Social, asesor judicial y pol\u00edtico. Los nombres de las plantas es muy frecuente que est\u00e9n vinculadas a alg\u00fan personaje, bien del \u00e1mbito bot\u00e1nico, o de otro al que el descriptor quiere homenajear.<\/p>\n<p>El nombre espec\u00edfico (crassipes) hace referencia al ep\u00edteto latinoque significa &#8220;con pie grueso&#8221;.<\/p>\n<p><em>La especie completa, Eichhornia crassipes,<\/em> fue descrita por Mart Solms y publicado en Monographiae Phanerogamarum en 1883.<\/p>\n<p><a href=\"\/guirisporextremadura\/wp-content\/uploads\/sites\/70\/2015\/11\/representa.png\"><img loading=\"lazy\" class=\"aligncenter size-medium wp-image-676\" src=\"\/guirisporextremadura\/wp-content\/uploads\/sites\/70\/2015\/11\/representa.png\" alt=\"\" width=\"232\" height=\"300\" srcset=\"https:\/\/static-blogs.hoy.es\/wp-content\/uploads\/sites\/70\/2015\/11\/representa.png 440w, https:\/\/static-blogs.hoy.es\/wp-content\/uploads\/sites\/70\/2015\/11\/representa-232x300.png 232w\" sizes=\"(max-width: 232px) 100vw, 232px\" \/><\/a><\/p>\n<p><em><\/em> Pertenece a las plantas dulce acu\u00edcolas como las que mostramos, y existen muchas l\u00e1minas con su representaci\u00f3n est\u00e9tica.<\/p>\n<p><a href=\"\/guirisporextremadura\/wp-content\/uploads\/sites\/70\/2015\/11\/Plantas-aqu\u00edcolas.jpg\"><img loading=\"lazy\" class=\"aligncenter size-medium wp-image-673\" src=\"\/guirisporextremadura\/wp-content\/uploads\/sites\/70\/2015\/11\/Plantas-aqu\u00edcolas.jpg\" alt=\"\" width=\"178\" height=\"300\" srcset=\"https:\/\/static-blogs.hoy.es\/wp-content\/uploads\/sites\/70\/2015\/11\/Plantas-aqu\u00edcolas.jpg 864w, https:\/\/static-blogs.hoy.es\/wp-content\/uploads\/sites\/70\/2015\/11\/Plantas-aqu\u00edcolas-178x300.jpg 178w, https:\/\/static-blogs.hoy.es\/wp-content\/uploads\/sites\/70\/2015\/11\/Plantas-aqu\u00edcolas-768x1294.jpg 768w, https:\/\/static-blogs.hoy.es\/wp-content\/uploads\/sites\/70\/2015\/11\/Plantas-aqu\u00edcolas-608x1024.jpg 608w\" sizes=\"(max-width: 178px) 100vw, 178px\" \/><\/a><\/p>\n<p>&nbsp;<\/p>\n<p>Es muy relevante se\u00f1alar que el camalote est\u00e1 incluido en la lista de las cien especies invasoras m\u00e1s da\u00f1inas a nivel mundial. Debido a su potencial colonizador y constituir una amenzaza grave para las especies aut\u00f3ctonas, los h\u00e1bitat y los ecosistemas, el camolote ha sido incluido en el cat\u00e1logo espa\u00f1ol de especies ex\u00f3ticas invasoras, aprobado por RD 1628\/2011 de 14 de noviembre.\u00a0 A continuaci\u00f3n proporciono el enlace a la lista de las 100 especies ex\u00f3ticas invasoras m\u00e1s da\u00f1inas del mundo.<\/p>\n<p>https:\/\/es.wikipedia.org\/wiki\/Anexo:100_de_las_especies_ex%C3%B3ticas_invasoras_m%C3%A1s_da%C3%B1inas_del_mundo<\/p>\n<p>Seguramente su aparici\u00f3n en la cuenca del Guadiana haya estado provocada por un escape de alg\u00fan estanque o acuario en el que desarrollaba funci\u00f3n ornamental, o bien, como sostiene otra teor\u00eda hubiera venido adherida a alguna maquinaria proveniente de Brasil de las que se emplearon para implementar la red viaria de Extremadura. De cualquier forma, el r\u00e9gimen del r\u00edo Guadiana con infinidad de pantanos y embalses, que determina una concretizaci\u00f3n del caudal, la temperatura y calentamiento global, el estiaje, la poca profundidad, y la eutrofizaci\u00f3n de las aguas hayan sido determinantes para que actualmente seamos testigos de esta cat\u00e1strofe ecol\u00f3gica en la que una especie prolifera indiscriminadamente al no tener tampoco un control biol\u00f3gico.<\/p>\n<p><a href=\"\/guirisporextremadura\/wp-content\/uploads\/sites\/70\/2015\/11\/brasil.jpg\"><img loading=\"lazy\" class=\"alignleft size-medium wp-image-674\" src=\"\/guirisporextremadura\/wp-content\/uploads\/sites\/70\/2015\/11\/brasil.jpg\" alt=\"\" width=\"300\" height=\"195\" srcset=\"https:\/\/static-blogs.hoy.es\/wp-content\/uploads\/sites\/70\/2015\/11\/brasil.jpg 440w, https:\/\/static-blogs.hoy.es\/wp-content\/uploads\/sites\/70\/2015\/11\/brasil-300x196.jpg 300w\" sizes=\"(max-width: 300px) 100vw, 300px\" \/><\/a><\/p>\n<p><a href=\"\/guirisporextremadura\/wp-content\/uploads\/sites\/70\/2015\/11\/raices.jpg\"><img loading=\"lazy\" class=\"alignright size-medium wp-image-675\" src=\"\/guirisporextremadura\/wp-content\/uploads\/sites\/70\/2015\/11\/raices.jpg\" alt=\"\" width=\"224\" height=\"300\" srcset=\"https:\/\/static-blogs.hoy.es\/wp-content\/uploads\/sites\/70\/2015\/11\/raices.jpg 380w, https:\/\/static-blogs.hoy.es\/wp-content\/uploads\/sites\/70\/2015\/11\/raices-225x300.jpg 225w\" sizes=\"(max-width: 224px) 100vw, 224px\" \/><\/a><\/p>\n<p>&nbsp;<\/p>\n<p>&nbsp;<\/p>\n<p>&nbsp;<\/p>\n<p>&nbsp;<\/p>\n<p>&nbsp;<\/p>\n<p>&nbsp;<\/p>\n<p>En 1989 se inform\u00f3 de la aparici\u00f3n de camalote en el lago Victoria afectando a Tanzania, Kenia y principalmente Uganda, donde las orillas del lago se vieron ocupados casi en un 80%.<\/p>\n<p>&nbsp;<\/p>\n<!-- AddThis Advanced Settings generic via filter on the_content --><!-- AddThis Share Buttons generic via filter on the_content -->","protected":false},"excerpt":{"rendered":"<p>&nbsp; &nbsp; &nbsp; &nbsp; &nbsp; &nbsp; &nbsp; &nbsp; &nbsp; &nbsp; Precisamente hoy 11 de noviembre de 2015 se celebra un encuentro nada menos que en la Asamblea de Extremadura en torno a un tema preocupante y al que las Administraciones P\u00faiblicas parecen poner proa definitivamente. Se trata de la invasi\u00f3n de un indeseable guiri que [&hellip;]<!-- AddThis Advanced Settings generic via filter on get_the_excerpt --><!-- AddThis Share Buttons generic via filter on get_the_excerpt --><\/p>\n","protected":false},"author":77,"featured_media":0,"comment_status":"open","ping_status":"closed","sticky":false,"template":"","format":"standard","meta":[],"categories":[4],"tags":[],"_links":{"self":[{"href":"https:\/\/blogs.hoy.es\/guirisporextremadura\/wp-json\/wp\/v2\/posts\/669"}],"collection":[{"href":"https:\/\/blogs.hoy.es\/guirisporextremadura\/wp-json\/wp\/v2\/posts"}],"about":[{"href":"https:\/\/blogs.hoy.es\/guirisporextremadura\/wp-json\/wp\/v2\/types\/post"}],"author":[{"embeddable":true,"href":"https:\/\/blogs.hoy.es\/guirisporextremadura\/wp-json\/wp\/v2\/users\/77"}],"replies":[{"embeddable":true,"href":"https:\/\/blogs.hoy.es\/guirisporextremadura\/wp-json\/wp\/v2\/comments?post=669"}],"version-history":[{"count":0,"href":"https:\/\/blogs.hoy.es\/guirisporextremadura\/wp-json\/wp\/v2\/posts\/669\/revisions"}],"wp:attachment":[{"href":"https:\/\/blogs.hoy.es\/guirisporextremadura\/wp-json\/wp\/v2\/media?parent=669"}],"wp:term":[{"taxonomy":"category","embeddable":true,"href":"https:\/\/blogs.hoy.es\/guirisporextremadura\/wp-json\/wp\/v2\/categories?post=669"},{"taxonomy":"post_tag","embeddable":true,"href":"https:\/\/blogs.hoy.es\/guirisporextremadura\/wp-json\/wp\/v2\/tags?post=669"}],"curies":[{"name":"wp","href":"https:\/\/api.w.org\/{rel}","templated":true}]}}