{"id":682,"date":"2015-11-24T13:58:18","date_gmt":"2015-11-24T12:58:18","guid":{"rendered":"http:\/\/blogs.hoy.es\/guirisporextremadura\/?p=682"},"modified":"2015-11-24T13:58:18","modified_gmt":"2015-11-24T12:58:18","slug":"los-daneses-de-las-armas","status":"publish","type":"post","link":"https:\/\/blogs.hoy.es\/guirisporextremadura\/2015\/11\/24\/los-daneses-de-las-armas\/","title":{"rendered":"Los daneses de las armas"},"content":{"rendered":"<p>&nbsp;<\/p>\n<div id=\"attachment_683\" style=\"width: 225px\" class=\"wp-caption aligncenter\"><a href=\"\/guirisporextremadura\/wp-content\/uploads\/sites\/70\/2015\/11\/Ada-Bruhn-1.jpg\"><img aria-describedby=\"caption-attachment-683\" loading=\"lazy\" class=\"size-medium wp-image-683\" src=\"\/guirisporextremadura\/wp-content\/uploads\/sites\/70\/2015\/11\/Ada-Bruhn-1.jpg\" alt=\"Ada Bruhn en el Tohjusmuseet. 1939\" width=\"215\" height=\"300\" srcset=\"https:\/\/static-blogs.hoy.es\/wp-content\/uploads\/sites\/70\/2015\/11\/Ada-Bruhn-1.jpg 236w, https:\/\/static-blogs.hoy.es\/wp-content\/uploads\/sites\/70\/2015\/11\/Ada-Bruhn-1-216x300.jpg 216w\" sizes=\"(max-width: 215px) 100vw, 215px\" \/><\/a><p id=\"caption-attachment-683\" class=\"wp-caption-text\">Ada Bruhn en el Tohjusmuseet. 1939<\/p><\/div>\n<p class=\"MsoNormal\" style=\"text-align: justify\">\n<p class=\"MsoNormal\" style=\"text-align: justify\">\n<p class=\"MsoNormal\" style=\"text-align: justify\"><span lang=\"ES-TRAD\">La semana pasada saltaron las alarmas. El <span>\u00a0<\/span>Instituto Hist\u00f3rico Hoffmeyer (IHH) se est\u00e1 desmantelando de la localidad de <a href=\"http:\/\/www.ayto-jaraiz.com\/\"><span style=\"color: windowtext\">Jara\u00edz de la Vera (C\u00e1ceres)<\/span><\/a>.<\/span><\/p>\n<p class=\"MsoNormal\" style=\"text-align: justify\"><span lang=\"ES-TRAD\">Ha sido un centro de Investigaci\u00f3n de primera l\u00ednea perteneciente al <a href=\"http:\/\/www.csic.es\/\"><span style=\"color: windowtext\">Consejo Superior de Investigaciones Cient\u00edficas<\/span><\/a> (CSIC), dependiente del <a href=\"http:\/\/www.iam.csic.es\/\"><span style=\"color: windowtext\">Instituto de Arqueolog\u00eda de M\u00e9rida<\/span><\/a>. El centro, vinculado hasta fecha reciente al <a href=\"http:\/\/www.ih.csic.es\/\"><span style=\"color: windowtext\">Instituto de Historia<\/span><\/a> del CSIC, procede del antiguo <a href=\"http:\/\/www.hoffmeyer.iam.csic.es\/hieaa.htm\"><span style=\"color: windowtext\">Instituto de Estudios sobre Armas Antiguas<\/span><\/a> (IEAA), fundado en Dinamarca (Kalundborg) en 1960. Desde sus inicios, el IEAA estuvo dirigido por el Bibliotecario Mayor <a href=\"http:\/\/www.hoffmeyer.iam.csic.es\/Fund2.htm\"><span style=\"color: windowtext\">D. Erling <span class=\"spelle\">Ferdinand<\/span> <span class=\"spelle\">Hoffmeyer<\/span><strong><span style=\"font-weight: normal\">\u00a0<\/span><\/strong><\/span><\/a>(1901-1975) y la investigadora en Armolog\u00eda y ex-conservadora de Museo <a href=\"http:\/\/www.hoffmeyer.iam.csic.es\/Fund1.htm\"><span style=\"color: windowtext\">D\u00f1a. Ada Bruhn de Hoffmeyer<\/span><\/a> (1910-1991)<strong><span style=\"font-weight: normal\">, <\/span><\/strong>matrimonio dan\u00e9s afincado por primera vez en Jara\u00edz de la Vera a comienzos de los a\u00f1os 60 y establecido definitivamente en esta localidad extreme\u00f1a a principios de los a\u00f1os 70.<\/span><\/p>\n<div id=\"attachment_684\" style=\"width: 310px\" class=\"wp-caption aligncenter\"><a href=\"\/guirisporextremadura\/wp-content\/uploads\/sites\/70\/2015\/11\/Hofante.jpg\"><img aria-describedby=\"caption-attachment-684\" loading=\"lazy\" class=\"size-medium wp-image-684\" src=\"\/guirisporextremadura\/wp-content\/uploads\/sites\/70\/2015\/11\/Hofante.jpg\" alt=\"El matrimonio durante uno de sus viajes por Espa\u00f1a. A\u00f1os 60\" width=\"300\" height=\"193\" srcset=\"https:\/\/static-blogs.hoy.es\/wp-content\/uploads\/sites\/70\/2015\/11\/Hofante.jpg 367w, https:\/\/static-blogs.hoy.es\/wp-content\/uploads\/sites\/70\/2015\/11\/Hofante-300x194.jpg 300w\" sizes=\"(max-width: 300px) 100vw, 300px\" \/><\/a><p id=\"caption-attachment-684\" class=\"wp-caption-text\">El matrimonio durante uno de sus viajes por Espa\u00f1a. A\u00f1os 60<\/p><\/div>\n<div id=\"attachment_686\" style=\"width: 167px\" class=\"wp-caption aligncenter\"><a href=\"\/guirisporextremadura\/wp-content\/uploads\/sites\/70\/2015\/11\/Bru504.jpg\"><img aria-describedby=\"caption-attachment-686\" loading=\"lazy\" class=\"size-full wp-image-686\" src=\"\/guirisporextremadura\/wp-content\/uploads\/sites\/70\/2015\/11\/Bru504.jpg\" alt=\"Ada Bruhn. Fototeca Instituto Hoffmeyer.\" width=\"157\" height=\"177\" \/><\/a><p id=\"caption-attachment-686\" class=\"wp-caption-text\">Ada Bruhn. Fototeca Instituto Hoffmeyer.<\/p><\/div>\n<p class=\"MsoNormal\" style=\"text-align: justify\">\n<p class=\"MsoNormal\" style=\"text-align: justify\"><span class=\"msonormal0\"><span style=\"font-size: 11.0pt;line-height: 107%;font-family: 'Century',serif\" lang=\"ES-TRAD\">En 1964, el IEAA pas\u00f3 a ser un Instituto Asociado del <a href=\"http:\/\/www.csic.es\/\"><span style=\"color: windowtext\">CSIC<\/span><\/a>, inici\u00e1ndose a partir de este momento su actividad investigadora en dicha instituci\u00f3n, centrada principalmente en la edici\u00f3n de una revista de reconocido prestigio mundial: <\/span><\/span><span class=\"spelle\"><span style=\"font-size: 11.0pt;line-height: 107%;font-family: 'Century',serif\" lang=\"ES-TRAD\"><a href=\"http:\/\/www.hoffmeyer.iam.csic.es\/Gladindex.htm\"><span style=\"color: windowtext\">Gladius<\/span><\/a><\/span><\/span><span class=\"msonormal0\"><span style=\"font-size: 11.0pt;line-height: 107%;font-family: 'Century',serif\" lang=\"ES-TRAD\"> cuyo primer volumen hab\u00eda visto la luz ya en Dinamarca en el a\u00f1o 1961. <\/span><\/span><\/p>\n<div id=\"attachment_687\" style=\"width: 246px\" class=\"wp-caption aligncenter\"><a href=\"\/guirisporextremadura\/wp-content\/uploads\/sites\/70\/2015\/11\/boda51.jpg\"><img aria-describedby=\"caption-attachment-687\" loading=\"lazy\" class=\"size-full wp-image-687\" src=\"\/guirisporextremadura\/wp-content\/uploads\/sites\/70\/2015\/11\/boda51.jpg\" alt=\"El matrimonio el d\u00eda de su boda.\" width=\"236\" height=\"266\" \/><\/a><p id=\"caption-attachment-687\" class=\"wp-caption-text\">El matrimonio el d\u00eda de su boda.<\/p><\/div>\n<p class=\"MsoNormal\" style=\"text-align: justify\">\n<p class=\"MsoNormal\" style=\"text-align: justify\">\n<p class=\"MsoNormal\" style=\"text-align: justify\"><span class=\"msonormal0\"><span style=\"font-size: 11.0pt;line-height: 107%;font-family: 'Century',serif\" lang=\"ES-TRAD\">En 1975 muere <\/span><\/span><span class=\"spelle\"><span style=\"font-size: 11.0pt;line-height: 107%;font-family: 'Century',serif\" lang=\"ES-TRAD\"><a href=\"http:\/\/www.hoffmeyer.iam.csic.es\/Fund2.htm\"><span style=\"color: windowtext\">Erling<\/span><\/a><\/span><\/span><span class=\"msonormal0\"><span style=\"font-size: 11.0pt;line-height: 107%;font-family: 'Century',serif\" lang=\"ES-TRAD\"> <a href=\"http:\/\/www.hoffmeyer.iam.csic.es\/Fund2.htm\"><span class=\"spelle\"><span style=\"color: windowtext\">Ferdinand<\/span><\/span><span class=\"spelle\"><span style=\"color: windowtext\">Hoffmeyer<\/span><\/span><\/a>, y es <a href=\"http:\/\/www.hoffmeyer.iam.csic.es\/Fund1.htm\"><span style=\"color: windowtext\">Ada <\/span><span class=\"spelle\"><span style=\"color: windowtext\">Bruhn<\/span><\/span><span style=\"color: windowtext\"> de Hoffmeyer<\/span><\/a> la que en solitario continua con la actividad iniciada por ambos publicando, no s\u00f3lo la revista, sino dos n\u00fameros monogr\u00e1ficos (&#8220;<\/span><\/span><span class=\"spelle\"><span style=\"font-size: 11.0pt;line-height: 107%;font-family: 'Century',serif\" lang=\"ES-TRAD\">Arms<\/span><\/span><span class=\"spelle\"><span style=\"font-size: 11.0pt;line-height: 107%;font-family: 'Century',serif\" lang=\"ES-TRAD\">and<\/span><\/span><span class=\"spelle\"><span style=\"font-size: 11.0pt;line-height: 107%;font-family: 'Century',serif\" lang=\"ES-TRAD\">Armours<\/span><\/span><span class=\"msonormal0\"><span style=\"font-size: 11.0pt;line-height: 107%;font-family: 'Century',serif\" lang=\"ES-TRAD\"> in <\/span><\/span><span class=\"spelle\"><span style=\"font-size: 11.0pt;line-height: 107%;font-family: 'Century',serif\" lang=\"ES-TRAD\">Spain<\/span><\/span><span class=\"msonormal0\"><span style=\"font-size: 11.0pt;line-height: 107%;font-family: 'Century',serif\" lang=\"ES-TRAD\"> I y II), junto a diversos trabajos cient\u00edficos. A la muerte de <\/span><\/span><span class=\"spelle\"><span style=\"font-size: 11.0pt;line-height: 107%;font-family: 'Century',serif\" lang=\"ES-TRAD\">D\u00f1a<\/span><\/span><span class=\"msonormal0\"><span style=\"font-size: 11.0pt;line-height: 107%;font-family: 'Century',serif\" lang=\"ES-TRAD\">. Ada <\/span><\/span><span class=\"spelle\"><span style=\"font-size: 11.0pt;line-height: 107%;font-family: 'Century',serif\" lang=\"ES-TRAD\">Bruhn<\/span><\/span><span class=\"msonormal0\"><span style=\"font-size: 11.0pt;line-height: 107%;font-family: 'Century',serif\" lang=\"ES-TRAD\"> en 1991, el Instituto fue legado al <a href=\"http:\/\/www.csic.es\/\"><span style=\"color: windowtext\">CSIC<\/span><\/a>, pasando a ser un Centro de este organismo, dependiente de su <a href=\"http:\/\/www.ih.csic.es\/\"><span style=\"color: windowtext\">Instituto de Historia<\/span><\/a>.<\/span><\/span><\/p>\n<div id=\"attachment_685\" style=\"width: 207px\" class=\"wp-caption aligncenter\"><a href=\"\/guirisporextremadura\/wp-content\/uploads\/sites\/70\/2015\/11\/Marido.jpg\"><img aria-describedby=\"caption-attachment-685\" loading=\"lazy\" class=\"size-full wp-image-685\" src=\"\/guirisporextremadura\/wp-content\/uploads\/sites\/70\/2015\/11\/Marido.jpg\" alt=\"E.F. Hoffmeyer. 1952\" width=\"197\" height=\"270\" \/><\/a><p id=\"caption-attachment-685\" class=\"wp-caption-text\">E.F. Hoffmeyer. 1952<\/p><\/div>\n<p class=\"MsoNormal\" style=\"text-align: justify\">\n<p class=\"MsoNormal\" style=\"text-align: justify\">\n<p class=\"MsoNormal\" style=\"text-align: justify\"><span class=\"msonormal0\"><span style=\"font-size: 11.0pt;line-height: 107%;font-family: 'Century',serif\" lang=\"ES-TRAD\">Tras algunos a\u00f1os de espera, la sede en Jara\u00edz, temporalmente cerrada entonces, fue adecuada para una nueva etapa de actividad, tarea llevada a cabo por la Junta de Extremadura. En 1998 se constituy\u00f3 finalmente el Patronato del actual Instituto Hist\u00f3rico <\/span><\/span><span class=\"spelle\"><span style=\"font-size: 11.0pt;line-height: 107%;font-family: 'Century',serif\" lang=\"ES-TRAD\">Hoffmeyer<\/span><\/span><span class=\"msonormal0\"><span style=\"font-size: 11.0pt;line-height: 107%;font-family: 'Century',serif\" lang=\"ES-TRAD\"> (formado por el CSIC, la Junta de Extremadura, a trav\u00e9s de la Consejer\u00eda de Cultura y Patrimonio, la Diputaci\u00f3n de C\u00e1ceres, el Ayuntamiento de Jara\u00edz de la Vera y la Caja de Ahorros de Extremadura). A finales de octubre de 2006, el Centro ha sido vinculado al <a href=\"http:\/\/www.iam.csic.es\/\"><span style=\"color: windowtext\">Instituto de Arqueolog\u00eda de M\u00e9rida<\/span><\/a>. <\/span><\/span><span style=\"font-size: 11.0pt;line-height: 107%;font-family: 'Century',serif\" lang=\"ES-TRAD\">En 1999 el CSIC retom\u00f3 la edici\u00f3n de <span class=\"spelle\"><a href=\"http:\/\/www.hoffmeyer.iam.csic.es\/Gladindex.htm\"><span style=\"color: windowtext\">Gladius<\/span><\/a><\/span>, continuando con la labor iniciada por los <span class=\"spelle\">Hoffmeyer<\/span>. <span class=\"spelle\">Gladius<\/span>, con una periodicidad anual, es la \u00fanica revista espa\u00f1ola dedicada al estudio de la guerra y el armamento desde el mundo antiguo; arte militar, <span class=\"spelle\">Polemolog\u00eda<\/span> y vida cultural en Oriente y Occidente. La revista da prioridad a los siguientes temas: Armamento desde la Prehistoria hasta el siglo XIX, <span class=\"spelle\">Polemolog\u00eda<\/span>, Historia de la guerra en Europa, el mundo colonial americano, y el Islam, incluyendo tambi\u00e9n una secci\u00f3n especial para la discusi\u00f3n cient\u00edfica y de recensiones. En 2002 la publicaci\u00f3n se vio enriquecida con la aparici\u00f3n de la serie <a href=\"http:\/\/www.hoffmeyer.iam.csic.es\/anejosglad.htm\"><span style=\"color: windowtext\">Anejos de <span class=\"spelle\">Gladius<\/span><\/span><\/a>. <span class=\"estilo931\">Recientemente, los <a href=\"http:\/\/gladius.revistas.csic.es\/index.php\/gladius\/issue\/archive\"><span style=\"color: windowtext\">contenidos hist\u00f3ricos de <\/span><em><span style=\"font-family: 'Century',serif;color: windowtext;font-style: normal\">Gladius<\/span><\/em><\/a> han sido puestos a disposici\u00f3n del p\u00fablico a trav\u00e9s de la <a href=\"http:\/\/revistas.csic.es\/\"><span style=\"color: windowtext\">web de revistas del CSIC<\/span><\/a>. <\/span><\/span><\/p>\n<p class=\"MsoNormal\" style=\"text-align: justify\"><span class=\"msonormal0\"><span style=\"font-size: 11.0pt;line-height: 107%;font-family: 'Century',serif\" lang=\"ES-TRAD\">El Instituto Hist\u00f3rico <\/span><\/span><span class=\"spelle\"><span style=\"font-size: 11.0pt;line-height: 107%;font-family: 'Century',serif\" lang=\"ES-TRAD\">Hoffmeyer<\/span><\/span><span class=\"msonormal0\"><span style=\"font-size: 11.0pt;line-height: 107%;font-family: 'Century',serif\" lang=\"ES-TRAD\"> posee una magn\u00edfica <a href=\"http:\/\/www.hoffmeyer.iam.csic.es\/biblio.htm\"><span style=\"color: windowtext\">biblioteca<\/span><\/a>, especializada en armamento antiguo, con un buen n\u00famero de monograf\u00edas y revistas cient\u00edficas sobre la materia. Cuenta igualmente con una <a href=\"http:\/\/www.hoffmeyer.iam.csic.es\/fotoarch.htm\"><span style=\"color: windowtext\">fototeca de investigaci\u00f3n<\/span><\/a> y un extenso archivo documental que todav\u00eda se encuentran en fase de estudio. Se trata de un moderno centro dotado con equipos inform\u00e1ticos, que permiten la <a href=\"http:\/\/aleph.csic.es\/F?func=file&#038;file_name=find-b\"><span style=\"color: windowtext\">consulta en red de los fondos bibliogr\u00e1ficos<\/span><\/a> a trav\u00e9s de la <a href=\"http:\/\/www.csic.es\/cbic\/cbic.html\"><span style=\"color: windowtext\">Red de Bibliotecas del CSIC<\/span><\/a> una sala de lectura y un sal\u00f3n de Actos en los que se realizan seminarios de diversos temas. El Instituto ha contado tambi\u00e9n en el tiempo que ha permanecido en la sede de<span>\u00a0 <\/span>la Vera que ha facilitado la estancia en la localidad al investigador. <\/span><\/span><\/p>\n<p class=\"MsoNormal\" style=\"text-align: justify\"><span lang=\"ES-TRAD\"><span style=\"font-size: 11.0pt;line-height: 107%\" lang=\"ES-TRAD\">\u00a0<\/span><br \/>\n<\/span><\/p>\n<p class=\"MsoNormal\" style=\"text-align: justify\"><span lang=\"ES-TRAD\">Erling Ferdinand Hoffmeyer, director de la Revista <em><span style=\"font-style: normal\"><a href=\"http:\/\/www.hoffmeyer.iam.csic.es\/Gladindex.htm\"><span style=\"color: windowtext\">Gladius<\/span><\/a><\/span><\/em> y fundador junto a <span class=\"estilo871\"><span style=\"color: windowtext\"><a href=\"http:\/\/www.hoffmeyer.iam.csic.es\/Fund1.htm\"><span style=\"color: windowtext\">Ada Bruhn<\/span><\/a><\/span><\/span><a href=\"http:\/\/www.hoffmeyer.iam.csic.es\/Fund1.htm\"><span style=\"color: windowtext\"> de Hoffmeyer<\/span><\/a> del <em><span style=\"font-style: normal\"><a href=\"http:\/\/www.hoffmeyer.iam.csic.es\/hieaa.htm\"><span style=\"color: windowtext\">Instituto de Estudios sobre Armas Antiguas<\/span><\/a><\/span><\/em>, nace en Store Hedinge (Dinamarca), el d\u00eda 13 de marzo de 1901, en el seno de una familia de comerciantes establecida desde 1905 en la localidad de Kalundborg. Tras finalizar su bachillerato, realiza estudios de Filolog\u00eda en la Universidad de Copenhague, que ampl\u00eda a lo largo del tiempo con otros de Historia, Teolog\u00eda, Filolog\u00eda e Idiomas (entre otr\u00f3s, de <\/span><span style=\"font-size: 11.0pt;line-height: 107%;font-family: 'Century',serif\" lang=\"ES-TRAD\">espa\u00f1ol, griego antiguo, hebreo y \u00e1rabe).<\/span><\/p>\n<p class=\"MsoNormal\" style=\"text-align: justify;line-height: normal\"><span>Hoffmeyer desarroll\u00f3 su vida profesional en Dinamarca como bibliotecario, aunque desde joven mostr\u00f3 su inter\u00e9s por numerosas materias. Entre sus actividades previas a esa etapa destaca su colaboraci\u00f3n, desde 1928, en la organizaci\u00f3n del <span>Cat\u00e1logo de inscripciones r\u00fanicas de Dinamarca<\/span>, para el Museo Nacional de Copenhague. <\/span><\/p>\n<p class=\"MsoNormal\" style=\"text-align: justify;line-height: normal\"><span>A partir de 1932, y tras haberse titulado en la Academia de la Biblioteca de Dinamarca, Hoffmeyer trabaj\u00f3 en varios centros p\u00fablicos del pa\u00eds, hasta su nombramiento en 1935 como jefe del grupo de bibliotecas <span>S\u00f6llerod<\/span>, en las cercan\u00edas de Copenhague.<\/span><\/p>\n<p class=\"MsoNormal\" style=\"text-align: justify\"><span>El 3 de julio de 1951, E. F. Hoffmeyer contrae matrimonio con la investigadora <a href=\"http:\/\/www.hoffmeyer.iam.csic.es\/Fund1.htm\"><span style=\"color: windowtext\">Ada Bruhn<\/span><\/a>, realizando poco despu\u00e9s un viaje por Espa\u00f1a que marcar\u00e1 profundamente toda su actividad posterior. Desde este momento, Hoffmeyer incrementa notablemente su profundo afecto e inter\u00e9s por este pa\u00eds, convirti\u00e9ndose en un activo defensor de la cultura espa\u00f1ola en Dinamarca. El viaje y los estudios sobre Espa\u00f1a que el matrimonio realiz\u00f3 desde estos momentos dar\u00e1n como resultado la elaboraci\u00f3n de un libro-gu\u00eda de viaje, titulado <span>Spanien p\u00e5 kryds og tv\u00e6rs: R\u00e5d og vink for spaniensrejsende, <\/span>que ve la luz en el a\u00f1o 1952. <\/span><\/p>\n<div id=\"attachment_690\" style=\"width: 246px\" class=\"wp-caption aligncenter\"><a href=\"\/guirisporextremadura\/wp-content\/uploads\/sites\/70\/2015\/11\/hoff64.jpg\"><img aria-describedby=\"caption-attachment-690\" loading=\"lazy\" class=\"size-full wp-image-690\" src=\"\/guirisporextremadura\/wp-content\/uploads\/sites\/70\/2015\/11\/hoff64.jpg\" alt=\"El matrimonio en Jaraiz de la Vera\" width=\"236\" height=\"178\" \/><\/a><p id=\"caption-attachment-690\" class=\"wp-caption-text\">El matrimonio en Jaraiz de la Vera<\/p><\/div>\n<p class=\"MsoNormal\" style=\"text-align: justify\"><span lang=\"ES-TRAD\">La mencionada obra, que fue publicada en Copenhague y cuyo t\u00edtulo podr\u00eda traducirse como <em><span style=\"font-style: normal\">Zigzag a trav\u00e9s de Espa\u00f1a: consejos e indicaciones para los viajeros en Espa\u00f1a<\/span><\/em> constituye uno de los primeros trabajos en contra de la &#8220;leyenda negra&#8221; de Espa\u00f1a en la Dinamarca de la \u00e9poca, aportando una visi\u00f3n muy favorable del pa\u00eds y de la cultura espa\u00f1ola.<\/span><\/p>\n<p class=\"MsoNormal\" style=\"margin-bottom: .0001pt;text-align: justify;line-height: normal\"><span>E. F. Hoffmeyer curs\u00f3 estudios de Filolog\u00eda e Historia de Espa\u00f1a en la Universidad de Copenhague, llegando a participar en 1956 en la elaboraci\u00f3n de un reconocido diccionario Espa\u00f1ol-Dan\u00e9s, junto a su profesor C. Bratli y el hispanista K. Kinzi.<\/span><\/p>\n<p class=\"MsoNormal\" style=\"text-align: justify\"><span>Principalmente durante los a\u00f1os 50, en solitario o en compa\u00f1\u00eda de Ada Bruhn, realizar\u00e1 numerosos viajes de estudio a Espa\u00f1a, aprovechando tanto sus excedencias laborales en el grupo bibliotecario Sollerod, como sus per\u00edodos vacacionales. Durante estos viajes, Hoffmeyer se centr\u00f3 principalmente en sus estudios de historia (fundamentalmente sobre la \u00e9poca hispano-musulmana), teolog\u00eda y filolog\u00eda, asistiendo a cursos en instituciones como el CSIC, o las Universidades de Salamanca y Madrid. <\/span><\/p>\n<p class=\"MsoNormal\" style=\"text-align: justify\">\n<p class=\"MsoNormal\" style=\"text-align: justify\"><span lang=\"ES-TRAD\">Desarroll\u00f3 tambi\u00e9n investigaciones en varios museos y en centros como el Archivo de Simancas, la Biblioteca Nacional o el Instituto Valencia de Don Juan, entre otros. Estas actividades le permitieron entablar amistad con diferentes personalidades acad\u00e9micas, destacando por ejemplo la que mantuvo con el profesor Manuel Garc\u00eda Blanco, en la Universidad de Salamanca, o con el sacerdote y arabista Pedro Long\u00e1s, durante sus estancias el Instituto Valencia de Don Juan, entre otras. A lo largo de estos a\u00f1os, Hoffmeyer tambi\u00e9n llev\u00f3 a cabo estudios en otras instituciones europeas, como la Biblioteca Apost\u00f3lica Vaticana de Roma. Durante sus estancias en Dinamarca, fue autor de diversas publicaciones y art\u00edculos de prensa de tem\u00e1tica cultural variada, y particip\u00f3 activamente en la difusi\u00f3n de la docencia del idioma espa\u00f1ol, y en la lucha contra &#8220;la leyenda negra&#8221; de Espa\u00f1a, contribuyendo significativamente al conocimiento de la cultura espa\u00f1ola en este pa\u00eds. El cansancio y los problemas de salud motivaron que Hoffmeyer abandonase su trabajo como bibliotecario en 1955. Sin embargo, no interrupi\u00f3 por ello sus labores de estudio. En 1960, fund\u00f3 junto a su esposa Ada Bruhn el <em><span style=\"font-style: normal\"><a href=\"http:\/\/www.hoffmeyer.iam.csic.es\/hieaa.htm\"><span style=\"color: windowtext\">Instituto de Estudios Sobre Armas Antiguas<\/span><\/a><\/span><\/em>, cuya primera sede se establececi\u00f3 en la localidad danesa de Kalundborg. El matrimonio trasladar\u00e1 el Instituto a Espa\u00f1a tan solo dos a\u00f1os despu\u00e9s. Desde la creaci\u00f3n del IEAA y hasta sus \u00faltimos d\u00edas, la mayor parte de la actividad de E.F. Hoffmeyer se centr\u00f3 en la organizaci\u00f3n y gesti\u00f3n del centro en las diferentes sedes que \u00e9ste ocupar\u00eda a lo largo de los a\u00f1os. <\/span><span>Siempre de forma constante y discreta, y contando con el apoyo de <a href=\"http:\/\/www.hoffmeyer.iam.csic.es\/Fund1.htm\"><span style=\"color: windowtext\">su esposa<\/span><\/a>, se encarg\u00f3 personalmente de la organizaci\u00f3n de la extensa <a href=\"http:\/\/www.hoffmeyer.iam.csic.es\/biblio.htm\"><span style=\"color: windowtext\">biblioteca<\/span><\/a> especializada del Instituto. Hoffmeyer emprendi\u00f3 tambi\u00e9n la catalogaci\u00f3n de la <a href=\"http:\/\/www.hoffmeyer.iam.csic.es\/fotoarch.htm\"><span style=\"color: windowtext\">fototeca y los fondos documentales<\/span><\/a> del Instituto, tareas que quedaron inacabadas, asumiendo igualmente hasta sus \u00faltimos momentos la laboriosa direcci\u00f3n del IEAA y de su publicaci\u00f3n <a href=\"http:\/\/www.hoffmeyer.iam.csic.es\/Gladindex.htm\"><span style=\"color: windowtext\">Gladius<\/span><\/a>. <\/span><\/p>\n<p class=\"MsoNormal\" style=\"text-align: justify\"><span class=\"estilo221\"><span style=\"color: windowtext\" lang=\"ES-TRAD\">F. Hoffmeyer perteneci\u00f3 a numerosas asociaciones, recibiendo diferentes distinciones. En Espa\u00f1a, cabe se\u00f1alar sus nombramientos como Caballero del Monasterio de Yuste, en 1964, o como Correspondiente del Museo del Ej\u00e9rcito en 1973, entre otras. El investigador falleci\u00f3 en Plasencia, v\u00edctima de una dolencia cardiaca, el 2 de abril de 1975, y fue enterrado en el cementerio de la localidad de Jarandilla de la Vera (C\u00e1ceres).<\/span><\/span><\/p>\n<p class=\"MsoNormal\" style=\"margin-bottom: .0001pt;text-align: justify;line-height: normal\"><span>Adelheid (Ada) Maria Bruhn<\/span><span> su esposa, naci\u00f3 en Roskilde (Dinamarca), el 1 de diciembre de 1910 siendo, seg\u00fan sus propias palabras, una gran apasionada de la arqueolog\u00eda ya desde la ni\u00f1ez. Tras finalizar su bachillerato en el Instituto de Roskilde (<a href=\"http:\/\/www.roskildekat-gym.dk\/sw1259.asp\"><span style=\"color: windowtext\">Roskilde Katedralskole<\/span><\/a>) en 1929, inici\u00f3 sus estudios de Arqueolog\u00eda Cl\u00e1sica en la Universidad de Copenhague, donde recibi\u00f3 un gran apoyo de su profesor K. Johansen. Ada Bruhn se gradu\u00f3 con el t\u00edtulo de <span>Magister Artrium<\/span> en 1936, con una tesina sobre vasos griegos titulada <span>Oltos and Early Red-Figure Vase Painting<\/span>, que ser\u00e1 publicada en 1943.<\/span><\/p>\n<p class=\"MsoNormal\" style=\"margin-bottom: .0001pt;text-align: justify;line-height: normal\">\n<div id=\"attachment_688\" style=\"width: 229px\" class=\"wp-caption aligncenter\"><a href=\"\/guirisporextremadura\/wp-content\/uploads\/sites\/70\/2015\/11\/Ada-Bruhn.jpg\"><img aria-describedby=\"caption-attachment-688\" loading=\"lazy\" class=\"size-medium wp-image-688\" src=\"\/guirisporextremadura\/wp-content\/uploads\/sites\/70\/2015\/11\/Ada-Bruhn.jpg\" alt=\"Ada Bruhn. Uno de sus viajes de estudio. 1937\" width=\"219\" height=\"300\" srcset=\"https:\/\/static-blogs.hoy.es\/wp-content\/uploads\/sites\/70\/2015\/11\/Ada-Bruhn.jpg 256w, https:\/\/static-blogs.hoy.es\/wp-content\/uploads\/sites\/70\/2015\/11\/Ada-Bruhn-219x300.jpg 219w\" sizes=\"(max-width: 219px) 100vw, 219px\" \/><\/a><p id=\"caption-attachment-688\" class=\"wp-caption-text\">Ada Bruhn. Uno de sus viajes de estudio. 1937<\/p><\/div>\n<p class=\"MsoNormal\" style=\"text-align: justify\"><span lang=\"ES-TRAD\">En 1934, y tras desempe\u00f1ar otros trabajos, obtuvo un puesto como asistente de museo en la <em><span style=\"font-style: normal\"><a href=\"http:\/\/www.glyptoteket.dk\/\"><span style=\"color: windowtext\">Ny Carlsberg <\/span><\/a><\/span><\/em><a href=\"http:\/\/www.glyptoteket.dk\/\"><em><span style=\"color: windowtext;font-style: normal\">Glyptotek<\/span><\/em><\/a><em><\/em>de Copenhague -bajo la direcci\u00f3n de Frederik Poulsens-, que mantuvo hasta 1939 y que simultane\u00f3 durante un tiempo con sus estudios universitarios.<\/span><\/p>\n<div id=\"attachment_691\" style=\"width: 207px\" class=\"wp-caption aligncenter\"><a href=\"\/guirisporextremadura\/wp-content\/uploads\/sites\/70\/2015\/11\/Bru50s1.jpg\"><img aria-describedby=\"caption-attachment-691\" loading=\"lazy\" class=\"size-full wp-image-691\" src=\"\/guirisporextremadura\/wp-content\/uploads\/sites\/70\/2015\/11\/Bru50s1.jpg\" alt=\"Ada Bruhn en el Tojhusmuseet. Principios de los 50.\" width=\"197\" height=\"224\" \/><\/a><p id=\"caption-attachment-691\" class=\"wp-caption-text\">Ada Bruhn en el Tojhusmuseet. Principios de los 50.<\/p><\/div>\n<p class=\"MsoNormal\" style=\"text-align: justify;line-height: normal\"><span>En este per\u00edodo y gracias a varias ayudas, realiz\u00f3 algunos viajes por Europa, orientados fundamentalmente a la investigaci\u00f3n de la cer\u00e1mica griega y la cultura cl\u00e1sica, que fueron fundamentales en la elaboraci\u00f3n de algunos de sus estudios posteriores. En 1935 la investigadora hab\u00eda efectuado ya un viaje de estudio a Inglaterra, con estancias en el British Museum o en museos de Oxford y Cambrigde. <\/span><\/p>\n<div id=\"attachment_693\" style=\"width: 226px\" class=\"wp-caption aligncenter\"><a href=\"\/guirisporextremadura\/wp-content\/uploads\/sites\/70\/2015\/11\/bruyust.jpg\"><img aria-describedby=\"caption-attachment-693\" loading=\"lazy\" class=\"size-medium wp-image-693\" src=\"\/guirisporextremadura\/wp-content\/uploads\/sites\/70\/2015\/11\/bruyust.jpg\" alt=\"En el Monasterio de Yuste. A\u00f1os 60\" width=\"216\" height=\"300\" srcset=\"https:\/\/static-blogs.hoy.es\/wp-content\/uploads\/sites\/70\/2015\/11\/bruyust.jpg 240w, https:\/\/static-blogs.hoy.es\/wp-content\/uploads\/sites\/70\/2015\/11\/bruyust-216x300.jpg 216w\" sizes=\"(max-width: 216px) 100vw, 216px\" \/><\/a><p id=\"caption-attachment-693\" class=\"wp-caption-text\">En el Monasterio de Yuste. A\u00f1os 60<\/p><\/div>\n<p class=\"MsoNormal\" style=\"text-align: justify\"><span>Durante la misma etapa, Ada Bruhn visit\u00f3 tambi\u00e9n Alemania, Francia, B\u00e9lgica y Holanda, destacando su estancia de medio a\u00f1o -financiada por la <span><a href=\"http:\/\/www.ny-carlsbergfondet.dk\/\"><span style=\"color: windowtext\">Ny Carlsbergfondet<\/span><\/a> <\/span>&#8211; en el Instituto Sueco de Arqueolog\u00eda en Roma, en 1937. <\/span><span lang=\"ES-TRAD\">A primeros de octubre de 1939, Ada Bruhn pas\u00f3 a desempe\u00f1ar el cargo de <em><span style=\"font-style: normal\">Asistente de Museo y Biblioteca<\/span><\/em> en la Armer\u00eda Real de Copenhague ( <em><span style=\"font-style: normal\"><a href=\"http:\/\/www.thm.dk\/\"><span style=\"color: windowtext\">Tojhusmusseet<\/span><\/a> <\/span><\/em>), inici\u00e1ndose en estos momentos su inter\u00e9s en los campos de la Polemolog\u00eda y la Arqueolog\u00eda e Historia de las Armas. En 1942, fue nombrada conservadora jefe del <em><span style=\"font-style: normal\">Departamento de Armas Blancas y Armaduras<\/span><\/em> del Tohjhusmuseet.<\/span><\/p>\n<div id=\"attachment_692\" style=\"width: 246px\" class=\"wp-caption aligncenter\"><a href=\"\/guirisporextremadura\/wp-content\/uploads\/sites\/70\/2015\/11\/Bru50s2.jpg\"><img aria-describedby=\"caption-attachment-692\" loading=\"lazy\" class=\"size-full wp-image-692\" src=\"\/guirisporextremadura\/wp-content\/uploads\/sites\/70\/2015\/11\/Bru50s2.jpg\" alt=\"La investigadora. Foto Instituto Hoffmeyer\" width=\"236\" height=\"261\" \/><\/a><p id=\"caption-attachment-692\" class=\"wp-caption-text\">La investigadora. Foto Instituto Hoffmeyer<\/p><\/div>\n<p class=\"MsoNormal\" style=\"text-align: justify;line-height: normal\"><span>De sus colaboraciones en <em><a href=\"http:\/\/www.hoffmeyer.iam.csic.es\/Gladindex.htm\"><span style=\"color: windowtext\">Gladius<\/span><\/a><\/em>, y junto a numerosas rese\u00f1as y comentarios, los art\u00edculos Introduction to the history of the European sword (1961); From mediaeval sword to Renaissance rapier(1963); o Military equipment in the Byzantine manuscript of Scylitzes in Biblioteca Nacional in Madrid (1965). Entre los \u00faltimos estudios de la investigadora, puede mencionarse su trabajo tambi\u00e9n aparecido en <em>Gladius <\/em>Las armas de los conquistadores. Las armas de los Aztecas (1986), o el publicado en las actas de Simposio <em><a href=\"http:\/\/www.hoffmeyer.iam.csic.es\/Gladvesp.htm\"><span style=\"color: windowtext\">Las armas en la Historia<\/span><\/a> <\/em>(IEAA &#8211; Univ. de Extremadura) Las armas en la historia de la reconquista (1988). <\/span><\/p>\n<p class=\"MsoNormal\" style=\"text-align: justify;line-height: normal\">\n<p class=\"MsoNormal\" style=\"text-align: justify;line-height: normal\">\n<div id=\"attachment_689\" style=\"width: 266px\" class=\"wp-caption aligncenter\"><a href=\"\/guirisporextremadura\/wp-content\/uploads\/sites\/70\/2015\/11\/Bru88.jpg\"><img aria-describedby=\"caption-attachment-689\" loading=\"lazy\" class=\"size-full wp-image-689\" src=\"\/guirisporextremadura\/wp-content\/uploads\/sites\/70\/2015\/11\/Bru88.jpg\" alt=\"La investigadora en Jaraiz de la Vera. 1988\" width=\"256\" height=\"183\" \/><\/a><p id=\"caption-attachment-689\" class=\"wp-caption-text\">La investigadora en Jaraiz de la Vera. 1988<\/p><\/div>\n<p class=\"MsoNormal\" style=\"text-align: justify;line-height: normal\"><span>A continuaci\u00f3n proporciono el enlace de la Revista Gladius:<\/span><\/p>\n<p class=\"MsoNormal\" style=\"text-align: justify;line-height: normal\"><span>http:\/\/www.hoffmeyer.iam.csic.es\/Gladindex.htm<\/span><\/p>\n<p>&nbsp;<\/p>\n<p>&nbsp;<\/p>\n<p class=\"MsoNormal\" style=\"text-align: justify\"><span>\u00a0<\/span><\/p>\n<p class=\"MsoNormal\" style=\"text-align: justify\"><span class=\"estilo931\"><span style=\"font-size: 11.0pt;line-height: 107%\" lang=\"ES-TRAD\">\u00a0<\/span><\/span><\/p>\n<p class=\"MsoNormal\" style=\"text-align: justify\"><span class=\"estilo931\"><span style=\"font-size: 11.0pt;line-height: 107%\" lang=\"ES-TRAD\">\u00a0<\/span><\/span><\/p>\n<p class=\"MsoNormal\" style=\"text-align: justify\"><span class=\"estilo931\"><span style=\"font-size: 11.0pt;line-height: 107%\" lang=\"ES-TRAD\">\u00a0<\/span><\/span><\/p>\n<p class=\"MsoNormal\" style=\"text-align: justify\"><span class=\"estilo931\"><span style=\"font-size: 11.0pt;line-height: 107%\" lang=\"ES-TRAD\">\u00a0<\/span><\/span><\/p>\n<p class=\"MsoNormal\" style=\"text-align: justify\"><span class=\"estilo931\"><span style=\"font-size: 11.0pt;line-height: 107%\" lang=\"ES-TRAD\">\u00a0<\/span><\/span><\/p>\n<p class=\"MsoNormal\" style=\"text-align: justify\"><span class=\"estilo931\"><span style=\"font-size: 11.0pt;line-height: 107%\" lang=\"ES-TRAD\">\u00a0<\/span><\/span><\/p>\n<p class=\"MsoNormal\" style=\"text-align: justify\"><span class=\"estilo931\"><span style=\"font-size: 11.0pt;line-height: 107%\" lang=\"ES-TRAD\">\u00a0<\/span><\/span><\/p>\n<p class=\"MsoNormal\" style=\"text-align: justify\"><span class=\"estilo931\"><span style=\"font-size: 11.0pt;line-height: 107%\" lang=\"ES-TRAD\">\u00a0<\/span><\/span><\/p>\n<p class=\"MsoNormal\" style=\"text-align: justify\"><span class=\"estilo931\"><span style=\"font-size: 11.0pt;line-height: 107%\" lang=\"ES-TRAD\">\u00a0<\/span><\/span><\/p>\n<p class=\"MsoNormal\" style=\"text-align: justify\"><span class=\"estilo931\"><span style=\"font-size: 11.0pt;line-height: 107%\" lang=\"ES-TRAD\">\u00a0<\/span><\/span><\/p>\n<p class=\"MsoNormal\" style=\"text-align: justify\"><span class=\"estilo931\"><span style=\"font-size: 11.0pt;line-height: 107%\" lang=\"ES-TRAD\">\u00a0<\/span><\/span><\/p>\n<p class=\"MsoNormal\" style=\"text-align: justify\"><span class=\"estilo931\"><span style=\"font-size: 11.0pt;line-height: 107%\" lang=\"ES-TRAD\">\u00a0<\/span><\/span><\/p>\n<p class=\"MsoNormal\" style=\"text-align: justify\"><span class=\"estilo931\"><span style=\"font-size: 11.0pt;line-height: 107%\" lang=\"ES-TRAD\">\u00a0<\/span><\/span><\/p>\n<p class=\"MsoNormal\" style=\"text-align: justify\"><span class=\"msonormal0\"><span style=\"font-size: 11.0pt;line-height: 107%;font-family: 'Century',serif\" lang=\"ES-TRAD\">\u00a0<\/span><\/span><\/p>\n<div align=\"center\">\n<table class=\"MsoNormalTable\" style=\"width: 95.0%\" width=\"95%\" border=\"0\" cellpadding=\"0\">\n<tbody>\n<tr>\n<td style=\"padding: .75pt .75pt .75pt .75pt\" valign=\"top\">\n<p class=\"MsoNormal\" style=\"margin-bottom: .0001pt;text-align: justify;line-height: normal\"><span>\u00a0<\/span><\/p>\n<\/td>\n<\/tr>\n<tr>\n<td style=\"padding: .75pt .75pt .75pt .75pt\">\n<p class=\"MsoNormal\" style=\"margin-bottom: .0001pt;text-align: justify;line-height: normal\"><span>\u00a0<\/span><\/p>\n<\/td>\n<\/tr>\n<\/tbody>\n<\/table>\n<\/div>\n<p class=\"MsoNormal\" style=\"text-align: justify\"><span class=\"msonormal0\"><span style=\"font-size: 11.0pt;line-height: 107%;font-family: 'Century',serif\">\u00a0<\/span><\/span><\/p>\n<p class=\"MsoNormal\" style=\"text-align: justify\"><span class=\"msonormal0\"><span style=\"font-size: 11.0pt;line-height: 107%;font-family: 'Century',serif\" lang=\"ES-TRAD\">\u00a0<\/span><\/span><\/p>\n<p class=\"MsoNormal\" style=\"text-align: justify\"><span class=\"msonormal0\"><span style=\"font-size: 11.0pt;line-height: 107%;font-family: 'Century',serif\" lang=\"ES-TRAD\">\u00a0<\/span><\/span><\/p>\n<p class=\"MsoNormal\" style=\"text-align: justify\"><span class=\"msonormal0\"><span style=\"font-size: 11.0pt;line-height: 107%;font-family: 'Century',serif\" lang=\"ES-TRAD\">\u00a0<\/span><\/span><\/p>\n<p class=\"MsoNormal\" style=\"text-align: justify\"><span class=\"msonormal0\"><span style=\"font-size: 11.0pt;line-height: 107%;font-family: 'Century',serif\" lang=\"ES-TRAD\">\u00a0<\/span><\/span><\/p>\n<p class=\"MsoNormal\" style=\"text-align: justify\"><span class=\"msonormal0\"><span style=\"font-size: 11.0pt;line-height: 107%;font-family: 'Century',serif\" lang=\"ES-TRAD\">\u00a0<\/span><\/span><\/p>\n<p class=\"MsoNormal\" style=\"text-align: justify\"><span class=\"msonormal0\"><span style=\"font-size: 11.0pt;line-height: 107%;font-family: 'Century',serif\" lang=\"ES-TRAD\">\u00a0<\/span><\/span><\/p>\n<p class=\"MsoNormal\" style=\"text-align: justify\"><span class=\"msonormal0\"><span style=\"font-size: 11.0pt;line-height: 107%;font-family: 'Century',serif\" lang=\"ES-TRAD\">\u00a0<\/span><\/span><\/p>\n<p class=\"MsoNormal\" style=\"text-align: justify\"><span class=\"msonormal0\"><span style=\"font-size: 11.0pt;line-height: 107%;font-family: 'Century',serif\" lang=\"ES-TRAD\">\u00a0<\/span><\/span><\/p>\n<p class=\"MsoNormal\" style=\"text-align: justify\"><span class=\"msonormal0\"><span style=\"font-size: 11.0pt;line-height: 107%;font-family: 'Century',serif\" lang=\"ES-TRAD\">\u00a0<\/span><\/span><\/p>\n<p class=\"MsoNormal\" style=\"text-align: justify\"><span class=\"msonormal0\"><span style=\"font-size: 11.0pt;line-height: 107%;font-family: 'Century',serif\" lang=\"ES-TRAD\">\u00a0<\/span><\/span><\/p>\n<p class=\"MsoNormal\" style=\"text-align: justify\"><span class=\"msonormal0\"><span style=\"font-size: 11.0pt;line-height: 107%;font-family: 'Century',serif\" lang=\"ES-TRAD\">\u00a0<\/span><\/span><\/p>\n<p class=\"MsoNormal\" style=\"text-align: justify\"><span class=\"msonormal0\"><span style=\"font-size: 11.0pt;line-height: 107%;font-family: 'Century',serif\" lang=\"ES-TRAD\">\u00a0<\/span><\/span><\/p>\n<p class=\"MsoNormal\" style=\"text-align: justify\"><span class=\"msonormal0\"><span style=\"font-size: 11.0pt;line-height: 107%;font-family: 'Century',serif\" lang=\"ES-TRAD\">\u00a0<\/span><\/span><\/p>\n<p class=\"MsoNormal\" style=\"text-align: justify\"><span class=\"msonormal0\"><span style=\"font-size: 11.0pt;line-height: 107%;font-family: 'Century',serif\" lang=\"ES-TRAD\">\u00a0<\/span><\/span><\/p>\n<p class=\"MsoNormal\" style=\"text-align: justify\"><span class=\"msonormal0\"><span style=\"font-size: 11.0pt;line-height: 107%;font-family: 'Century',serif\" lang=\"ES-TRAD\">\u00a0<\/span><\/span><\/p>\n<p class=\"MsoNormal\" style=\"text-align: justify\"><span class=\"msonormal0\"><span style=\"font-size: 11.0pt;line-height: 107%;font-family: 'Century',serif\" lang=\"ES-TRAD\">\u00a0<\/span><\/span><\/p>\n<p class=\"MsoNormal\" style=\"text-align: justify\"><span class=\"msonormal0\"><span style=\"font-size: 11.0pt;line-height: 107%;font-family: 'Century',serif\" lang=\"ES-TRAD\">\u00a0<\/span><\/span><\/p>\n<p class=\"MsoNormal\" style=\"text-align: justify\"><span class=\"msonormal0\"><span style=\"font-size: 11.0pt;line-height: 107%;font-family: 'Century',serif\" lang=\"ES-TRAD\">\u00a0<\/span><\/span><\/p>\n<div align=\"center\">\n<table class=\"MsoNormalTable\" style=\"width: 95.0%\" width=\"95%\" border=\"0\" cellpadding=\"0\">\n<tbody>\n<tr style=\"height: 71.25pt\">\n<td style=\"width: 78.0%;padding: .75pt .75pt .75pt .75pt;height: 71.25pt\" valign=\"top\" width=\"78%\">\n<p class=\"MsoNormal\" style=\"text-align: justify;text-indent: 28.05pt;line-height: normal\"><span>\u00a0<\/span><\/p>\n<\/td>\n<\/tr>\n<tr>\n<td style=\"padding: .75pt .75pt .75pt .75pt\" valign=\"top\">\n<p class=\"MsoNormal\" style=\"margin-bottom: .0001pt;text-align: justify;line-height: normal\"><span>\u00a0<\/span><\/p>\n<\/td>\n<\/tr>\n<tr>\n<td style=\"padding: .75pt .75pt .75pt .75pt\">\n<p class=\"MsoNormal\" style=\"margin-bottom: .0001pt;text-align: justify;line-height: normal\"><span>\u00a0<\/span><\/p>\n<\/td>\n<\/tr>\n<\/tbody>\n<\/table>\n<\/div>\n<p class=\"MsoNormal\" style=\"text-align: justify\"><span class=\"msonormal0\"><span style=\"font-size: 11.0pt;line-height: 107%;font-family: 'Century',serif\">\u00a0<\/span><\/span><\/p>\n<p class=\"MsoNormal\" style=\"text-align: justify\"><span class=\"msonormal0\"><span style=\"font-size: 11.0pt;line-height: 107%;font-family: 'Century',serif\" lang=\"ES-TRAD\">\u00a0<\/span><\/span><\/p>\n<p class=\"MsoNormal\" style=\"text-align: justify\"><span class=\"msonormal0\"><span style=\"font-size: 11.0pt;line-height: 107%;font-family: 'Century',serif\" lang=\"ES-TRAD\">\u00a0<\/span><\/span><\/p>\n<p class=\"MsoNormal\" style=\"text-align: justify\"><span lang=\"ES-TRAD\">\u00a0<\/span><\/p>\n<div align=\"center\">\n<table class=\"MsoNormalTable\" style=\"width: 95.0%\" width=\"95%\" border=\"0\" cellpadding=\"0\">\n<tbody>\n<tr>\n<td style=\"width: 71.0%;padding: .75pt .75pt .75pt .75pt\" width=\"71%\">\n<p class=\"MsoNormal\" style=\"margin-bottom: .0001pt;text-align: justify;line-height: normal\"><span>\u00a0<\/span><\/p>\n<\/td>\n<\/tr>\n<tr>\n<td style=\"padding: .75pt .75pt .75pt .75pt\">\n<p class=\"MsoNormal\" style=\"margin-bottom: .0001pt;text-align: justify;line-height: normal\"><span>\u00a0<\/span><\/p>\n<\/td>\n<\/tr>\n<\/tbody>\n<\/table>\n<\/div>\n<p class=\"MsoNormal\" style=\"text-align: justify\"><span>\u00a0<\/span><\/p>\n<p class=\"MsoNormal\" style=\"text-align: justify\"><span lang=\"ES-TRAD\">\u00a0<\/span><\/p>\n<p class=\"MsoNormal\" style=\"text-align: justify\"><span lang=\"ES-TRAD\">\u00a0<\/span><\/p>\n<p class=\"MsoNormal\" style=\"text-align: justify\"><span lang=\"ES-TRAD\">\u00a0<\/span><\/p>\n<p class=\"MsoNormal\" style=\"text-align: justify\"><span lang=\"ES-TRAD\">\u00a0<\/span><\/p>\n<p class=\"MsoNormal\" style=\"text-align: justify\"><span lang=\"ES-TRAD\">\u00a0<\/span><\/p>\n<p class=\"MsoNormal\" style=\"text-align: justify\"><span lang=\"ES-TRAD\">\u00a0<\/span><\/p>\n<div align=\"center\">\n<table class=\"MsoNormalTable\" style=\"width: 27.78%\" width=\"27%\" border=\"0\" cellpadding=\"0\">\n<tbody>\n<tr style=\"height: 13.8pt\">\n<td style=\"width: 97.5%;padding: .75pt .75pt .75pt .75pt;height: 13.8pt\" rowspan=\"2\" width=\"97%\">\n<p class=\"MsoNormal\" style=\"margin-bottom: .0001pt;text-align: justify;line-height: normal\"><span>\u00a0<\/span><\/p>\n<\/td>\n<td style=\"height: 13.8pt;border: none\" width=\"0\" height=\"18\"><\/td>\n<\/tr>\n<tr style=\"height: 13.8pt\">\n<td style=\"height: 13.8pt;border: none\" width=\"0\" height=\"18\"><\/td>\n<\/tr>\n<\/tbody>\n<\/table>\n<\/div>\n<p class=\"MsoNormal\" style=\"margin-bottom: .0001pt;text-align: justify;line-height: normal\"><span>\u00a0<\/span><\/p>\n<div align=\"center\">\n<table class=\"MsoNormalTable\" style=\"width: 95.0%\" width=\"95%\" border=\"0\" cellpadding=\"0\">\n<tbody>\n<tr style=\"height: 71.25pt\">\n<td style=\"width: 22.0%;padding: .75pt .75pt .75pt .75pt;height: 71.25pt\" rowspan=\"3\" width=\"22%\"><\/td>\n<td style=\"width: 78.0%;padding: .75pt .75pt .75pt .75pt;height: 71.25pt\" valign=\"top\" width=\"78%\">\n<p class=\"MsoNormal\" style=\"margin-left: 6.15pt;text-align: justify;text-indent: 28.05pt;line-height: normal\"><span style=\"font-size: 11.0pt;font-family: 'Century',serif\">En 1999 el CSIC retom\u00f3 la edici\u00f3n de <a href=\"http:\/\/www.hoffmeyer.iam.csic.es\/Gladindex.htm\"><span style=\"color: windowtext\">Gladius<\/span><\/a>, continuando con la labor iniciada por los Hoffmeyer. Gladius, con una periodicidad anual, es la \u00fanica revista espa\u00f1ola dedicada al estudio de la guerra y el armamento desde el mundo antiguo; arte militar, Polemolog\u00eda y vida cultural en Oriente y Occidente. La revista da prioridad a los siguientes temas: Armamento desde la Prehistoria hasta el siglo XIX, Polemolog\u00eda, Historia de la guerra en Europa, el mundo colonial americano, y el Islam, incluyendo tambi\u00e9n una secci\u00f3n especial para la discusi\u00f3n cient\u00edfica y de recensiones. En 2002 la publicaci\u00f3n se vio enriquecida con la aparici\u00f3n de la serie <a href=\"http:\/\/www.hoffmeyer.iam.csic.es\/anejosglad.htm\"><span style=\"color: windowtext\">Anejos de Gladius<\/span><\/a>. Recientemente, los <a href=\"http:\/\/gladius.revistas.csic.es\/index.php\/gladius\/issue\/archive\"><span style=\"color: windowtext\">contenidos hist\u00f3ricos de <span>Gladius<\/span><\/span><\/a> han sido puestos a disposici\u00f3n del p\u00fablico a trav\u00e9s de la <a href=\"http:\/\/revistas.csic.es\/\"><span style=\"color: windowtext\">web de revistas del CSIC<\/span><\/a>.<\/span><\/p>\n<\/td>\n<\/tr>\n<tr>\n<td style=\"padding: .75pt .75pt .75pt .75pt\" valign=\"top\">\n<p class=\"MsoNormal\" style=\"margin-top: 0cm;margin-right: 0cm;margin-bottom: .0001pt;margin-left: 6.15pt;text-align: justify;line-height: normal\"><span style=\"font-size: 11.0pt;font-family: 'Century',serif\">El Instituto Hist\u00f3rico Hoffmeyer posee una magn\u00edfica <a href=\"http:\/\/www.hoffmeyer.iam.csic.es\/biblio.htm\"><span style=\"color: windowtext\">biblioteca<\/span><\/a>, especializada en armamento antiguo, con un buen n\u00famero de monograf\u00edas y revistas cient\u00edficas sobre la materia. Cuenta igualmente con una <a href=\"http:\/\/www.hoffmeyer.iam.csic.es\/fotoarch.htm\"><span style=\"color: windowtext\">fototeca de investigaci\u00f3n<\/span><\/a> y un extenso archivo documental que todav\u00eda se encuentran en fase de estudio. Se trata de un moderno centro dotado con equipos inform\u00e1ticos, que permiten la <a href=\"http:\/\/aleph.csic.es\/F?func=file&#038;file_name=find-b\"><span style=\"color: windowtext\">consulta en red de los fondos bibliogr\u00e1ficos<\/span><\/a> a trav\u00e9s de la <a href=\"http:\/\/www.csic.es\/cbic\/cbic.html\"><span style=\"color: windowtext\">Red de Bibliotecas del CSIC<\/span><\/a> una sala de lectura y un sal\u00f3n de Actos en los que se realizan seminarios de diversos temas. El Instituto cuenta tambi\u00e9n con un apartamento situado dentro de sus instalaciones, que facilita la estancia en la localidad al investigador (<a href=\"http:\/\/www.hoffmeyer.iam.csic.es\/otrasinst.htm\"><span style=\"color: windowtext\">ver salas de reuni\u00f3n y residencia<\/span><\/a>). <\/span><\/p>\n<\/td>\n<\/tr>\n<tr>\n<td style=\"padding: .75pt .75pt .75pt .75pt\">\n<p class=\"MsoNormal\" style=\"margin-top: 0cm;margin-right: 0cm;margin-bottom: .0001pt;margin-left: 6.15pt;text-align: justify;line-height: normal\"><span style=\"font-size: 11.0pt;font-family: 'Century',serif\">La <a href=\"http:\/\/www.hoffmeyer.iam.csic.es\/biblio.htm\"><span style=\"color: windowtext\">biblioteca <\/span><\/a>del Instituto Hist\u00f3rico Hoffmeyer est\u00e1 abierta, en horarios de 10 a 13 y 17 a 20 h., a cuantos investigadores deseen consultar sus fondos. Para ello, o para consultar las condiciones de uso de las instalaciones del centro, pueden dirigirse por escrito a la Direcci\u00f3n del <a href=\"http:\/\/www.iam.csic.es\/\"><span style=\"color: windowtext\">Instituto de Arqueolog\u00eda de M\u00e9rida<\/span><\/a> (Plaza de Espa\u00f1a 15. 06800. M\u00e9rida, Badajoz), o a la sede del Instituto Hist\u00f3rico Hoffmeyer en Jara\u00edz de la Vera. <\/span><\/p>\n<\/td>\n<\/tr>\n<\/tbody>\n<\/table>\n<\/div>\n<p class=\"MsoNormal\" style=\"margin-bottom: .0001pt;text-align: justify;line-height: normal\"><span>\u00a0<\/span><\/p>\n<div align=\"center\">\n<table class=\"MsoNormalTable\" style=\"width: 95.0%\" width=\"95%\" border=\"0\" cellpadding=\"0\">\n<tbody>\n<tr>\n<td style=\"padding: .75pt .75pt .75pt .75pt\" colspan=\"3\"><\/td>\n<td style=\"width: 31.0%;padding: .75pt .75pt .75pt .75pt\" rowspan=\"2\" width=\"31%\"><\/td>\n<\/tr>\n<tr>\n<td style=\"padding: .75pt .75pt .75pt .75pt\"><\/td>\n<td style=\"padding: .75pt .75pt .75pt .75pt\"><\/td>\n<td style=\"padding: .75pt .75pt .75pt .75pt\"><\/td>\n<\/tr>\n<tr>\n<td style=\"border: none\" width=\"155\"><\/td>\n<td style=\"border: none\" width=\"154\"><\/td>\n<td style=\"border: none\" width=\"154\"><\/td>\n<td style=\"border: none\" width=\"208\"><\/td>\n<\/tr>\n<\/tbody>\n<\/table>\n<\/div>\n<p class=\"MsoNormal\" style=\"text-align: justify\"><span>\u00a0<\/span><\/p>\n<p>&nbsp;<\/p>\n<p>Normal<br \/>\n0<\/p>\n<p>21<\/p>\n<p>false<br \/>\nfalse<br \/>\nfalse<\/p>\n<p>ES<br \/>\nX-NONE<br \/>\nX-NONE<\/p>\n<p>&nbsp;<\/p>\n<p>&nbsp;<\/p>\n<p>\/* Style Definitions *\/<br \/>\ntable.MsoNormalTable<br \/>\n{mso-style-name:&#8221;Tabla normal&#8221;;<br \/>\nmso-tstyle-rowband-size:0;<br \/>\nmso-tstyle-colband-size:0;<br \/>\nmso-style-noshow:yes;<br \/>\nmso-style-priority:99;<br \/>\nmso-style-parent:&#8221;&#8221;;<br \/>\nmso-padding-alt:0cm 5.4pt 0cm 5.4pt;<br \/>\nmso-para-margin-top:0cm;<br \/>\nmso-para-margin-right:0cm;<br \/>\nmso-para-margin-bottom:8.0pt;<br \/>\nmso-para-margin-left:0cm;<br \/>\nline-height:107%;<br \/>\nmso-pagination:widow-orphan;<br \/>\nfont-size:12.0pt;<br \/>\nfont-family:&#8221;Times New Roman&#8221;,serif;<br \/>\nmso-fareast-language:EN-US;}<\/p>\n<!-- AddThis Advanced Settings generic via filter on the_content --><!-- AddThis Share Buttons generic via filter on the_content -->","protected":false},"excerpt":{"rendered":"<p>&nbsp; La semana pasada saltaron las alarmas. El \u00a0Instituto Hist\u00f3rico Hoffmeyer (IHH) se est\u00e1 desmantelando de la localidad de Jara\u00edz de la Vera (C\u00e1ceres). Ha sido un centro de Investigaci\u00f3n de primera l\u00ednea perteneciente al Consejo Superior de Investigaciones Cient\u00edficas (CSIC), dependiente del Instituto de Arqueolog\u00eda de M\u00e9rida. El centro, vinculado hasta fecha reciente al [&hellip;]<!-- AddThis Advanced Settings generic via filter on get_the_excerpt --><!-- AddThis Share Buttons generic via filter on get_the_excerpt --><\/p>\n","protected":false},"author":77,"featured_media":0,"comment_status":"open","ping_status":"closed","sticky":false,"template":"","format":"standard","meta":[],"categories":[6],"tags":[],"_links":{"self":[{"href":"https:\/\/blogs.hoy.es\/guirisporextremadura\/wp-json\/wp\/v2\/posts\/682"}],"collection":[{"href":"https:\/\/blogs.hoy.es\/guirisporextremadura\/wp-json\/wp\/v2\/posts"}],"about":[{"href":"https:\/\/blogs.hoy.es\/guirisporextremadura\/wp-json\/wp\/v2\/types\/post"}],"author":[{"embeddable":true,"href":"https:\/\/blogs.hoy.es\/guirisporextremadura\/wp-json\/wp\/v2\/users\/77"}],"replies":[{"embeddable":true,"href":"https:\/\/blogs.hoy.es\/guirisporextremadura\/wp-json\/wp\/v2\/comments?post=682"}],"version-history":[{"count":0,"href":"https:\/\/blogs.hoy.es\/guirisporextremadura\/wp-json\/wp\/v2\/posts\/682\/revisions"}],"wp:attachment":[{"href":"https:\/\/blogs.hoy.es\/guirisporextremadura\/wp-json\/wp\/v2\/media?parent=682"}],"wp:term":[{"taxonomy":"category","embeddable":true,"href":"https:\/\/blogs.hoy.es\/guirisporextremadura\/wp-json\/wp\/v2\/categories?post=682"},{"taxonomy":"post_tag","embeddable":true,"href":"https:\/\/blogs.hoy.es\/guirisporextremadura\/wp-json\/wp\/v2\/tags?post=682"}],"curies":[{"name":"wp","href":"https:\/\/api.w.org\/{rel}","templated":true}]}}