{"id":694,"date":"2015-12-10T10:25:42","date_gmt":"2015-12-10T09:25:42","guid":{"rendered":"http:\/\/blogs.hoy.es\/guirisporextremadura\/?p=694"},"modified":"2015-12-10T10:25:42","modified_gmt":"2015-12-10T09:25:42","slug":"adriano-de-utrecht-y-la-intriga-de-madrigalejo","status":"publish","type":"post","link":"https:\/\/blogs.hoy.es\/guirisporextremadura\/2015\/12\/10\/adriano-de-utrecht-y-la-intriga-de-madrigalejo\/","title":{"rendered":"Adriano de Utrecht y la intriga de Madrigalejo"},"content":{"rendered":"<p>&nbsp;<\/p>\n<div id=\"attachment_695\" style=\"width: 247px\" class=\"wp-caption aligncenter\"><a href=\"\/guirisporextremadura\/wp-content\/uploads\/sites\/70\/2015\/12\/245px-Hadrian_VI.jpg\"><img aria-describedby=\"caption-attachment-695\" loading=\"lazy\" class=\"size-medium wp-image-695\" src=\"\/guirisporextremadura\/wp-content\/uploads\/sites\/70\/2015\/12\/245px-Hadrian_VI.jpg\" alt=\"Adriano de Utrecht\" width=\"237\" height=\"300\" srcset=\"https:\/\/static-blogs.hoy.es\/wp-content\/uploads\/sites\/70\/2015\/12\/245px-Hadrian_VI.jpg 245w, https:\/\/static-blogs.hoy.es\/wp-content\/uploads\/sites\/70\/2015\/12\/245px-Hadrian_VI-237x300.jpg 237w\" sizes=\"(max-width: 237px) 100vw, 237px\" \/><\/a><p id=\"caption-attachment-695\" class=\"wp-caption-text\">Adriano de Utrecht<\/p><\/div>\n<p>El pr\u00f3ximo 23 de enero de 2016 se habr\u00e1n cumplido los 500 a\u00f1os del fallecimiento en Madrigalejo (C\u00e1ceres) de Fernando el Cat\u00f3lico, (Fernando II de Arag\u00f3n) que muri\u00f3 en esta localidad en 1.516 en circunstancias tan especiales que sin duda habr\u00e1n (habr\u00edan) cambiado el rumbo de la historia de Espa\u00f1a. Y un guiri, Adriano de Utrecht, andaba de por medio.<\/p>\n<p>Entre los dos nietos de Fernando el Cat\u00f3lico, llamados Carlos y Fernando, hijos de Felipe el Hermoso y Juana la Loca, por un testamento hecho en Burgos, hab\u00eda elegido como sucesor de sus coronas a Fernando, nacido y criado en Espa\u00f1a. Pues bien. Aqu\u00ed, en Madrigalejo, estando para morir, seguramente aquejado de alguna intoxicaci\u00f3n producida por alg\u00fan bebedizo usado para intentar acrecentar su virilidad, el monarca anula aquel testamento y hace redactar otro, en el cual designa heredero a Carlos, futuro Carlos I de Espa\u00f1a y V de Alemania, nacido en Gante.<\/p>\n<div id=\"attachment_696\" style=\"width: 310px\" class=\"wp-caption aligncenter\"><a href=\"\/guirisporextremadura\/wp-content\/uploads\/sites\/70\/2015\/12\/catolico-fernando.jpg\"><img aria-describedby=\"caption-attachment-696\" loading=\"lazy\" class=\"size-medium wp-image-696\" src=\"\/guirisporextremadura\/wp-content\/uploads\/sites\/70\/2015\/12\/catolico-fernando.jpg\" alt=\"Fernando el Cat\u00f3lico\" width=\"300\" height=\"195\" \/><\/a><p id=\"caption-attachment-696\" class=\"wp-caption-text\">Fernando el Cat\u00f3lico<\/p><\/div>\n<p>&nbsp;<\/p>\n<p>\u00bfC\u00f3mo se produce el trascendental cambio?<\/p>\n<p>La Cr\u00f3nica de los Reyes Cat\u00f3licos, de Alonso de Santa Cruz, da muy interesantes datos sobre este asunto. Nos limitaremos a exponerlos. No sin recordar a Maquiavelo\u2026, como dice Julio de Alemparte.<\/p>\n<p>Por de pronto, llega a Madrigalejo, como embajador del pr\u00edncipe Carlos, Adriano de Utrecht, nuestra figura de hoy, quien por entonces era de\u00e1n de Lovaina. (Despu\u00e9s, como es sabido, ser\u00eda regente de Espa\u00f1a y, m\u00e1s tarde papa, como agradecimiento del futuro emperador a los servicios prestados precisamente en Madrigalejo).<\/p>\n<p>Y cuenta la Cr\u00f3nica: \u201cY como le hicieron saber al Rey Cat\u00f3lico que el de\u00e1n de Lovaina era all\u00ed venido, y que le quer\u00eda ver, sospech\u00f3 mal de aquella venida; y con enojo que ubo dixo:<\/p>\n<p>\u201c-No viene sino a ver si muero. Decidle que se vaya, que no puede verme.\u201d<\/p>\n<div id=\"attachment_697\" style=\"width: 310px\" class=\"wp-caption alignleft\"><a href=\"\/guirisporextremadura\/wp-content\/uploads\/sites\/70\/2015\/12\/A_RESTOS_CASA_STA_MARIA_01.jpg\"><img aria-describedby=\"caption-attachment-697\" loading=\"lazy\" class=\"size-medium wp-image-697\" src=\"\/guirisporextremadura\/wp-content\/uploads\/sites\/70\/2015\/12\/A_RESTOS_CASA_STA_MARIA_01.jpg\" alt=\"Casa de Madrigalejo\" width=\"300\" height=\"199\" srcset=\"https:\/\/static-blogs.hoy.es\/wp-content\/uploads\/sites\/70\/2015\/12\/A_RESTOS_CASA_STA_MARIA_01.jpg 1280w, https:\/\/static-blogs.hoy.es\/wp-content\/uploads\/sites\/70\/2015\/12\/A_RESTOS_CASA_STA_MARIA_01-300x200.jpg 300w, https:\/\/static-blogs.hoy.es\/wp-content\/uploads\/sites\/70\/2015\/12\/A_RESTOS_CASA_STA_MARIA_01-768x512.jpg 768w, https:\/\/static-blogs.hoy.es\/wp-content\/uploads\/sites\/70\/2015\/12\/A_RESTOS_CASA_STA_MARIA_01-1024x682.jpg 1024w\" sizes=\"(max-width: 300px) 100vw, 300px\" \/><\/a><p id=\"caption-attachment-697\" class=\"wp-caption-text\">Casa de Madrigalejo<\/p><\/div>\n<p>&nbsp;<\/p>\n<p>&nbsp;<\/p>\n<p>&nbsp;<\/p>\n<p>&nbsp;<\/p>\n<p>&nbsp;<\/p>\n<p>&nbsp;<\/p>\n<p>&nbsp;<\/p>\n<div id=\"attachment_698\" style=\"width: 310px\" class=\"wp-caption alignleft\"><a href=\"\/guirisporextremadura\/wp-content\/uploads\/sites\/70\/2015\/12\/P7310493.jpg\"><img aria-describedby=\"caption-attachment-698\" loading=\"lazy\" class=\"size-medium wp-image-698\" src=\"\/guirisporextremadura\/wp-content\/uploads\/sites\/70\/2015\/12\/P7310493.jpg\" alt=\"L\u00e1pida conmemorativa en Madrigalejo\" width=\"300\" height=\"272\" srcset=\"https:\/\/static-blogs.hoy.es\/wp-content\/uploads\/sites\/70\/2015\/12\/P7310493.jpg 1466w, https:\/\/static-blogs.hoy.es\/wp-content\/uploads\/sites\/70\/2015\/12\/P7310493-300x273.jpg 300w, https:\/\/static-blogs.hoy.es\/wp-content\/uploads\/sites\/70\/2015\/12\/P7310493-768x699.jpg 768w, https:\/\/static-blogs.hoy.es\/wp-content\/uploads\/sites\/70\/2015\/12\/P7310493-1024x932.jpg 1024w\" sizes=\"(max-width: 300px) 100vw, 300px\" \/><\/a><p id=\"caption-attachment-698\" class=\"wp-caption-text\">L\u00e1pida conmemorativa en Madrigalejo<\/p><\/div>\n<p>&nbsp;<\/p>\n<p>&nbsp;<\/p>\n<p>&nbsp;<\/p>\n<p>&nbsp;<\/p>\n<p>&nbsp;<\/p>\n<p>&nbsp;<\/p>\n<p>&nbsp;<\/p>\n<p>&nbsp;<\/p>\n<p>&nbsp;<\/p>\n<p>&nbsp;<\/p>\n<p>\u201cY as\u00ed el dicho de\u00e1n se fue por entonces muy confuso, aunque despu\u00e9s Su Alte\u00e7a le hico tornar a llamar, por consejo e intercesi\u00f3n de algunas personas que all\u00ed estaban. Al qual habl\u00f3 dulcemente, y encarg\u00f3 que se fuese adelante a Guadalupe y le esperase all\u00ed\u2026\u201d<\/p>\n<p>En seguida, como el rey se agravara extraordinariamente, se confiesa y comulga, y manda despu\u00e9s que se acerquen sus consejeros, a los cuales, en gran secreto, les pide que le den su parecer acerca del gobierno de los reinos de Castilla y Arag\u00f3n. \u201cLo cual en el testamento que av\u00eda hecho en Burgos le av\u00eda encomendado al infante don Fernando, su nieto, que \u00e9l av\u00eda criado a la manera y costumbres de Espa\u00f1a. Porque cre\u00eda que el pr\u00edncipe don Carlos, su nieto, no vern\u00eda ni estar\u00eda de asiento en estos reynos, para los regir y gobernar como era menester. Por do la gobernaci\u00f3n dellos estar\u00eda siempre en personas (no) naturales, que nirar\u00edan antes su propio interese que no el del Pr\u00edncipe, ni bien com\u00fan de los reinos\u201d.<\/p>\n<p>Los consejeros, que eran tres, le expresan que deb\u00eda dejar por gobernador de Castilla y Le\u00f3n \u201cal que de derecho le pertenec\u00eda la sucesi\u00f3n de ellos, que hera al pr\u00edncipe don Carlos\u201d, el primog\u00e9nito.<\/p>\n<p>\u201cOydas estas ra\u00e7ones, y otras que le fueron dichas, el Rey Cat\u00f3lico, casi llorando, dixo que le parec\u00eda bien, y que ordenasen la cl\u00e1usula desto. Y pareci\u00f3 que lo que ten\u00eda ordenado en Burgos primeo se deb\u00eda del todo romper, que nunca pareciese; y escribir de nuevo todo el testamento porque no quedasen vestigios d\u00e9l, ni se enjendrase alg\u00fan mal concepto.<\/p>\n<p>\u201cPor esto fue muy secreto, que nunca lo supo el infante don Fernando, que estava en Guadalupe, ni Gon\u00e7alvo de Guzm\u00e1n, clavero de Calatrava, su ayo, ni fray Alvaro Osorio, obispo de Astorga, su maestro, que estaban con \u00e9l\u201d.<\/p>\n<p>Se hizo, pues, de nuevo, el testamento, \u201cporque no pareciese rastro de lo que primero se av\u00eda otorgado en Burgos. Y con muchas dificultad se puedo hacer, porque el mal del Rey se agravaba, y la escritura hera mucha\u201d<\/p>\n<p>El estado del monarca era tan grave, que en carta, escrita al pr\u00edncipe Carlos, el mismo d\u00eda, le expresaba: \u201cHa placido a Nuestro Se\u00f1or de ponernos en tales t\u00e9rminos que avemos de proveher m\u00e1s como hombre muerto que vivo\u201d.<\/p>\n<p>Y, en efecto, apenas pasado el d\u00eda 22 de enero de 1516, en el cual se cambi\u00f3 el testamento y se redact\u00f3 esa carta, \u201ca media noche, entre una y dos, entrante el mi\u00e9rcoles\u2026pas\u00f3 desta presente vida. Falleci\u00f3 en \u00e1bito de Santo Domingo, muy deshecho de las carnes que ten\u00eda, por le aver sobrevenido c\u00e1maras, que no s\u00f3lo le quitaron la hincha\u00e7\u00f3n de la hidropes\u00eda pero le deshicieron y dessemejaron de tal manera que no parec\u00eda el que sol\u00eda ser\u2026\u201d<\/p>\n<p>V\u00e9ase, pues, cu\u00e1nta trascendencia en los destinos de Espa\u00f1a tuvo Madrigalejo, en esas \u00faltimas horas de la vida del rey Fernando. Y cu\u00e1n certeramente prof\u00e9tico fue el juicio sobre don Carlos\u2026<\/p>\n<p>Y no olvidemos que el monarca estaba obrando \u201cm\u00e1s como hombre muerto que vivo\u2026\u201d<\/p>\n<div id=\"attachment_699\" style=\"width: 100px\" class=\"wp-caption aligncenter\"><a href=\"\/guirisporextremadura\/wp-content\/uploads\/sites\/70\/2015\/12\/90px-Geboortehuis_van_Paus_Adriaan.jpg\"><img aria-describedby=\"caption-attachment-699\" loading=\"lazy\" class=\"size-full wp-image-699\" src=\"\/guirisporextremadura\/wp-content\/uploads\/sites\/70\/2015\/12\/90px-Geboortehuis_van_Paus_Adriaan.jpg\" alt=\"Casa natal en Utrecht de Adriano VI\" width=\"90\" height=\"120\" \/><\/a><p id=\"caption-attachment-699\" class=\"wp-caption-text\">Casa natal en Utrecht de Adriano VI<\/p><\/div>\n<p>Una vez cumplido el encargo y apoyo a su protegido, Adriano de Utrecht goz\u00f3 siempre de la confianza del joven emperador hasta la culminaci\u00f3n de su carrera eclesi\u00e1stica, habiendo tambien sido regente de Espa\u00f1a en 1520, fecha en la que se proclama la revuelta de los Comuneros de Castilla. Tambi\u00e9n en el aspecto eclesi\u00e1stico fue nombrado sucesivamente: Obispo de Tortosa (1516-1522),\u00a0Inquisidor general de Arag\u00f3n (1516)<strong>,<\/strong> Cardenal presb\u00edtero de San Juan y San Pablo (<strong><em><\/em><\/strong>1517-1522), Inquisidor General de Castilla (1518-1523) y finalmente Papa, con el nombre de Adriano VI entre 1522-1523, resultando ser el \u00faltimo Papa no italiano hasta casi 500 a\u00f1os despu\u00e9s en que fue nombrado Juan Pablo II.<\/p>\n<div id=\"attachment_700\" style=\"width: 210px\" class=\"wp-caption aligncenter\"><a href=\"\/guirisporextremadura\/wp-content\/uploads\/sites\/70\/2015\/12\/200px-SantaMariaAnima-TombaAdrianoVI01-SteO153.jpg\"><img aria-describedby=\"caption-attachment-700\" loading=\"lazy\" class=\"size-full wp-image-700\" src=\"\/guirisporextremadura\/wp-content\/uploads\/sites\/70\/2015\/12\/200px-SantaMariaAnima-TombaAdrianoVI01-SteO153.jpg\" alt=\"Sepulcro de Adriano VI\" width=\"200\" height=\"267\" \/><\/a><p id=\"caption-attachment-700\" class=\"wp-caption-text\">Sepulcro de Adriano VI<\/p><\/div>\n<p><a href=\"\/guirisporextremadura\/wp-content\/uploads\/sites\/70\/2015\/12\/C_O_A_hadriano_vi.jpg\"><img loading=\"lazy\" class=\"aligncenter size-medium wp-image-701\" src=\"\/guirisporextremadura\/wp-content\/uploads\/sites\/70\/2015\/12\/C_O_A_hadriano_vi.jpg\" alt=\"\" width=\"229\" height=\"300\" srcset=\"https:\/\/static-blogs.hoy.es\/wp-content\/uploads\/sites\/70\/2015\/12\/C_O_A_hadriano_vi.jpg 246w, https:\/\/static-blogs.hoy.es\/wp-content\/uploads\/sites\/70\/2015\/12\/C_O_A_hadriano_vi-230x300.jpg 230w\" sizes=\"(max-width: 229px) 100vw, 229px\" \/><\/a><\/p>\n<p>&nbsp;<\/p>\n<p>&nbsp;<\/p>\n<p>Escudo de Adriano VI<\/p>\n<p>&nbsp;<\/p>\n<p>&nbsp;<\/p>\n<p>&nbsp;<\/p>\n<p>&nbsp;<\/p>\n<p>&nbsp;<\/p>\n<p>&nbsp;<\/p>\n<p><a href=\"\/guirisporextremadura\/wp-content\/uploads\/sites\/70\/2015\/12\/Deruta_piatto_con_stemma_papa_adriano_VI_1522-23.jpg\"><img loading=\"lazy\" class=\"aligncenter size-medium wp-image-702\" src=\"\/guirisporextremadura\/wp-content\/uploads\/sites\/70\/2015\/12\/Deruta_piatto_con_stemma_papa_adriano_VI_1522-23.jpg\" alt=\"\" width=\"300\" height=\"291\" srcset=\"https:\/\/static-blogs.hoy.es\/wp-content\/uploads\/sites\/70\/2015\/12\/Deruta_piatto_con_stemma_papa_adriano_VI_1522-23.jpg 800w, https:\/\/static-blogs.hoy.es\/wp-content\/uploads\/sites\/70\/2015\/12\/Deruta_piatto_con_stemma_papa_adriano_VI_1522-23-300x292.jpg 300w, https:\/\/static-blogs.hoy.es\/wp-content\/uploads\/sites\/70\/2015\/12\/Deruta_piatto_con_stemma_papa_adriano_VI_1522-23-768x747.jpg 768w\" sizes=\"(max-width: 300px) 100vw, 300px\" \/><\/a><\/p>\n<p>&nbsp;<\/p>\n<p>&nbsp;<\/p>\n<p>&nbsp;<\/p>\n<p>Plato con escudo de armas del Papa Adriano VI<\/p>\n<table class=\"wikitable\" width=\"38\" border=\"1\" cellspacing=\"0\" cellpadding=\"5\">\n<tbody>\n<tr style=\"text-align: center\">\n<td width=\"40%\"><\/td>\n<td width=\"30%\"><\/td>\n<\/tr>\n<tr style=\"text-align: center\">\n<td width=\"30%\"><\/td>\n<td width=\"40%\"><\/td>\n<td width=\"30%\"><\/td>\n<\/tr>\n<\/tbody>\n<\/table>\n<!-- AddThis Advanced Settings generic via filter on the_content --><!-- AddThis Share Buttons generic via filter on the_content -->","protected":false},"excerpt":{"rendered":"<p>&nbsp; El pr\u00f3ximo 23 de enero de 2016 se habr\u00e1n cumplido los 500 a\u00f1os del fallecimiento en Madrigalejo (C\u00e1ceres) de Fernando el Cat\u00f3lico, (Fernando II de Arag\u00f3n) que muri\u00f3 en esta localidad en 1.516 en circunstancias tan especiales que sin duda habr\u00e1n (habr\u00edan) cambiado el rumbo de la historia de Espa\u00f1a. Y un guiri, Adriano [&hellip;]<!-- AddThis Advanced Settings generic via filter on get_the_excerpt --><!-- AddThis Share Buttons generic via filter on get_the_excerpt --><\/p>\n","protected":false},"author":77,"featured_media":0,"comment_status":"open","ping_status":"closed","sticky":false,"template":"","format":"standard","meta":[],"categories":[3],"tags":[],"_links":{"self":[{"href":"https:\/\/blogs.hoy.es\/guirisporextremadura\/wp-json\/wp\/v2\/posts\/694"}],"collection":[{"href":"https:\/\/blogs.hoy.es\/guirisporextremadura\/wp-json\/wp\/v2\/posts"}],"about":[{"href":"https:\/\/blogs.hoy.es\/guirisporextremadura\/wp-json\/wp\/v2\/types\/post"}],"author":[{"embeddable":true,"href":"https:\/\/blogs.hoy.es\/guirisporextremadura\/wp-json\/wp\/v2\/users\/77"}],"replies":[{"embeddable":true,"href":"https:\/\/blogs.hoy.es\/guirisporextremadura\/wp-json\/wp\/v2\/comments?post=694"}],"version-history":[{"count":0,"href":"https:\/\/blogs.hoy.es\/guirisporextremadura\/wp-json\/wp\/v2\/posts\/694\/revisions"}],"wp:attachment":[{"href":"https:\/\/blogs.hoy.es\/guirisporextremadura\/wp-json\/wp\/v2\/media?parent=694"}],"wp:term":[{"taxonomy":"category","embeddable":true,"href":"https:\/\/blogs.hoy.es\/guirisporextremadura\/wp-json\/wp\/v2\/categories?post=694"},{"taxonomy":"post_tag","embeddable":true,"href":"https:\/\/blogs.hoy.es\/guirisporextremadura\/wp-json\/wp\/v2\/tags?post=694"}],"curies":[{"name":"wp","href":"https:\/\/api.w.org\/{rel}","templated":true}]}}