{"id":703,"date":"2016-02-16T10:22:41","date_gmt":"2016-02-16T09:22:41","guid":{"rendered":"http:\/\/blogs.hoy.es\/guirisporextremadura\/?p=703"},"modified":"2016-02-16T10:22:41","modified_gmt":"2016-02-16T09:22:41","slug":"la-biblia-del-oso-de-montemolin-a-basilea","status":"publish","type":"post","link":"https:\/\/blogs.hoy.es\/guirisporextremadura\/2016\/02\/16\/la-biblia-del-oso-de-montemolin-a-basilea\/","title":{"rendered":"La Biblia del Oso. De Montemol\u00edn a Basilea"},"content":{"rendered":"<p>&nbsp;<\/p>\n<div id=\"attachment_704\" style=\"width: 230px\" class=\"wp-caption aligncenter\"><a href=\"\/guirisporextremadura\/wp-content\/uploads\/sites\/70\/2016\/02\/Bilbia-oso.png\"><img aria-describedby=\"caption-attachment-704\" loading=\"lazy\" class=\"size-full wp-image-704\" src=\"\/guirisporextremadura\/wp-content\/uploads\/sites\/70\/2016\/02\/Bilbia-oso.png\" alt=\"Biblia del Oso\" width=\"220\" height=\"298\" \/><\/a><p id=\"caption-attachment-704\" class=\"wp-caption-text\">Biblia del Oso<\/p><\/div>\n<p>La decisi\u00f3n de los Reyes espa\u00f1oles de mantenerse fiel a los postulados y ortodoxia de Roma respecto a la fe cat\u00f3lica, no siempre ha sido uniforme para todos los espa\u00f1oles. Men\u00e9ndez Pelayo pasa revista en su Historia de los heterodoxos espa\u00f1oles a un buen pu\u00f1ado de egrejios (aquellos cuya etimolog\u00eda indica que se alejan de la manada) donde podemos leer entre otros a paisanos cuya vida u obra han tenido gran importancia no solamente en Espa\u00f1a sino que son verdaderos focos de conocimiento y gu\u00eda para el extranjero.<\/p>\n<p><span style=\"color: #000000\">Me refiero en concreto a Casiodoro de Reina, natural de Montemol\u00edn, seg\u00fan qued\u00f3 acreditado en el auto de Fe que a\u00fan en efigie tuvo lugar en Sevilla en torno a su persona. Hereje, pues, no prob\u00f3 la hoguera porque pudo o supo ponerse a salvo en la Europa de su tiempo. Casiodoro<strong> <\/strong>naci\u00f3 en Montemol\u00edn, (Badajoz), en torno a 1520 y muri\u00f3 en Fr\u00e1ncfort, <a title=\"Sacro Imperio Romano Germ\u00e1nico\" href=\"https:\/\/es.wikipedia.org\/wiki\/Sacro_Imperio_Romano_Germ%C3%A1nico\"><span style=\"color: #000000\">Sacro Imperio Romano Germ\u00e1nico<\/span><\/a>, <a title=\"15 de marzo\" href=\"https:\/\/es.wikipedia.org\/wiki\/15_de_marzo\"><span style=\"color: #000000\">15 de marzo<\/span><\/a> de <a title=\"1594\" href=\"https:\/\/es.wikipedia.org\/wiki\/1594\"><span style=\"color: #000000\">1594<\/span><\/a>) fue un religioso jer\u00f3nimo espa\u00f1ol converso al protestantismo, famoso por realizar la muy reconocida traducci\u00f3n castellana de la Biblia llamada la &#8220;Biblia del Oso&#8221;<em><\/em>, que fue la primera traducci\u00f3n de la Biblia completa al idioma castellano. Se llama as\u00ed por el emblema del oso comiendo miel, del impresor b\u00e1varo Mattias Apiarius, en cuyos talleres se imprimi\u00f3 en 1569.<\/span><span><span style=\"font-size: smaller\"><br \/>\n<\/span><\/span><\/p>\n<div id=\"attachment_705\" style=\"width: 285px\" class=\"wp-caption aligncenter\"><a href=\"\/guirisporextremadura\/wp-content\/uploads\/sites\/70\/2016\/02\/imagesCAVAU6E9.jpg\"><img aria-describedby=\"caption-attachment-705\" loading=\"lazy\" class=\"size-full wp-image-705\" src=\"\/guirisporextremadura\/wp-content\/uploads\/sites\/70\/2016\/02\/imagesCAVAU6E9.jpg\" alt=\"San Isidoro del Campo\" width=\"275\" height=\"183\" \/><\/a><p id=\"caption-attachment-705\" class=\"wp-caption-text\">San Isidoro del Campo<\/p><\/div>\n<p><span style=\"color: #000000\">Dado que Montemol\u00edn pertenec\u00eda en el siglo XVI a la demarcaci\u00f3n de Sevilla, Casiodoro de Reina ingres\u00f3 en el monasterio <a title=\"Orden de San Jer\u00f3nimo\" href=\"https:\/\/es.wikipedia.org\/wiki\/Orden_de_San_Jer%C3%B3nimo\"><span style=\"color: #000000\">jer\u00f3nimo<\/span><\/a> de <a title=\"Monasterio de San Isidoro del Campo\" href=\"https:\/\/es.wikipedia.org\/wiki\/Monasterio_de_San_Isidoro_del_Campo\"><span style=\"color: #000000\">San Isidoro del Campo<\/span><\/a> de <a title=\"Santiponce (Sevilla)\" href=\"https:\/\/es.wikipedia.org\/wiki\/Santiponce_(Sevilla)\"><span style=\"color: #000000\">Santiponce (Sevilla)<\/span><\/a> como monje. Este centro mon\u00e1stico se distingui\u00f3 en esa \u00e9poca por el contacto con el <a title=\"Luteranismo\" href=\"https:\/\/es.wikipedia.org\/wiki\/Luteranismo\"><span style=\"color: #000000\">luteranismo<\/span><\/a> y se convirtieron muchos monjes en partidario de la <a title=\"Reforma protestante\" href=\"https:\/\/es.wikipedia.org\/wiki\/Reforma_protestante\"><span style=\"color: #000000\">Reforma<\/span><\/a>. Casiodoro fue perseguido por la <a title=\"Inquisici\u00f3n\" href=\"https:\/\/es.wikipedia.org\/wiki\/Inquisici%C3%B3n\"><span style=\"color: #000000\">Inquisici\u00f3n<\/span><\/a>, en parte por la distribuci\u00f3n clandestina de la traducci\u00f3n del <a title=\"Nuevo Testamento\" href=\"https:\/\/es.wikipedia.org\/wiki\/Nuevo_Testamento\"><span style=\"color: #000000\">Nuevo Testamento<\/span><\/a> de <a title=\"Juan P\u00e9rez de Pineda\" href=\"https:\/\/es.wikipedia.org\/wiki\/Juan_P%C3%A9rez_de_Pineda\"><span style=\"color: #000000\">Juan P\u00e9rez de Pineda<\/span><\/a>. Desatada la represi\u00f3n, prefiri\u00f3 abandonar el monasterio y huir con sus amigos de confianza a <a title=\"Ginebra (ciudad)\" href=\"https:\/\/es.wikipedia.org\/wiki\/Ginebra_(ciudad)\"><span style=\"color: #000000\">Ginebra<\/span><\/a> en 1557 (entre ellos le acompa\u00f1\u00f3 <a title=\"Cipriano de Valera\" href=\"https:\/\/es.wikipedia.org\/wiki\/Cipriano_de_Valera\"><span style=\"color: #000000\">Cipriano de Valera<\/span><\/a>).<\/span><\/p>\n<div id=\"attachment_706\" style=\"width: 260px\" class=\"wp-caption aligncenter\"><a href=\"\/guirisporextremadura\/wp-content\/uploads\/sites\/70\/2016\/02\/casiodoro_de_reina.jpg\"><img aria-describedby=\"caption-attachment-706\" loading=\"lazy\" class=\"size-full wp-image-706\" src=\"\/guirisporextremadura\/wp-content\/uploads\/sites\/70\/2016\/02\/casiodoro_de_reina.jpg\" alt=\"Casiodoro de Reina\" width=\"250\" height=\"253\" \/><\/a><p id=\"caption-attachment-706\" class=\"wp-caption-text\">Casiodoro de Reina<\/p><\/div>\n<p><span style=\"color: #000000\">Sin embargo, lo que vio en Ginebra no fue de su agrado: en <a title=\"1553\" href=\"https:\/\/es.wikipedia.org\/wiki\/1553\"><span style=\"color: #000000\">1553<\/span><\/a> se hab\u00eda ejecutado a <a title=\"Miguel Servet\" href=\"https:\/\/es.wikipedia.org\/wiki\/Miguel_Servet\"><span style=\"color: #000000\">Miguel Servet<\/span><\/a> y el tratamiento dado a los disidentes era muy controvertido. Reina era opuesto a la ejecuci\u00f3n de <a title=\"Hereje\" href=\"https:\/\/es.wikipedia.org\/wiki\/Hereje\"><span style=\"color: #000000\">herejes<\/span><\/a> reales o supuestos, por considerarla una afrenta al testimonio de <a title=\"Jes\u00fas\" href=\"https:\/\/es.wikipedia.org\/wiki\/Jes%C3%BAs\"><span style=\"color: #000000\">Jes\u00fas<\/span><\/a>. Tradujo secretamente el libro de <a title=\"Sebasti\u00e1n Castellion\" href=\"https:\/\/es.wikipedia.org\/wiki\/Sebasti%C3%A1n_Castellion\"><span style=\"color: #000000\">Sebasti\u00e1n Castellion<\/span><\/a> &#8220;Sobre los herejes&#8221;, <em>De herectis an sint persequendi<\/em>, que condena las ejecuciones por razones de conciencia y documenta el rechazo original del <a title=\"Cristianismo\" href=\"https:\/\/es.wikipedia.org\/wiki\/Cristianismo\"><span style=\"color: #000000\">cristianismo<\/span><\/a> a semejante pr\u00e1ctica.<\/span><\/p>\n<p><span style=\"color: #000000\">Aunque Casiodoro de Reina fue firmemente <a title=\"Trinidad (religi\u00f3n)\" href=\"https:\/\/es.wikipedia.org\/wiki\/Trinidad_(religi%C3%B3n)\"><span style=\"color: #000000\">trinitario<\/span><\/a> y, por tanto, no compart\u00eda las creencias <a title=\"Unitarismo\" href=\"https:\/\/es.wikipedia.org\/wiki\/Unitarismo\"><span style=\"color: #000000\">unitarias<\/span><\/a>, a causa de las cuales fue quemado Servet, no pod\u00eda aceptar que se ejecutase a alguien por sus creencias. Entr\u00f3 en contradicci\u00f3n con <a title=\"Juan Calvino\" href=\"https:\/\/es.wikipedia.org\/wiki\/Juan_Calvino\"><span style=\"color: #000000\">Juan Calvino<\/span><\/a> y la rigidez imperante le hizo decir que &#8220;Ginebra se ha convertido en una nueva Roma&#8221;, por lo que decidi\u00f3 marcharse a <a title=\"Fr\u00e1ncfort del Meno\" href=\"https:\/\/es.wikipedia.org\/wiki\/Fr%C3%A1ncfort_del_Meno\"><span style=\"color: #000000\">Fr\u00e1ncfort<\/span><\/a>. Sostuvo, en contra de la opini\u00f3n dominante, que a los <a title=\"Anabaptista\" href=\"https:\/\/es.wikipedia.org\/wiki\/Anabaptista\"><span style=\"color: #000000\">anabaptistas<\/span><\/a> pacifistas se les deb\u00eda considerar &#8220;como hermanos&#8221;.<\/span><\/p>\n<div id=\"attachment_707\" style=\"width: 167px\" class=\"wp-caption aligncenter\"><a href=\"\/guirisporextremadura\/wp-content\/uploads\/sites\/70\/2016\/02\/untitled.png\"><img aria-describedby=\"caption-attachment-707\" loading=\"lazy\" class=\"size-medium wp-image-707\" src=\"\/guirisporextremadura\/wp-content\/uploads\/sites\/70\/2016\/02\/untitled.png\" alt=\"Primera p\u00e1gina de la Biblia del Oso\" width=\"157\" height=\"300\" srcset=\"https:\/\/static-blogs.hoy.es\/wp-content\/uploads\/sites\/70\/2016\/02\/untitled.png 400w, https:\/\/static-blogs.hoy.es\/wp-content\/uploads\/sites\/70\/2016\/02\/untitled-157x300.png 157w\" sizes=\"(max-width: 157px) 100vw, 157px\" \/><\/a><p id=\"caption-attachment-707\" class=\"wp-caption-text\">Primera p\u00e1gina de la Biblia del Oso<\/p><\/div>\n<p><span style=\"color: #000000\">Entre tanto, la <a title=\"Inquisici\u00f3n\" href=\"https:\/\/es.wikipedia.org\/wiki\/Inquisici%C3%B3n\"><span style=\"color: #000000\">Inquisici\u00f3n<\/span><\/a> cat\u00f3lica realiz\u00f3 en <a title=\"Sevilla\" href=\"https:\/\/es.wikipedia.org\/wiki\/Sevilla\"><span style=\"color: #000000\">Sevilla<\/span><\/a> en abril de <a title=\"1562\" href=\"https:\/\/es.wikipedia.org\/wiki\/1562\"><span style=\"color: #000000\">1562<\/span><\/a> un &#8220;Acto de fe&#8221; en el que fue quemada una imagen de Casiodoro de Reina. Sus obras fueron incluidas en el llamado &#8220;\u00cdndice de los Libros Prohibidos&#8221; (<em><a title=\"Index Librorum Prohibitorum\" href=\"https:\/\/es.wikipedia.org\/wiki\/Index_Librorum_Prohibitorum\"><span style=\"color: #000000\">Index Librorum Prohibitorum<\/span><\/a><\/em>) y fue declarado &#8220;heresiarca&#8221; (jefe de herejes).<\/span><\/p>\n<p><span style=\"color: #000000\">En <a title=\"Inglaterra\" href=\"https:\/\/es.wikipedia.org\/wiki\/Inglaterra\"><span style=\"color: #000000\">Inglaterra<\/span><\/a>, donde la reina <a title=\"Isabel I de Inglaterra\" href=\"https:\/\/es.wikipedia.org\/wiki\/Isabel_I_de_Inglaterra\"><span style=\"color: #000000\">Isabel I<\/span><\/a> le concedi\u00f3 permiso de predicar a los espa\u00f1oles perseguidos, fue ordenado en <a title=\"1562\" href=\"https:\/\/es.wikipedia.org\/wiki\/1562\"><span style=\"color: #000000\">1562<\/span><\/a> como <a title=\"Pastor\" href=\"https:\/\/es.wikipedia.org\/wiki\/Pastor\"><span style=\"color: #000000\">pastor<\/span><\/a> de la Iglesia de Inglaterra en el templo de Santa Mar\u00eda de Hargs, y all\u00ed empieza la traducci\u00f3n de la Biblia en lengua castellana, la primera que se hizo a esta lengua vulgar (pues en la <a title=\"Biblia Pol\u00edglota Complutense\" href=\"https:\/\/es.wikipedia.org\/wiki\/Biblia_Pol%C3%ADglota_Complutense\"><span style=\"color: #000000\">Biblia Pol\u00edglota<\/span><\/a>, impresa entre 1514 y 1517 en <a title=\"Alcal\u00e1 de Henares\" href=\"https:\/\/es.wikipedia.org\/wiki\/Alcal%C3%A1_de_Henares\"><span style=\"color: #000000\">Alcal\u00e1 de Henares<\/span><\/a>, solo aparec\u00eda el <a title=\"Lat\u00edn\" href=\"https:\/\/es.wikipedia.org\/wiki\/Lat%C3%ADn\"><span style=\"color: #000000\">lat\u00edn<\/span><\/a> m\u00e1s las lenguas originales &#8211;<a title=\"Griego antiguo\" href=\"https:\/\/es.wikipedia.org\/wiki\/Griego_antiguo\"><span style=\"color: #000000\">griego<\/span><\/a>, <a title=\"Idioma hebreo\" href=\"https:\/\/es.wikipedia.org\/wiki\/Idioma_hebreo\"><span style=\"color: #000000\">hebreo<\/span><\/a> y <a title=\"Idioma arameo\" href=\"https:\/\/es.wikipedia.org\/wiki\/Idioma_arameo\"><span style=\"color: #000000\">arameo<\/span><\/a>-). Calumniado, debi\u00f3 huir a <a title=\"Amberes\" href=\"https:\/\/es.wikipedia.org\/wiki\/Amberes\"><span style=\"color: #000000\">Amberes<\/span><\/a> en enero de <a title=\"1564\" href=\"https:\/\/es.wikipedia.org\/wiki\/1564\"><span style=\"color: #000000\">1564<\/span><\/a>, pasando enormes dificultades econ\u00f3micas para poder terminar la traducci\u00f3n de la Biblia.<\/span><\/p>\n<p><span style=\"color: #000000\">Escribi\u00f3 adem\u00e1s el primer gran libro contra la <a title=\"Inquisici\u00f3n\" href=\"https:\/\/es.wikipedia.org\/wiki\/Inquisici%C3%B3n\"><span style=\"color: #000000\">Inquisici\u00f3n<\/span><\/a>, titulado <em>Algunas artes de la Santa Inquisici\u00f3n espa\u00f1ola<\/em>, publicado en <a title=\"Heidelberg\" href=\"https:\/\/es.wikipedia.org\/wiki\/Heidelberg\"><span style=\"color: #000000\">Heidelberg<\/span><\/a> en <a title=\"1567\" href=\"https:\/\/es.wikipedia.org\/wiki\/1567\"><span style=\"color: #000000\">1567<\/span><\/a> bajo el seud\u00f3nimo de Reginaldus Gonsalvius Montanus. La obra se edit\u00f3 en lat\u00edn, pero fue traducida inmediatamente al ingl\u00e9s, holand\u00e9s, franc\u00e9s y alem\u00e1n.<\/span><\/p>\n<p><span style=\"color: #000000\">Su versi\u00f3n castellana de la <a title=\"Biblia\" href=\"https:\/\/es.wikipedia.org\/wiki\/Biblia\"><span style=\"color: #000000\">Biblia<\/span><\/a> fue conocida como <strong><em>La Biblia del Oso<\/em><\/strong>, por aparecer un dibujo con este animal en la portada y se public\u00f3 al fin en <a title=\"Basilea\" href=\"https:\/\/es.wikipedia.org\/wiki\/Basilea\"><span style=\"color: #000000\">Basilea<\/span><\/a>, en <a title=\"1569\" href=\"https:\/\/es.wikipedia.org\/wiki\/1569\"><span style=\"color: #000000\">1569<\/span><\/a>. L\u00edderes cristianos y el Concejo Municipal de esa ciudad hab\u00edan apoyado la obra con todas sus fuerzas, y como muestra de gratitud, Casiodoro de Reina dedic\u00f3 un ejemplar a la Biblioteca de la <a title=\"Universidad de Basilea\" href=\"https:\/\/es.wikipedia.org\/wiki\/Universidad_de_Basilea\"><span style=\"color: #000000\">Universidad de Basilea<\/span><\/a>, que a\u00fan se conserva. Se tiraron de esta primera edici\u00f3n 2.600 ejemplares, pero a pesar de los obst\u00e1culos que hab\u00eda para su venta, en <a title=\"1596\" href=\"https:\/\/es.wikipedia.org\/wiki\/1596\"><span style=\"color: #000000\">1596<\/span><\/a> ya se hab\u00eda agotado totalmente.<\/span><\/p>\n<p><span style=\"color: #000000\">Dicha obra fue la primera <a title=\"Biblia\" href=\"https:\/\/es.wikipedia.org\/wiki\/Biblia\"><span style=\"color: #000000\">Biblia<\/span><\/a> cristiana completa impresa en <a title=\"Idioma espa\u00f1ol\" href=\"https:\/\/es.wikipedia.org\/wiki\/Idioma_espa%C3%B1ol\"><span style=\"color: #000000\">idioma castellano<\/span><\/a>, lo que hoy es reconocido como su m\u00e1s valioso aporte. La Biblia de Cipriano de Valera, llamada Biblia del C\u00e1ntaro, publicada en <a title=\"1602\" href=\"https:\/\/es.wikipedia.org\/wiki\/1602\"><span style=\"color: #000000\">1602<\/span><\/a>, es en realidad una edici\u00f3n corregida de la traducci\u00f3n de Reina, tal como se reconoce en las versiones contempor\u00e1neas <a title=\"Reina-Valera\" href=\"https:\/\/es.wikipedia.org\/wiki\/Reina-Valera\"><span style=\"color: #000000\">Reina-Valera<\/span><\/a>, las cuales, sin embargo, suprimen los libros <a title=\"Deuterocan\u00f3nicos\" href=\"https:\/\/es.wikipedia.org\/wiki\/Deuterocan%C3%B3nicos\"><span style=\"color: #000000\">deuterocan\u00f3nicos<\/span><\/a> traducidos por Reina y colocados como ap\u00e9ndices en la edici\u00f3n de Valera, a la manera de la <a title=\"Biblia de Lutero\" href=\"https:\/\/es.wikipedia.org\/wiki\/Biblia_de_Lutero\"><span style=\"color: #000000\">Biblia de Lutero<\/span><\/a>.<\/span><\/p>\n<div id=\"attachment_711\" style=\"width: 211px\" class=\"wp-caption aligncenter\"><a href=\"\/guirisporextremadura\/wp-content\/uploads\/sites\/70\/2016\/02\/images.jpg\"><img aria-describedby=\"caption-attachment-711\" loading=\"lazy\" class=\"size-full wp-image-711\" src=\"\/guirisporextremadura\/wp-content\/uploads\/sites\/70\/2016\/02\/images.jpg\" alt=\"Biblia del C\u00e1ntaro\" width=\"201\" height=\"251\" \/><\/a><p id=\"caption-attachment-711\" class=\"wp-caption-text\">Biblia del C\u00e1ntaro<\/p><\/div>\n<p>&nbsp;<\/p>\n<p><span style=\"color: #000000\">Casiodoro de Reina vivi\u00f3 en <a title=\"Amberes\" href=\"https:\/\/es.wikipedia.org\/wiki\/Amberes\"><span style=\"color: #000000\">Amberes<\/span><\/a> hasta <a title=\"1585\" href=\"https:\/\/es.wikipedia.org\/wiki\/1585\"><span style=\"color: #000000\">1585<\/span><\/a>, a\u00f1o en que las tropas del rey espa\u00f1ol <a title=\"Felipe II de Espa\u00f1a\" href=\"https:\/\/es.wikipedia.org\/wiki\/Felipe_II_de_Espa%C3%B1a\"><span style=\"color: #000000\">Felipe II<\/span><\/a> se apoderaron de la ciudad, y retorn\u00f3 a Fr\u00e1ncfort, donde le hab\u00edan concedido la ciudadan\u00eda en <a title=\"1573\" href=\"https:\/\/es.wikipedia.org\/wiki\/1573\"><span style=\"color: #000000\">1573<\/span><\/a>. Se sostuvo ocho a\u00f1os con su trabajo en un comercio de sedas que estableci\u00f3. Teniendo ya m\u00e1s de 70 a\u00f1os, fue elegido pastor auxiliar en <a title=\"1593\" href=\"https:\/\/es.wikipedia.org\/wiki\/1593\"><span style=\"color: #000000\">1593<\/span><\/a>. Pudo ejercer su ministerio ocho meses, hasta que muri\u00f3 el 15 de marzo de <a title=\"1594\" href=\"https:\/\/es.wikipedia.org\/wiki\/1594\"><span style=\"color: #000000\">1594<\/span><\/a>. Entre sus obras, adem\u00e1s de la traducci\u00f3n de la Biblia y otras traducciones, son originales de Reina las siguientes:<\/span><\/p>\n<ul>\n<li><span style=\"color: #000000\">Confessi\u00f3n de Fe cristiana, hecha por ciertos fieles espa\u00f1oles, los cuales, huyendo los abusos de la Iglesia Romana y la crueldad de la Inquisici\u00f3n de Espa\u00f1a, dexaron su patria, para ser recibidos de la Iglesia de los fieles, por hermanos en Christ <a title=\"1559\" href=\"https:\/\/es.wikipedia.org\/wiki\/1559\"><span style=\"color: #000000\">1559<\/span><\/a><\/span><\/li>\n<li><span style=\"color: #000000\">Sanctae Inquisitionis Hispanicae artes aliquot detectae (Algunas artes de la Santa Inquisici\u00f3n espa\u00f1ola) <a title=\"1567\" href=\"https:\/\/es.wikipedia.org\/wiki\/1567\"><span style=\"color: #000000\">1567<\/span><\/a><\/span><\/li>\n<li><span style=\"color: #000000\">Comentarios a los Evangelios de Juan y Mateo, publicados en lat\u00edn en Fr\u00e1ncfort <a title=\"1573\" href=\"https:\/\/es.wikipedia.org\/wiki\/1573\"><span style=\"color: #000000\">1573<\/span><\/a><\/span><\/li>\n<li><span style=\"color: #000000\">Catecismo <a title=\"1580\" href=\"https:\/\/es.wikipedia.org\/wiki\/1580\"><span style=\"color: #000000\">1580<\/span><\/a>, publicado en lat\u00edn, franc\u00e9s y holand\u00e9s.<\/span><\/li>\n<li><span style=\"color: #000000\">Estatutos para la sociedad de ayuda a los pobres y perseguidos, en Fr\u00e1ncfort.<\/span><\/li>\n<\/ul>\n<p>&nbsp;<\/p>\n<p>&nbsp;<\/p>\n<!-- AddThis Advanced Settings generic via filter on the_content --><!-- AddThis Share Buttons generic via filter on the_content -->","protected":false},"excerpt":{"rendered":"<p>&nbsp; La decisi\u00f3n de los Reyes espa\u00f1oles de mantenerse fiel a los postulados y ortodoxia de Roma respecto a la fe cat\u00f3lica, no siempre ha sido uniforme para todos los espa\u00f1oles. Men\u00e9ndez Pelayo pasa revista en su Historia de los heterodoxos espa\u00f1oles a un buen pu\u00f1ado de egrejios (aquellos cuya etimolog\u00eda indica que se alejan [&hellip;]<!-- AddThis Advanced Settings generic via filter on get_the_excerpt --><!-- AddThis Share Buttons generic via filter on get_the_excerpt --><\/p>\n","protected":false},"author":77,"featured_media":0,"comment_status":"open","ping_status":"closed","sticky":false,"template":"","format":"standard","meta":[],"categories":[4],"tags":[],"_links":{"self":[{"href":"https:\/\/blogs.hoy.es\/guirisporextremadura\/wp-json\/wp\/v2\/posts\/703"}],"collection":[{"href":"https:\/\/blogs.hoy.es\/guirisporextremadura\/wp-json\/wp\/v2\/posts"}],"about":[{"href":"https:\/\/blogs.hoy.es\/guirisporextremadura\/wp-json\/wp\/v2\/types\/post"}],"author":[{"embeddable":true,"href":"https:\/\/blogs.hoy.es\/guirisporextremadura\/wp-json\/wp\/v2\/users\/77"}],"replies":[{"embeddable":true,"href":"https:\/\/blogs.hoy.es\/guirisporextremadura\/wp-json\/wp\/v2\/comments?post=703"}],"version-history":[{"count":0,"href":"https:\/\/blogs.hoy.es\/guirisporextremadura\/wp-json\/wp\/v2\/posts\/703\/revisions"}],"wp:attachment":[{"href":"https:\/\/blogs.hoy.es\/guirisporextremadura\/wp-json\/wp\/v2\/media?parent=703"}],"wp:term":[{"taxonomy":"category","embeddable":true,"href":"https:\/\/blogs.hoy.es\/guirisporextremadura\/wp-json\/wp\/v2\/categories?post=703"},{"taxonomy":"post_tag","embeddable":true,"href":"https:\/\/blogs.hoy.es\/guirisporextremadura\/wp-json\/wp\/v2\/tags?post=703"}],"curies":[{"name":"wp","href":"https:\/\/api.w.org\/{rel}","templated":true}]}}