{"id":728,"date":"2016-03-21T13:25:14","date_gmt":"2016-03-21T12:25:14","guid":{"rendered":"http:\/\/blogs.hoy.es\/guirisporextremadura\/?p=728"},"modified":"2016-03-21T13:25:14","modified_gmt":"2016-03-21T12:25:14","slug":"el-frances-georges-demerson-tras-los-pasos-de-melendez-valdes","status":"publish","type":"post","link":"https:\/\/blogs.hoy.es\/guirisporextremadura\/2016\/03\/21\/el-frances-georges-demerson-tras-los-pasos-de-melendez-valdes\/","title":{"rendered":"El franc\u00e9s Georges Demerson, tras los pasos de Mel\u00e9ndez Vald\u00e9s."},"content":{"rendered":"<p>&nbsp;<\/p>\n<div id=\"attachment_729\" style=\"width: 151px\" class=\"wp-caption aligncenter\"><a href=\"\/guirisporextremadura\/wp-content\/uploads\/sites\/70\/2016\/03\/1001.jpg\"><img aria-describedby=\"caption-attachment-729\" loading=\"lazy\" class=\"size-thumbnail wp-image-729\" src=\"\/guirisporextremadura\/wp-content\/uploads\/sites\/70\/2016\/03\/1001.jpg\" alt=\"Georges Demerson\" width=\"141\" height=\"150\" \/><\/a><p id=\"caption-attachment-729\" class=\"wp-caption-text\">Georges Demerson<\/p><\/div>\n<p>Conocemos exhaustivamente la vida de Mel\u00e9ndez Vald\u00e9s gracias al documentado trabajo del hispanista franc\u00e9s Georges Demerson en 1971, complementado luego con la <em>Biograf\u00eda<\/em> (1996) de Antonio Astorgano Abajo, autor tambi\u00e9n de varios art\u00edculos matizadores de la misma.<\/p>\n<p>Perteneciente a la larga serie de hispanistas franceses (Marcel Bataill\u00f3n, Jean Sarrailh y otros),<\/p>\n<div id=\"attachment_730\" style=\"width: 160px\" class=\"wp-caption alignleft\"><a href=\"\/guirisporextremadura\/wp-content\/uploads\/sites\/70\/2016\/03\/bataillon.gif\"><img aria-describedby=\"caption-attachment-730\" loading=\"lazy\" class=\"size-thumbnail wp-image-730\" src=\"\/guirisporextremadura\/wp-content\/uploads\/sites\/70\/2016\/03\/bataillon.gif\" alt=\"Marcel Bataill\u00f3n\" width=\"150\" height=\"150\" \/><\/a><p id=\"caption-attachment-730\" class=\"wp-caption-text\">Marcel Bataill\u00f3n<\/p><\/div>\n<p>&nbsp;<\/p>\n<p>&nbsp;<\/p>\n<div id=\"attachment_731\" style=\"width: 141px\" class=\"wp-caption alignright\"><a href=\"\/guirisporextremadura\/wp-content\/uploads\/sites\/70\/2016\/03\/jean-louis-sarrailh.jpg\"><img aria-describedby=\"caption-attachment-731\" loading=\"lazy\" class=\"size-full wp-image-731\" src=\"\/guirisporextremadura\/wp-content\/uploads\/sites\/70\/2016\/03\/jean-louis-sarrailh.jpg\" alt=\"Jean Louis Sarrailh\" width=\"131\" height=\"134\" \/><\/a><p id=\"caption-attachment-731\" class=\"wp-caption-text\">Jean Louis Sarrailh<\/p><\/div>\n<p>&nbsp;<\/p>\n<p>&nbsp;<\/p>\n<p>&nbsp;<\/p>\n<p>&nbsp;<\/p>\n<p>&nbsp;<\/p>\n<p>&nbsp;<\/p>\n<p>Georges Demerson fue tambi\u00e9n agregado cultural de la embajada francesa en Espa\u00f1a en los a\u00f1os 70, doctor por la Sorbona, Catedr\u00e1tico de Lengua y Literatura espa\u00f1ola en la Universidad de Lyon y director del Instituto Franc\u00e9s en Espa\u00f1a. Extreme\u00f1ista convencido, tambi\u00e9n particip\u00f3 en el IV Congreso de Estudios Extreme\u00f1os en 1972.<\/p>\n<p>&nbsp;<\/p>\n<div id=\"attachment_732\" style=\"width: 410px\" class=\"wp-caption aligncenter\"><a href=\"\/guirisporextremadura\/wp-content\/uploads\/sites\/70\/2016\/03\/01-retrato_de_juan_melendez_valdes_por_goya_en_1797_s.jpg\"><img aria-describedby=\"caption-attachment-732\" loading=\"lazy\" class=\"size-full wp-image-732\" src=\"\/guirisporextremadura\/wp-content\/uploads\/sites\/70\/2016\/03\/01-retrato_de_juan_melendez_valdes_por_goya_en_1797_s.jpg\" alt=\"Retrato de Juan Mel\u00e9ndez Vald\u00e9s por Goya en 1797\" width=\"400\" height=\"508\" srcset=\"https:\/\/static-blogs.hoy.es\/wp-content\/uploads\/sites\/70\/2016\/03\/01-retrato_de_juan_melendez_valdes_por_goya_en_1797_s.jpg 400w, https:\/\/static-blogs.hoy.es\/wp-content\/uploads\/sites\/70\/2016\/03\/01-retrato_de_juan_melendez_valdes_por_goya_en_1797_s-236x300.jpg 236w\" sizes=\"(max-width: 400px) 100vw, 400px\" \/><\/a><p id=\"caption-attachment-732\" class=\"wp-caption-text\">Retrato de Juan Mel\u00e9ndez Vald\u00e9s por Goya en 1797<\/p><\/div>\n<p>Su biografiado, Juan Mel\u00e9ndez Vald\u00e9s naci\u00f3 en Ribera del Fresno (Badajoz) el 11 de marzo de 1754 en el seno de un hogar campesino. Sus padres, don Juan Antonio Mel\u00e9ndez Vald\u00e9s y do\u00f1a Mar\u00eda de los \u00c1ngeles D\u00edaz Cacho, proced\u00edan respectivamente de los pueblos de Salvale\u00f3n y M\u00e9rida, y eran <em>cristianos viejos<\/em> conforme el mismo Mel\u00e9ndez atestigua en su entrada en la Universidad de Salamanca.<\/p>\n<p><em>Todos los cuales han sido y son Christianos viejos, limpios de toda mala raza de moros, jud\u00edos ni los nuevamente convertidos a Nuestra Santa Fe Catholica, antes bien tenidos y reputados por Hijos dalgos (sic) como ofrezco justificar y que esta es mi genealog\u00eda y por tal le juro a Dios y a esta + en forma, y la firmo en Salamanca, a veinte y ocho de septiembre de mil setecientos ochenta y dos.<\/em><\/p>\n<p>Tambi\u00e9n de sus padres, se ocupa en estos versos:<\/p>\n<p align=\"center\"><em>Fueron mis padres, mis mayores fueron<\/em><\/p>\n<p align=\"center\"><em>todos agricultores; de mi vida<\/em><\/p>\n<p align=\"center\"><em>vi la aurora en los campos.<\/em><\/p>\n<p>\u00a0No era el primer v\u00e1stago de sus padres, sino que antes hab\u00edan venido al mundo: Antonia (1734), Esteban (1739), Vicente (1742), Agustina (1745), Isabel (1752) y, despu\u00e9s, Manuel (1756), entre otros. La familia traslad\u00f3 pronto su residencia a la cercana ciudad de Almendralejo, tal vez para favorecer la educaci\u00f3n de sus reto\u00f1os, que apuntaban una marcada afici\u00f3n por los estudios. En 1761, cuando el futuro poeta contaba tan s\u00f3lo siete a\u00f1os de edad, falleci\u00f3 su madre, suceso que marc\u00f3 de manera inexorable su personalidad, siempre sensible y melanc\u00f3lica, con necesidad de apoyarse en la amistad. Como versos que evocan este primer pasado extreme\u00f1o del poeta, tambi\u00e9n podemos leer en su obra:<\/p>\n<p align=\"center\"><em>\u2026\u2026el arado,<\/em><\/p>\n<p align=\"center\"><em>El rudo apero, la balante oveja,<\/em><\/p>\n<p align=\"center\"><em>El asno sufridor, el buey tard\u00edo,<\/em><\/p>\n<p align=\"center\"><em>Gavillas, parvas, los alegres juegos<\/em><\/p>\n<p align=\"center\"><em>Fueron la dicha de mi edad primera<\/em><\/p>\n<p>&nbsp;<\/p>\n<p>Y tambi\u00e9n:<\/p>\n<p align=\"center\"><em>Al forzudo extreme\u00f1o habr\u00e9is mirado<\/em><\/p>\n<p align=\"center\"><em>M\u00e1s de una vez sobre un mont\u00f3n de mieses<\/em><\/p>\n<p align=\"center\"><em>Burlar de Sirio, abrasador, los fuegos,<\/em><\/p>\n<p align=\"center\"><em>Lanzando al viento los trillados granos<\/em><\/p>\n<p align=\"center\"><em>Con el dentado bieldo, o de la aurora<\/em><\/p>\n<p align=\"center\"><em>Los rayos aguardar sobre la esteva<\/em><\/p>\n<p align=\"center\"><em>\u00a0<\/em><\/p>\n<p>Figura representativa al m\u00e1ximo del siglo XVIII espa\u00f1ol, Mel\u00e9ndez Vald\u00e9s es tambi\u00e9n un ejemplo de vida humana sacudida por las circunstancias hist\u00f3ricas. La biograf\u00eda de Georges Demerson, \u00a0atiende tanto al hombre como a los medios en que hubo de moverse, le caracteriza humanista por inclinaci\u00f3n, fil\u00f3sofo por convicci\u00f3n, jurista por su ocupaci\u00f3n profesional, y sobre todo, en la opini\u00f3n de sus contempor\u00e1neos, \u201cel mejor poeta de la \u00e9poca\u201d.<\/p>\n<p>El \u201cdulce Batilo\u201d, como le gustaba firmarse, fue amigo de Jovellanos y cantor de temas pastoriles al modo neocl\u00e1sico, es, como Demerson nos demuestra, responsable de introducir en la poes\u00eda espa\u00f1ola una nueva f\u00f3rmula de sensibilidad. M\u00e1s no es ese el \u00fanico inter\u00e9s que puede atraer hacia su persona. Ni un solo momento separa Demerson al poeta del hombre de su tiempo, el \u201cafrancesado\u201d intelectual al que las circunstancias obligan a ser alineado entre los afrancesados pol\u00edticos y seguir las penosas jornadas de la retirada y el exilio.<\/p>\n<p>Toda una \u00e9poca \u2013y una \u00e9poca de crisis honda y de cambios hasta en lo m\u00e1s superficial y accesorio- vista con la profundidad que da una figura situada en primer plano: la de un fino hombre de letras y un espa\u00f1ol que quiso poner su pa\u00eds al paso europeo. Tan afrancesado como castizo, sus amigos fueron Jovellanos, Morat\u00edn, Forner y Goya, aunque procesaba devoci\u00f3n intelectual a Voltaire y Montesquieu, Mel\u00e9ndez Vald\u00e9s puede personificar nuestro tr\u00e1nsito, dif\u00edcil, lleno de riesgos, del Antiguo R\u00e9gimen a los d\u00edas del liberalismo y la pasi\u00f3n rom\u00e1ntica.<\/p>\n<p>Entre las obras de Demerson, podremos citar, siempre en torno al hispanismo, las siguientes:<\/p>\n<ul>\n<li><em>Don Juan Mel\u00e9ndez Vald\u00e9s y su tiempo (1754-1817)<\/em> Madrid: Taurus, 1971<\/li>\n<li>Juan Mel\u00e9ndez Vald\u00e9s, <em>Poes\u00edas selectas: la lira de marfil<\/em>; edici\u00f3n, introducci\u00f3n y notas de J. H. R. Polt y Georges Demerson; Madrid: Castalia, 1981<\/li>\n<li>Juan Mel\u00e9ndez Vald\u00e9s, <em>Correspondance relative a la r\u00e9union des Hopitaux d\u2019Avila<\/em>. Textes en prose in\u00e9dits publi\u00e9s avec une introduction, des notes et appendices par Georges Demerson. Bordeaux, F\u00e9ret &#038; Fils, 1964<\/li>\n<li>Pierre Paris, <em>L`Espagne de 1895 et 1897: journal de voyage<\/em>; prologue de Georges Demerson. Bordeaux: Maison des Pays Ib\u00e9riques, 1979.<\/li>\n<li><em>Las Sociedades econ\u00f3micas de Amigos del Pa\u00eds en el siglo XVIII, gu\u00eda del investigador<\/em>, San Sebasti\u00e1n, 1974 (en collaboration avec P. de Demerson et F. Aguilar Pi\u00f1al).<\/li>\n<\/ul>\n<p>&nbsp;<\/p>\n<p class=\"size-full wp-image-733\">Georges Demerson de Trabut -Cussac, su nombre completo, cuenta con una calle en su memoria en Ribera del Fresno, cuna de Mel\u00e9ndez Vald\u00e9s.<\/p>\n<!-- AddThis Advanced Settings generic via filter on the_content --><!-- AddThis Share Buttons generic via filter on the_content -->","protected":false},"excerpt":{"rendered":"<p>&nbsp; Conocemos exhaustivamente la vida de Mel\u00e9ndez Vald\u00e9s gracias al documentado trabajo del hispanista franc\u00e9s Georges Demerson en 1971, complementado luego con la Biograf\u00eda (1996) de Antonio Astorgano Abajo, autor tambi\u00e9n de varios art\u00edculos matizadores de la misma. Perteneciente a la larga serie de hispanistas franceses (Marcel Bataill\u00f3n, Jean Sarrailh y otros), &nbsp; &nbsp; &nbsp; [&hellip;]<!-- AddThis Advanced Settings generic via filter on get_the_excerpt --><!-- AddThis Share Buttons generic via filter on get_the_excerpt --><\/p>\n","protected":false},"author":77,"featured_media":733,"comment_status":"open","ping_status":"closed","sticky":false,"template":"","format":"standard","meta":[],"categories":[6],"tags":[],"_links":{"self":[{"href":"https:\/\/blogs.hoy.es\/guirisporextremadura\/wp-json\/wp\/v2\/posts\/728"}],"collection":[{"href":"https:\/\/blogs.hoy.es\/guirisporextremadura\/wp-json\/wp\/v2\/posts"}],"about":[{"href":"https:\/\/blogs.hoy.es\/guirisporextremadura\/wp-json\/wp\/v2\/types\/post"}],"author":[{"embeddable":true,"href":"https:\/\/blogs.hoy.es\/guirisporextremadura\/wp-json\/wp\/v2\/users\/77"}],"replies":[{"embeddable":true,"href":"https:\/\/blogs.hoy.es\/guirisporextremadura\/wp-json\/wp\/v2\/comments?post=728"}],"version-history":[{"count":0,"href":"https:\/\/blogs.hoy.es\/guirisporextremadura\/wp-json\/wp\/v2\/posts\/728\/revisions"}],"wp:featuredmedia":[{"embeddable":true,"href":"https:\/\/blogs.hoy.es\/guirisporextremadura\/wp-json\/"}],"wp:attachment":[{"href":"https:\/\/blogs.hoy.es\/guirisporextremadura\/wp-json\/wp\/v2\/media?parent=728"}],"wp:term":[{"taxonomy":"category","embeddable":true,"href":"https:\/\/blogs.hoy.es\/guirisporextremadura\/wp-json\/wp\/v2\/categories?post=728"},{"taxonomy":"post_tag","embeddable":true,"href":"https:\/\/blogs.hoy.es\/guirisporextremadura\/wp-json\/wp\/v2\/tags?post=728"}],"curies":[{"name":"wp","href":"https:\/\/api.w.org\/{rel}","templated":true}]}}