{"id":735,"date":"2016-04-27T14:00:45","date_gmt":"2016-04-27T12:00:45","guid":{"rendered":"http:\/\/blogs.hoy.es\/guirisporextremadura\/?p=735"},"modified":"2016-04-27T14:00:45","modified_gmt":"2016-04-27T12:00:45","slug":"bob-dylan-en-merida","status":"publish","type":"post","link":"https:\/\/blogs.hoy.es\/guirisporextremadura\/2016\/04\/27\/bob-dylan-en-merida\/","title":{"rendered":"Bob Dylan en M\u00e9rida"},"content":{"rendered":"<p>&nbsp;<\/p>\n<div id=\"attachment_736\" style=\"width: 260px\" class=\"wp-caption aligncenter\"><a href=\"\/guirisporextremadura\/wp-content\/uploads\/sites\/70\/2016\/04\/foto-dylan.jpg\"><img aria-describedby=\"caption-attachment-736\" loading=\"lazy\" class=\"size-full wp-image-736\" src=\"\/guirisporextremadura\/wp-content\/uploads\/sites\/70\/2016\/04\/foto-dylan.jpg\" alt=\"Dylan\" width=\"250\" height=\"357\" srcset=\"https:\/\/static-blogs.hoy.es\/wp-content\/uploads\/sites\/70\/2016\/04\/foto-dylan.jpg 250w, https:\/\/static-blogs.hoy.es\/wp-content\/uploads\/sites\/70\/2016\/04\/foto-dylan-210x300.jpg 210w\" sizes=\"(max-width: 250px) 100vw, 250px\" \/><\/a><p id=\"caption-attachment-736\" class=\"wp-caption-text\">Dylan<\/p><\/div>\n<p>&nbsp;<\/p>\n<p>&nbsp;<\/p>\n<p>Este a\u00f1o se celebran los 25 a\u00f1os del inicio del Festival Womad de C\u00e1ceres, una de las citas ya cl\u00e1sicas para los aficionados a la m\u00fasica en Extremadura o fuera de ella. 25 a\u00f1os suponen un \u00e9xito continuado que viene a unirse al de otros como el de Contempopranea que se celebra en Badajoz y Alburquerque, y aun otros por la geograf\u00eda extreme\u00f1a.<\/p>\n<p>&nbsp;<\/p>\n<p>&nbsp;<\/p>\n<div id=\"attachment_737\" style=\"width: 572px\" class=\"wp-caption aligncenter\"><a href=\"\/guirisporextremadura\/wp-content\/uploads\/sites\/70\/2016\/04\/womad.jpg\"><img aria-describedby=\"caption-attachment-737\" loading=\"lazy\" class=\" wp-image-737 \" src=\"\/guirisporextremadura\/wp-content\/uploads\/sites\/70\/2016\/04\/womad.jpg\" alt=\"Womad 2016\" width=\"562\" height=\"786\" srcset=\"https:\/\/static-blogs.hoy.es\/wp-content\/uploads\/sites\/70\/2016\/04\/womad.jpg 702w, https:\/\/static-blogs.hoy.es\/wp-content\/uploads\/sites\/70\/2016\/04\/womad-214x300.jpg 214w\" sizes=\"(max-width: 562px) 100vw, 562px\" \/><\/a><p id=\"caption-attachment-737\" class=\"wp-caption-text\">Womad 2016<\/p><\/div>\n<p>&nbsp;<\/p>\n<p>&nbsp;<\/p>\n<p>&nbsp;<\/p>\n<p>&nbsp;<\/p>\n<p>Pero M\u00e9rida por su parte, quiz\u00e1s tenga el mayor palmar\u00e9s de \u00e9xitos musicales y por sus diversos escenarios han pasado, lo mejor de la m\u00fasica actual a nivel mundial. Salvo los Rolling Stones (que aun esos tuvieron su intento fallido) la ciudad ha recibido a distinguid\u00edsimos <em>guiris<\/em> para actuar all\u00ed, Iron Maiden, nos visit\u00f3 el 11 de julio de 2008 en el V\u00eda de la Plata Festival, o Carlinhos Brown, que tras suspender su concierto del 29 de agosto de 2005 en el M\u00e9rida Music Festival acab\u00f3 cerrando el acto de las Medallas de Extremadura el 8 de septiembre de 2007.<\/p>\n<p>&nbsp;<\/p>\n<div id=\"attachment_738\" style=\"width: 727px\" class=\"wp-caption aligncenter\"><a href=\"\/guirisporextremadura\/wp-content\/uploads\/sites\/70\/2016\/04\/Entrada-Iron-ii.jpg\"><img aria-describedby=\"caption-attachment-738\" loading=\"lazy\" class=\" wp-image-738 \" src=\"\/guirisporextremadura\/wp-content\/uploads\/sites\/70\/2016\/04\/Entrada-Iron-ii.jpg\" alt=\"Entrada Iron Maiden. V\u00eda de la Plata Festival\" width=\"717\" height=\"329\" srcset=\"https:\/\/static-blogs.hoy.es\/wp-content\/uploads\/sites\/70\/2016\/04\/Entrada-Iron-ii.jpg 1414w, https:\/\/static-blogs.hoy.es\/wp-content\/uploads\/sites\/70\/2016\/04\/Entrada-Iron-ii-300x138.jpg 300w, https:\/\/static-blogs.hoy.es\/wp-content\/uploads\/sites\/70\/2016\/04\/Entrada-Iron-ii-768x353.jpg 768w, https:\/\/static-blogs.hoy.es\/wp-content\/uploads\/sites\/70\/2016\/04\/Entrada-Iron-ii-1024x471.jpg 1024w\" sizes=\"(max-width: 717px) 100vw, 717px\" \/><\/a><p id=\"caption-attachment-738\" class=\"wp-caption-text\">Entrada Iron Maiden. V\u00eda de la Plata Festival<\/p><\/div>\n<p>&nbsp;<\/p>\n<p>&nbsp;<\/p>\n<p>Tambi\u00e9n Deep Purple, Doro Pesch, Saxon, Iced Earth, Slayer, Toy Dolls, Jethro Tull, Ratos de Porao, Bad Religion, Misfits, han pisado con \u00e9xito los escenarios de M\u00e9rida.<\/p>\n<p>Pero sin duda, el mayor mito viviente de la m\u00fasica beat que tambi\u00e9n nos ha visitado, lo constituye un jud\u00edo llamado Robert Allen Zimmerman, cuyo nombre art\u00edstico es Bob Dylan, creador de las m\u00edticas canciones como Like a Rolling Stone, Blonde on Blonde, Slow Train Coming, o<em> A Hard Rain\u2019s A-Gonna Fall<\/em> cuyos ecos llegan claramente a los extreme\u00f1os Pablo Guerrero o \u00a0Lu\u00eds Pastor.<\/p>\n<p>El set-list de Bob Dylan en M\u00e9rida el 10 de julio de 2008 en la Plaza de Toros de San Alb\u00edn fu\u00e9 el siguiente:<\/p>\n<ul>\n<li><em>\u00a0\u00a0\u00a0\u00a0\u00a0\u00a0\u00a0 <\/em><em>1. Watching The River Flow<\/em><em><br \/>\n<\/em><em>2. Lay, Lady, Lay<\/em><em><br \/>\n<\/em><em>3. Rollin\u2019 And Tumblin\u2019<\/em><em><br \/>\n<\/em><em>4. Stuck Inside Of Mobile With The Memphis Blues Again<\/em><em><br \/>\n<\/em><em>5. A Hard Rain\u2019s A-Gonna Fall<\/em><em><br \/>\n<\/em><em>6. High Water (For Charlie Patton)<\/em><em><br \/>\n<\/em><em>7. Love Sick<\/em><em><br \/>\n<\/em><em>8. It\u2019s Alright, Ma (I\u2019m Only Bleeding)<\/em><em><br \/>\n<\/em><em>9. Spirit On The Water<\/em><em><br \/>\n<\/em><em>10. Highway 61 Revisited<\/em><em><br \/>\n<\/em><em>11. When The Deal Goes Down<\/em><em><br \/>\n<\/em><em>12. Summer Days<\/em><em><br \/>\n<\/em><em>13. Ain\u2019t Talkin<\/em><em><\/em><\/li>\n<\/ul>\n<p style=\"text-align: center\"><em>y de propina: IS<\/em><em>)<\/em><em><br \/>\n<\/em><em>14. <\/em><em>Thunder On The Mountain<\/em><em><br \/>\n<\/em><em>15. Like A Rolling Stone <\/em><\/p>\n<p style=\"text-align: center\">\n<p style=\"text-align: center\">\n<div id=\"attachment_741\" style=\"width: 221px\" class=\"wp-caption aligncenter\"><a href=\"\/guirisporextremadura\/wp-content\/uploads\/sites\/70\/2016\/04\/entrada-II1.jpg\"><img aria-describedby=\"caption-attachment-741\" loading=\"lazy\" class=\"size-medium wp-image-741\" src=\"\/guirisporextremadura\/wp-content\/uploads\/sites\/70\/2016\/04\/entrada-II1.jpg\" alt=\"Entrada concierto Bob Dylan\" width=\"211\" height=\"300\" srcset=\"https:\/\/static-blogs.hoy.es\/wp-content\/uploads\/sites\/70\/2016\/04\/entrada-II1.jpg 250w, https:\/\/static-blogs.hoy.es\/wp-content\/uploads\/sites\/70\/2016\/04\/entrada-II1-212x300.jpg 212w\" sizes=\"(max-width: 211px) 100vw, 211px\" \/><\/a><p id=\"caption-attachment-741\" class=\"wp-caption-text\">Entrada concierto Bob Dylan 2008<\/p><\/div>\n<p>&nbsp;<\/p>\n<p>&nbsp;<\/p>\n<p>&nbsp;<\/p>\n<p>&nbsp;<\/p>\n<p>&nbsp;<\/p>\n<p>&nbsp;<\/p>\n<p>&nbsp;<\/p>\n<p>El concierto congreg\u00f3 a m\u00e1s de 5000 espectadores. Dylan, que conclu\u00eda en la ciudad extreme\u00f1a su gira espa\u00f1ola, gui\u00f3 a su grupo como un aut\u00e9ntico director de orquesta, marcando los tiempos y alternando canciones country y de jazz blues con temas m\u00e1s el\u00e9ctricos y rockeros y no dejando en ning\u00fan momento decaer la fiesta en la que se hab\u00eda convertido su presencia en M\u00e9rida, tocando teclados, guitarra y alguna vez su m\u00edtica arm\u00f3nica.<\/p>\n<p>&nbsp;<\/p>\n<p style=\"text-align: center\"><a href=\"\/guirisporextremadura\/wp-content\/uploads\/sites\/70\/2016\/04\/en-plaza-toros.jpg\"><img loading=\"lazy\" class=\"aligncenter  wp-image-744\" src=\"\/guirisporextremadura\/wp-content\/uploads\/sites\/70\/2016\/04\/en-plaza-toros.jpg\" alt=\"\" width=\"410\" height=\"307\" srcset=\"https:\/\/static-blogs.hoy.es\/wp-content\/uploads\/sites\/70\/2016\/04\/en-plaza-toros.jpg 640w, https:\/\/static-blogs.hoy.es\/wp-content\/uploads\/sites\/70\/2016\/04\/en-plaza-toros-300x225.jpg 300w\" sizes=\"(max-width: 410px) 100vw, 410px\" \/><\/a><\/p>\n<p style=\"text-align: center\">\n<p style=\"text-align: center\">\n<p>&nbsp;<\/p>\n<p>&nbsp;<\/p>\n<p>&nbsp;<\/p>\n<p>&nbsp;<\/p>\n<p>&nbsp;<\/p>\n<p>No obstante, el americano no era la primera vez que pod\u00eda constatar la monumentalidad de M\u00e9rida. A\u00f1os antes, el 12 de julio de 1993 tambi\u00e9n hab\u00eda actuado en el anfiteatro. En esta misma gira, el cantante y su banda dieron conciertos de tres cuartos de hora, aunque lo normal era hora y media. M\u00e9rida y el anfiteatro romano les retuvieron m\u00e1s de dos horas y media, algo realmente anormal, as\u00ed como los tres bises ofrecidos, seg\u00fan comentaron los propios organizadores de la gira.<\/p>\n<p>&nbsp;<\/p>\n<div id=\"attachment_742\" style=\"width: 310px\" class=\"wp-caption aligncenter\"><\/dt>\n<dd>\n<div class=\"mceTemp mceIEcenter\">\n<dl>\n<dt><a href=\"\/guirisporextremadura\/wp-content\/uploads\/sites\/70\/2016\/04\/Entrada2.jpg\"><img aria-describedby=\"caption-attachment-742\" loading=\"lazy\" class=\"size-medium wp-image-743\" src=\"\/guirisporextremadura\/wp-content\/uploads\/sites\/70\/2016\/04\/Entrada2.jpg\" alt=\"Entrada concierto Bob Dylan 1993\" width=\"300\" height=\"127\" srcset=\"https:\/\/static-blogs.hoy.es\/wp-content\/uploads\/sites\/70\/2016\/04\/Entrada2.jpg 550w, https:\/\/static-blogs.hoy.es\/wp-content\/uploads\/sites\/70\/2016\/04\/Entrada2-300x127.jpg 300w\" sizes=\"(max-width: 300px) 100vw, 300px\" \/><\/a><p id=\"caption-attachment-742\" class=\"wp-caption-text\">Entrada concierto Bob Dylan 1993<\/p><\/div>\n<\/dd>\n<\/dl>\n<\/div>\n<p>&nbsp;<\/p>\n<!-- AddThis Advanced Settings generic via filter on the_content --><!-- AddThis Share Buttons generic via filter on the_content -->","protected":false},"excerpt":{"rendered":"<p>&nbsp; &nbsp; &nbsp; Este a\u00f1o se celebran los 25 a\u00f1os del inicio del Festival Womad de C\u00e1ceres, una de las citas ya cl\u00e1sicas para los aficionados a la m\u00fasica en Extremadura o fuera de ella. 25 a\u00f1os suponen un \u00e9xito continuado que viene a unirse al de otros como el de Contempopranea que se celebra [&hellip;]<!-- AddThis Advanced Settings generic via filter on get_the_excerpt --><!-- AddThis Share Buttons generic via filter on get_the_excerpt --><\/p>\n","protected":false},"author":77,"featured_media":0,"comment_status":"open","ping_status":"closed","sticky":false,"template":"","format":"standard","meta":[],"categories":[4],"tags":[],"_links":{"self":[{"href":"https:\/\/blogs.hoy.es\/guirisporextremadura\/wp-json\/wp\/v2\/posts\/735"}],"collection":[{"href":"https:\/\/blogs.hoy.es\/guirisporextremadura\/wp-json\/wp\/v2\/posts"}],"about":[{"href":"https:\/\/blogs.hoy.es\/guirisporextremadura\/wp-json\/wp\/v2\/types\/post"}],"author":[{"embeddable":true,"href":"https:\/\/blogs.hoy.es\/guirisporextremadura\/wp-json\/wp\/v2\/users\/77"}],"replies":[{"embeddable":true,"href":"https:\/\/blogs.hoy.es\/guirisporextremadura\/wp-json\/wp\/v2\/comments?post=735"}],"version-history":[{"count":0,"href":"https:\/\/blogs.hoy.es\/guirisporextremadura\/wp-json\/wp\/v2\/posts\/735\/revisions"}],"wp:attachment":[{"href":"https:\/\/blogs.hoy.es\/guirisporextremadura\/wp-json\/wp\/v2\/media?parent=735"}],"wp:term":[{"taxonomy":"category","embeddable":true,"href":"https:\/\/blogs.hoy.es\/guirisporextremadura\/wp-json\/wp\/v2\/categories?post=735"},{"taxonomy":"post_tag","embeddable":true,"href":"https:\/\/blogs.hoy.es\/guirisporextremadura\/wp-json\/wp\/v2\/tags?post=735"}],"curies":[{"name":"wp","href":"https:\/\/api.w.org\/{rel}","templated":true}]}}