{"id":746,"date":"2016-05-20T13:13:03","date_gmt":"2016-05-20T11:13:03","guid":{"rendered":"http:\/\/blogs.hoy.es\/guirisporextremadura\/?p=746"},"modified":"2016-05-20T13:13:03","modified_gmt":"2016-05-20T11:13:03","slug":"de-gaulle-en-jarandilla","status":"publish","type":"post","link":"https:\/\/blogs.hoy.es\/guirisporextremadura\/2016\/05\/20\/de-gaulle-en-jarandilla\/","title":{"rendered":"De Gaulle en Jarandilla"},"content":{"rendered":"<div id=\"attachment_747\" style=\"width: 310px\" class=\"wp-caption aligncenter\"><a href=\"\/guirisporextremadura\/wp-content\/uploads\/sites\/70\/2016\/05\/De-Gaulle.jpg\"><img aria-describedby=\"caption-attachment-747\" loading=\"lazy\" class=\"size-full wp-image-747\" src=\"\/guirisporextremadura\/wp-content\/uploads\/sites\/70\/2016\/05\/De-Gaulle.jpg\" alt=\"De Gaulle\" width=\"300\" height=\"300\" srcset=\"https:\/\/static-blogs.hoy.es\/wp-content\/uploads\/sites\/70\/2016\/05\/De-Gaulle.jpg 300w, https:\/\/static-blogs.hoy.es\/wp-content\/uploads\/sites\/70\/2016\/05\/De-Gaulle-150x150.jpg 150w\" sizes=\"(max-width: 300px) 100vw, 300px\" \/><\/a><p id=\"caption-attachment-747\" class=\"wp-caption-text\">De Gaulle<\/p><\/div>\n<p>&nbsp;<\/p>\n<p>Charles de Gaulle (conocido como general De Gaulle), Lille, 22 de noviembre de 1890 \u2013 Columbey-les-Deux Eglises, 9 de noviembre de 1970, visit\u00f3 Espa\u00f1a, haciendo una ruta de Paradores, el \u00faltimo a\u00f1o de su vida, el posterior al a\u00f1o 1969 en que dej\u00f3 la pol\u00edtica activa, como consecuencia de los sucesos del mayo del 68 en Par\u00eds el a\u00f1o antes.<\/p>\n<div id=\"attachment_748\" style=\"width: 515px\" class=\"wp-caption aligncenter\"><a href=\"\/guirisporextremadura\/wp-content\/uploads\/sites\/70\/2016\/05\/mayo68.jpg\"><img aria-describedby=\"caption-attachment-748\" loading=\"lazy\" class=\"size-full wp-image-748\" src=\"\/guirisporextremadura\/wp-content\/uploads\/sites\/70\/2016\/05\/mayo68.jpg\" alt=\"Mayo del 68\" width=\"505\" height=\"346\" srcset=\"https:\/\/static-blogs.hoy.es\/wp-content\/uploads\/sites\/70\/2016\/05\/mayo68.jpg 505w, https:\/\/static-blogs.hoy.es\/wp-content\/uploads\/sites\/70\/2016\/05\/mayo68-300x206.jpg 300w\" sizes=\"(max-width: 505px) 100vw, 505px\" \/><\/a><p id=\"caption-attachment-748\" class=\"wp-caption-text\">Mayo del 68<\/p><\/div>\n<p>&nbsp;<\/p>\n<p>&nbsp;<\/p>\n<p>En la primavera del a\u00f1o 1970, estuvo varias semanas en Espa\u00f1a, particularmente en el Parador de Santa Catalina en Jaen, habiendo visitado tambi\u00e9n al general Franco en el Pardo y gozado del Cigarral de Mara\u00f1\u00f3n en Toledo, tiempo en el que se interes\u00f3 por las campa\u00f1as de Napole\u00f3n en Espa\u00f1a, y aprovech\u00f3 para continuar escribiendo sus memorias.<\/p>\n<div id=\"attachment_749\" style=\"width: 458px\" class=\"wp-caption aligncenter\"><a href=\"\/guirisporextremadura\/wp-content\/uploads\/sites\/70\/2016\/05\/per2335_002.jpg\"><img aria-describedby=\"caption-attachment-749\" loading=\"lazy\" class=\" wp-image-749 \" src=\"\/guirisporextremadura\/wp-content\/uploads\/sites\/70\/2016\/05\/per2335_002.jpg\" alt=\"Franco y De Gaulle\" width=\"448\" height=\"335\" srcset=\"https:\/\/static-blogs.hoy.es\/wp-content\/uploads\/sites\/70\/2016\/05\/per2335_002.jpg 640w, https:\/\/static-blogs.hoy.es\/wp-content\/uploads\/sites\/70\/2016\/05\/per2335_002-300x224.jpg 300w\" sizes=\"(max-width: 448px) 100vw, 448px\" \/><\/a><p id=\"caption-attachment-749\" class=\"wp-caption-text\">Franco y De Gaulle<\/p><\/div>\n<p>La visita de Extremadura fue ya a su regreso, pero no dud\u00f3 en acercarse a la figura europea de Carlos V. Reproducimos la cr\u00f3nica que el diario ABC tuvo para su edici\u00f3n de Madrid.<\/p>\n<div id=\"attachment_752\" style=\"width: 586px\" class=\"wp-caption aligncenter\"><a href=\"\/guirisporextremadura\/wp-content\/uploads\/sites\/70\/2016\/05\/IMAG0123.jpg\"><img aria-describedby=\"caption-attachment-752\" loading=\"lazy\" class=\" wp-image-752  \" src=\"\/guirisporextremadura\/wp-content\/uploads\/sites\/70\/2016\/05\/IMAG0123.jpg\" alt=\"Parador de Jarandilla\" width=\"576\" height=\"384\" srcset=\"https:\/\/static-blogs.hoy.es\/wp-content\/uploads\/sites\/70\/2016\/05\/IMAG0123.jpg 1600w, https:\/\/static-blogs.hoy.es\/wp-content\/uploads\/sites\/70\/2016\/05\/IMAG0123-300x200.jpg 300w, https:\/\/static-blogs.hoy.es\/wp-content\/uploads\/sites\/70\/2016\/05\/IMAG0123-768x512.jpg 768w, https:\/\/static-blogs.hoy.es\/wp-content\/uploads\/sites\/70\/2016\/05\/IMAG0123-1024x682.jpg 1024w\" sizes=\"(max-width: 576px) 100vw, 576px\" \/><\/a><p id=\"caption-attachment-752\" class=\"wp-caption-text\">Parador de Jarandilla<\/p><\/div>\n<p>&nbsp;<\/p>\n<p><span style=\"text-decoration: underline\">ABC.\u00a0 JUEVES 25 DE JUNIO DE 1970. EDICI\u00d3N DE LA MA\u00d1ANA. PAG.45<\/span><\/p>\n<p>PROCEDENTE DE SEVILLA, EL GENERAL DE GAULLE LLEG\u00d3 AYER A JARANDILLA DE LA VERA (C\u00c1CERES)<\/p>\n<p>Jarandilla de la Vera (C\u00e1ceres) 24. El ex presidente franc\u00e9s Charles de Gaulle lleg\u00f3 al Parador Nacional de Carlos V, de Jarandilla de la Vera, en la provincia de C\u00e1ceres, a las cuatro y diez de esta tarde, procedente de Sevilla, ciudad que visit\u00f3 esta ma\u00f1ana, continuando desde all\u00ed la ruta por carretera hasta M\u00e9rida y siguiendo despu\u00e9s por C\u00e1ceres.<\/p>\n<p>En la puerta del parador, que fue castillo del conde de Oropesa, las hijas del administrador del mismo entregaron a la se\u00f1ora De Gaulle unos ramos de rosas y jazmines.<\/p>\n<p>A continuaci\u00f3n los se\u00f1ores De Gaulle pasaron a sus habitaciones en la primera planta del edificio, ocupando la se\u00f1alada con el n\u00famero 12, orientada al Oeste, hacia Yuste, decorada con sobrio mobiliario estilo renacimiento. En ella existen dos camas provistas de dosel y entre ambas un cristo rom\u00e1nico de cer\u00e1mica de Talavera adosado a la pared, dos apliques, tambi\u00e9n de cer\u00e1mica, una peque\u00f1a mesa y una l\u00e1mpara de pie.<\/p>\n<p>En la fachada principal de estilo sobrio y recio y sobre piedra labrada, aparece el escudo del Emperador Carlos V.<\/p>\n<p>El general pas\u00f3 por el patio de armas, precedido por su esposa, ayudante de campo y personas de su s\u00e9quito, junto a antiguos escudos y azulejos. Uno de ellos representa a las armas de los Alvarez de Toledo.<\/p>\n<p>El ex presidente franc\u00e9s, tras examinar atentamente todos estos escudos, penetr\u00f3 finalmente en el edificio, en donde descans\u00f3 esta tarde a solo unos diez metros de distancia de la \u201csala-dormitorio\u201d que utiliz\u00f3 el Emperador Carlos V y del \u201csal\u00f3n del silencio\u201d, en el que permanec\u00eda muchas horas durante su estancia en este castillo, desde el 11 de noviembre de 1556 al 3 de febrero de 1557, en espera de que se terminase de construir el monasterio de Yuste, adonde se traslad\u00f3 despu\u00e9s, permaneciendo all\u00ed hasta su muerte en septiembre de 1558.<\/p>\n<p>Algo pasadas las seis y media de la tarde, el general y su esposa salieron a la terraza del parador, en la que permanecieron descansando en unas tumbonas hasta pasadas las siete y media. Un descanso merecido, a la vista del kilometraje contabilizado por el \u201cTibur\u00f3n DS\u201d del general.<\/p>\n<div id=\"attachment_750\" style=\"width: 615px\" class=\"wp-caption aligncenter\"><a href=\"\/guirisporextremadura\/wp-content\/uploads\/sites\/70\/2016\/05\/cache_2415218814.jpg\"><img aria-describedby=\"caption-attachment-750\" loading=\"lazy\" class=\"size-full wp-image-750\" src=\"\/guirisporextremadura\/wp-content\/uploads\/sites\/70\/2016\/05\/cache_2415218814.jpg\" alt=\"Tibur\u00f3n DS de De Gaulle\" width=\"605\" height=\"423\" srcset=\"https:\/\/static-blogs.hoy.es\/wp-content\/uploads\/sites\/70\/2016\/05\/cache_2415218814.jpg 605w, https:\/\/static-blogs.hoy.es\/wp-content\/uploads\/sites\/70\/2016\/05\/cache_2415218814-300x210.jpg 300w\" sizes=\"(max-width: 605px) 100vw, 605px\" \/><\/a><p id=\"caption-attachment-750\" class=\"wp-caption-text\">Tibur\u00f3n DS de De Gaulle<\/p><\/div>\n<p>A las ocho y media, en uno de los salones, les fue servido el aperitivo, y a las nueve menos diez el general De Gaulle y su esposa se dispon\u00edan a cenar.<\/p>\n<p>Ma\u00f1ana, muy a primera hora, el general estar\u00e1 de nuevo en la carretera, con direcci\u00f3n al Parador Nacional de Turismo de Santo Domingo de la Calzada. Se afirma que marchar\u00e1 por la ruta de Salamanca a Burgos y desde aqu\u00ed hasta Santo Domingo para vivir su \u00faltima noche de vacaciones.<\/p>\n<p>R\u00c1PIDA VISITA A SEVILLA Y GRANADA<\/p>\n<p>Sevilla 24. A las nueve en punto de la ma\u00f1ana estaba el general De Gaulle, con su esposa y miembros del s\u00e9quito, ante la puerta de la catedral de Sevilla, para iniciar un brev\u00edsimo recorrido tur\u00edstico por el interior del templo.<\/p>\n<div id=\"attachment_751\" style=\"width: 500px\" class=\"wp-caption aligncenter\"><a href=\"\/guirisporextremadura\/wp-content\/uploads\/sites\/70\/2016\/05\/deGaulle_capilla.jpg\"><img aria-describedby=\"caption-attachment-751\" loading=\"lazy\" class=\"size-full wp-image-751\" src=\"\/guirisporextremadura\/wp-content\/uploads\/sites\/70\/2016\/05\/deGaulle_capilla.jpg\" alt=\"De Gaulle en Granada\" width=\"490\" height=\"578\" \/><\/a><p id=\"caption-attachment-751\" class=\"wp-caption-text\">De Gaulle en Granada<\/p><\/div>\n<p>De la catedral, el ex presidente y su esposa marcharon a los Reales Alc\u00e1zares. Siempre a toda prisa, han conocido el patio de las Doncellas, el de la Monter\u00eda, el sal\u00f3n de Carlos V y han contemplado, sin detenerse apenas, los jardines del palacio hispano-\u00e1rabe.<\/p>\n<p>El Parador de Jarandilla ha recibido desde siempre visitas de muy ilustres hu\u00e9spedes. Por decir algunas sin ning\u00fan orden y concierto: Barroso, mejor conocido como \u201c<em>Don Algod\u00f3n<\/em>\u201d. \u201c<em>Que viene mucho, que tiene una finca que ni se sabe\u201d<\/em>. Parece que de este Parador sali\u00f3 vestida su novia para celebrar su boda y, seg\u00fan lenguas, acompa\u00f1ada por la Infanta Cristina, amiga de los novios\u2026y entre tanto, y adem\u00e1s de De Gaulle, otros muchos viajeros como Severo Ochoa. \u00c1lvarez de Miranda, Camilo Jos\u00e9 Cela, Rafael Alberti\u2026<\/p>\n<!-- AddThis Advanced Settings generic via filter on the_content --><!-- AddThis Share Buttons generic via filter on the_content -->","protected":false},"excerpt":{"rendered":"<p>&nbsp; Charles de Gaulle (conocido como general De Gaulle), Lille, 22 de noviembre de 1890 \u2013 Columbey-les-Deux Eglises, 9 de noviembre de 1970, visit\u00f3 Espa\u00f1a, haciendo una ruta de Paradores, el \u00faltimo a\u00f1o de su vida, el posterior al a\u00f1o 1969 en que dej\u00f3 la pol\u00edtica activa, como consecuencia de los sucesos del mayo del [&hellip;]<!-- AddThis Advanced Settings generic via filter on get_the_excerpt --><!-- AddThis Share Buttons generic via filter on get_the_excerpt --><\/p>\n","protected":false},"author":77,"featured_media":0,"comment_status":"open","ping_status":"closed","sticky":false,"template":"","format":"standard","meta":[],"categories":[4],"tags":[],"_links":{"self":[{"href":"https:\/\/blogs.hoy.es\/guirisporextremadura\/wp-json\/wp\/v2\/posts\/746"}],"collection":[{"href":"https:\/\/blogs.hoy.es\/guirisporextremadura\/wp-json\/wp\/v2\/posts"}],"about":[{"href":"https:\/\/blogs.hoy.es\/guirisporextremadura\/wp-json\/wp\/v2\/types\/post"}],"author":[{"embeddable":true,"href":"https:\/\/blogs.hoy.es\/guirisporextremadura\/wp-json\/wp\/v2\/users\/77"}],"replies":[{"embeddable":true,"href":"https:\/\/blogs.hoy.es\/guirisporextremadura\/wp-json\/wp\/v2\/comments?post=746"}],"version-history":[{"count":0,"href":"https:\/\/blogs.hoy.es\/guirisporextremadura\/wp-json\/wp\/v2\/posts\/746\/revisions"}],"wp:attachment":[{"href":"https:\/\/blogs.hoy.es\/guirisporextremadura\/wp-json\/wp\/v2\/media?parent=746"}],"wp:term":[{"taxonomy":"category","embeddable":true,"href":"https:\/\/blogs.hoy.es\/guirisporextremadura\/wp-json\/wp\/v2\/categories?post=746"},{"taxonomy":"post_tag","embeddable":true,"href":"https:\/\/blogs.hoy.es\/guirisporextremadura\/wp-json\/wp\/v2\/tags?post=746"}],"curies":[{"name":"wp","href":"https:\/\/api.w.org\/{rel}","templated":true}]}}