{"id":778,"date":"2016-07-25T11:34:30","date_gmt":"2016-07-25T09:34:30","guid":{"rendered":"http:\/\/blogs.hoy.es\/guirisporextremadura\/?p=778"},"modified":"2016-07-25T11:34:30","modified_gmt":"2016-07-25T09:34:30","slug":"el-embajador-en-venecia-que-hizo-segun-la-edad","status":"publish","type":"post","link":"https:\/\/blogs.hoy.es\/guirisporextremadura\/2016\/07\/25\/el-embajador-en-venecia-que-hizo-segun-la-edad\/","title":{"rendered":"El embajador en Venecia que hizo seg\u00fan la edad"},"content":{"rendered":"<p>La Catedral de Badajoz mereci\u00f3 en el siglo XVIII un desafortunado comentario de Antonio Ponz, que la calific\u00f3 de monumento carente de gusto y de magnificencia. A\u00fan con la evidente falta de verdad de la cita, menos todav\u00eda podr\u00eda haberse referido el viajero al contenido del monumento. Sobre todo por la magn\u00edfica joya que alberga que sin temor a hip\u00e9rbole puede calificarse de obra exquisita del Renacimiento.<a href=\"\/guirisporextremadura\/wp-content\/uploads\/sites\/70\/2016\/07\/claustro11.jpg\"><img loading=\"lazy\" class=\" wp-image-783 \" src=\"\/guirisporextremadura\/wp-content\/uploads\/sites\/70\/2016\/07\/claustro11.jpg\" alt=\"Claustro Catedral\" width=\"576\" height=\"432\" srcset=\"https:\/\/static-blogs.hoy.es\/wp-content\/uploads\/sites\/70\/2016\/07\/claustro11.jpg 640w, https:\/\/static-blogs.hoy.es\/wp-content\/uploads\/sites\/70\/2016\/07\/claustro11-300x225.jpg 300w\" sizes=\"(max-width: 576px) 100vw, 576px\" \/><\/a><\/p>\n<div class=\"mceTemp\">\n<dl>\n<dd>Claustro Catedral<\/dd>\n<\/dl>\n<\/div>\n<p>&nbsp;<\/p>\n<p>&nbsp;<\/p>\n<p>Me refiero, claro es, a la lauda sepulcral, encargada para su tumba por Lorenzo Su\u00e1rez de Figueroa, sobrino carnal del primer conde de Feria, hombre derrochador, disipado y de gustos exquisitos, que vivi\u00f3 entre esplendores en la Italia del Renacimiento, lejos de su tierra extreme\u00f1a y de su dulce esposa, Do\u00f1a Isabel de Aguilar, hija \u00e9sta de Bartolom\u00e9 S\u00e1nchez de Badajoz, Secretario de Enrique IV de Castilla.<\/p>\n<p>Atribuido durante mucho tiempo a Alessandor Leopardi, parece ser que el bronce lo hizo por 1503 Pier Zuanne della Campan\u00e9, el que realiz\u00f3 para San Pedro Marcos, de Venecia, la Virgen della Scorpa.<\/p>\n<div id=\"attachment_781\" style=\"width: 266px\" class=\"wp-caption aligncenter\"><a href=\"\/guirisporextremadura\/wp-content\/uploads\/sites\/70\/2016\/07\/lauda-Lorenzo-Suarez-de-Figueroa1.jpg\"><img aria-describedby=\"caption-attachment-781\" loading=\"lazy\" class=\"size-full wp-image-781 \" src=\"\/guirisporextremadura\/wp-content\/uploads\/sites\/70\/2016\/07\/lauda-Lorenzo-Suarez-de-Figueroa1.jpg\" alt=\"Lauda sepulcral de Lorenzo Suarez de Figueroa\" width=\"256\" height=\"468\" srcset=\"https:\/\/static-blogs.hoy.es\/wp-content\/uploads\/sites\/70\/2016\/07\/lauda-Lorenzo-Suarez-de-Figueroa1.jpg 256w, https:\/\/static-blogs.hoy.es\/wp-content\/uploads\/sites\/70\/2016\/07\/lauda-Lorenzo-Suarez-de-Figueroa1-164x300.jpg 164w\" sizes=\"(max-width: 256px) 100vw, 256px\" \/><\/a><p id=\"caption-attachment-781\" class=\"wp-caption-text\">Lauda sepulcral de Lorenzo Suarez de Figueroa<\/p><\/div>\n<div class=\"mceTemp\"><\/div>\n<p>El noble, fue embajador en Roma y Venecia entre 1494 y 1506, a\u00f1o de su muerte en esta Seren\u00edsima Rep\u00fablica. Lorenzo envi\u00f3 a Badajoz la l\u00e1pida que deb\u00eda cubrir su tumba, en la que como primer detalle de originalidad, no aparece el futuro difunto orante o yacente, sino de pie, con porte distinguido y vistiendo a la moda del momento.<\/p>\n<p>&nbsp;<\/p>\n<p>Exquisitas filigranas y escudos de los Figueroa, Mendoza y Aguilar, existente como grutescos en la orla, completan el bell\u00edsimo conjunto de este bronce primorosamente ejecutado, que ostenta la tambi\u00e9n original inscripci\u00f3n redactada por el propio Lorenzo que dice as\u00ed:<\/p>\n<p><em>&#8220;Sepulcro de Loren\u00e7o Suarez de Figueroa y de Mendo\u00e7a con do\u00f1a Isabel de Agvilar su mvjer. Este en la juventud hizo seg\u00fan la edad y en las armas vso lo que convenia. Fue hecho despu\u00e9s del Consejo de svs altezas y enviado embaxador diversas veces. Asi confirm\u00f3 el exercicio con los a\u00f1os y dexa para despues esta memoria: lo que del mas sucediere d\u00edgalo su sucesor&#8221;.<\/em><\/p>\n<div id=\"attachment_784\" style=\"width: 310px\" class=\"wp-caption aligncenter\"><a href=\"\/guirisporextremadura\/wp-content\/uploads\/sites\/70\/2016\/07\/6-DSCN_009.jpg\"><img aria-describedby=\"caption-attachment-784\" loading=\"lazy\" class=\"size-medium wp-image-784\" src=\"\/guirisporextremadura\/wp-content\/uploads\/sites\/70\/2016\/07\/6-DSCN_009.jpg\" alt=\"Almez\" width=\"300\" height=\"171\" srcset=\"https:\/\/static-blogs.hoy.es\/wp-content\/uploads\/sites\/70\/2016\/07\/6-DSCN_009.jpg 1600w, https:\/\/static-blogs.hoy.es\/wp-content\/uploads\/sites\/70\/2016\/07\/6-DSCN_009-300x171.jpg 300w, https:\/\/static-blogs.hoy.es\/wp-content\/uploads\/sites\/70\/2016\/07\/6-DSCN_009-768x439.jpg 768w, https:\/\/static-blogs.hoy.es\/wp-content\/uploads\/sites\/70\/2016\/07\/6-DSCN_009-1024x585.jpg 1024w\" sizes=\"(max-width: 300px) 100vw, 300px\" \/><\/a><p id=\"caption-attachment-784\" class=\"wp-caption-text\">Ajimez y parteluz<\/p><\/div>\n<p><em><br \/>\n<\/em><br \/>\nCasado en Badajoz en 1481 con\u00a0 do\u00f1a Isabel de Aguilar, no tuvo descendencia con su esposa. Tuvo, sin embargo, don Lorenzo un hijo que le sucedi\u00f3 en la embajada de Venecia: Gonzalo Ruiz de Figueroa, que tambi\u00e9n sol\u00eda llamarse Gonzalo Ruiz de la Vega, hijo \u00e9ste, seg\u00fan declara don Lorenzo en su testamento, de su amante vallisoletana do\u00f1a Isabel Enr\u00edquez. Tuvo, adem\u00e1s, una hija natural: Do\u00f1a Leonor Laso de la Vega y Figueroa.<\/p>\n<p>En 1974, en la <span style=\"text-decoration: underline\">Revista de Estudios Extreme\u00f1os<\/span>, tomo XXX, n\u00fam. III, pag. 503, don Alfonso de Figueroa y Melgar, Duque de Tovar, persona bien documentada en el Archivo de la Casa de Medinaceli, de Sevilla, nos dice: &#8220;Raz\u00f3n ten\u00eda la pobre de do\u00f1a Isabel de Aguilar, pues adem\u00e1s de dejarla abandonada, no tuvo con ella, pero s\u00ed con su bella amante Isabel Enr\u00edquez, una hembra, do\u00f1a Leonor de la Vega, Fundadora y Abadesa del convento de Santa Ana, de Badajoz, fallecida en 1558, y Gonzalo Ruiz de Figueroa, tambi\u00e9n llamado Gonzalo Ruiz de la Vega&#8230;&#8221;. (<span style=\"text-decoration: underline\">Historia del Real Monasterio de Santa Ana<\/span>, Sor Mar\u00eda Celina Sosa Monsalve. Badajoz, 1995).<\/p>\n<div id=\"attachment_786\" style=\"width: 310px\" class=\"wp-caption alignleft\"><a href=\"\/guirisporextremadura\/wp-content\/uploads\/sites\/70\/2016\/07\/2238388791780253.jpg\"><img aria-describedby=\"caption-attachment-786\" loading=\"lazy\" class=\"size-medium wp-image-786\" src=\"\/guirisporextremadura\/wp-content\/uploads\/sites\/70\/2016\/07\/2238388791780253.jpg\" alt=\"Laguna de Venecia\" width=\"300\" height=\"199\" srcset=\"https:\/\/static-blogs.hoy.es\/wp-content\/uploads\/sites\/70\/2016\/07\/2238388791780253.jpg 850w, https:\/\/static-blogs.hoy.es\/wp-content\/uploads\/sites\/70\/2016\/07\/2238388791780253-300x199.jpg 300w, https:\/\/static-blogs.hoy.es\/wp-content\/uploads\/sites\/70\/2016\/07\/2238388791780253-768x510.jpg 768w\" sizes=\"(max-width: 300px) 100vw, 300px\" \/><\/a><p id=\"caption-attachment-786\" class=\"wp-caption-text\">Laguna de Venecia<\/p><\/div>\n<p>&nbsp;<\/p>\n<p>&nbsp;<\/p>\n<div id=\"attachment_790\" style=\"width: 310px\" class=\"wp-caption alignright\"><a href=\"\/guirisporextremadura\/wp-content\/uploads\/sites\/70\/2016\/07\/acuarela.jpg\"><img aria-describedby=\"caption-attachment-790\" loading=\"lazy\" class=\"size-medium wp-image-790\" src=\"\/guirisporextremadura\/wp-content\/uploads\/sites\/70\/2016\/07\/acuarela.jpg\" alt=\"Laguna de Venecia\" width=\"300\" height=\"214\" srcset=\"https:\/\/static-blogs.hoy.es\/wp-content\/uploads\/sites\/70\/2016\/07\/acuarela.jpg 800w, https:\/\/static-blogs.hoy.es\/wp-content\/uploads\/sites\/70\/2016\/07\/acuarela-300x215.jpg 300w, https:\/\/static-blogs.hoy.es\/wp-content\/uploads\/sites\/70\/2016\/07\/acuarela-768x550.jpg 768w\" sizes=\"(max-width: 300px) 100vw, 300px\" \/><\/a><p id=\"caption-attachment-790\" class=\"wp-caption-text\">Laguna de Venecia<\/p><\/div>\n<p>&nbsp;<\/p>\n<p>&nbsp;<\/p>\n<p>&nbsp;<\/p>\n<p>&nbsp;<\/p>\n<p>&nbsp;<\/p>\n<p>&nbsp;<\/p>\n<p>&nbsp;<\/p>\n<p>&nbsp;<\/p>\n<p>&nbsp;<\/p>\n<p>Lo cierto es que\u00a0 D. Lorenzo fue sepultado en Venecia y nunca utiliz\u00f3 su l\u00e1pida sepulcral y su esposa, D\u00aa\u00a0 Isabel de Aguilar, que se hab\u00eda quedado sola, abandonada en Badajoz, qued\u00f3 dicho en su testamento de 1519 lo siguiente: &#8220;Dentro de la capilla en que yo estuviere no se entierre otra persona sino la m\u00eda, pues es justo que quien tan sola fue en la vida no tenga compa\u00f1\u00eda en la muerte&#8221;.<br \/>\nComo el monumento nunca se utiliz\u00f3, se desmont\u00f3 el sepulcro y la l\u00e1pida pas\u00f3 a la Catedral de Badajoz, donde se puede contemplar actualmente en su claustro. Dada su enorme calidad, y el monto dinerario de su factura, podr\u00eda al d\u00eda de hoy calificarse la obra, como la encargada por un millonario del siglo XVI.<\/p>\n<p>Solos y lejos reposan los protagonistas de aquel fracaso amoroso tan desigualmente repartido, porque a ella le toco la triste soledad y a \u00e9l la alegr\u00eda de un vivir f\u00e1cil. Como \u00fanica compensaci\u00f3n las exquisiteces del esposo depararon a ambos c\u00f3nyuges el pervivir juntos, grabados sus nombres en este bronce sin tumba, joya preciosa del Renacimiento, que es sin la menor duda el mejor ornato de la Catedral pacense.<\/p>\n<p>Desde peque\u00f1o, y en el tiempo en que visitaba la Catedral con mis padres, he estado fascinado por la lauda, su inscripci\u00f3n, que constituye todo un programa de vida, \u00a0su est\u00e9tica y su bella historia de amor y desamor, de encuentro y desencuentro, de vida y de muerte, donde las aguas de la laguna de Venecia confluyen con las del Guadiana, en la vida fulgurante de los embajadores y todo un imaginario en torno al Renacimiento, y su plateada estela en esta tierra.<\/p>\n<!-- AddThis Advanced Settings generic via filter on the_content --><!-- AddThis Share Buttons generic via filter on the_content -->","protected":false},"excerpt":{"rendered":"<p>La Catedral de Badajoz mereci\u00f3 en el siglo XVIII un desafortunado comentario de Antonio Ponz, que la calific\u00f3 de monumento carente de gusto y de magnificencia. A\u00fan con la evidente falta de verdad de la cita, menos todav\u00eda podr\u00eda haberse referido el viajero al contenido del monumento. Sobre todo por la magn\u00edfica joya que alberga [&hellip;]<!-- AddThis Advanced Settings generic via filter on get_the_excerpt --><!-- AddThis Share Buttons generic via filter on get_the_excerpt --><\/p>\n","protected":false},"author":77,"featured_media":0,"comment_status":"open","ping_status":"closed","sticky":false,"template":"","format":"standard","meta":[],"categories":[6],"tags":[],"_links":{"self":[{"href":"https:\/\/blogs.hoy.es\/guirisporextremadura\/wp-json\/wp\/v2\/posts\/778"}],"collection":[{"href":"https:\/\/blogs.hoy.es\/guirisporextremadura\/wp-json\/wp\/v2\/posts"}],"about":[{"href":"https:\/\/blogs.hoy.es\/guirisporextremadura\/wp-json\/wp\/v2\/types\/post"}],"author":[{"embeddable":true,"href":"https:\/\/blogs.hoy.es\/guirisporextremadura\/wp-json\/wp\/v2\/users\/77"}],"replies":[{"embeddable":true,"href":"https:\/\/blogs.hoy.es\/guirisporextremadura\/wp-json\/wp\/v2\/comments?post=778"}],"version-history":[{"count":0,"href":"https:\/\/blogs.hoy.es\/guirisporextremadura\/wp-json\/wp\/v2\/posts\/778\/revisions"}],"wp:attachment":[{"href":"https:\/\/blogs.hoy.es\/guirisporextremadura\/wp-json\/wp\/v2\/media?parent=778"}],"wp:term":[{"taxonomy":"category","embeddable":true,"href":"https:\/\/blogs.hoy.es\/guirisporextremadura\/wp-json\/wp\/v2\/categories?post=778"},{"taxonomy":"post_tag","embeddable":true,"href":"https:\/\/blogs.hoy.es\/guirisporextremadura\/wp-json\/wp\/v2\/tags?post=778"}],"curies":[{"name":"wp","href":"https:\/\/api.w.org\/{rel}","templated":true}]}}