{"id":862,"date":"2016-09-20T13:38:44","date_gmt":"2016-09-20T11:38:44","guid":{"rendered":"http:\/\/blogs.hoy.es\/guirisporextremadura\/?p=853"},"modified":"2016-09-20T13:38:44","modified_gmt":"2016-09-20T11:38:44","slug":"badajoz-anos-treinta","status":"publish","type":"post","link":"https:\/\/blogs.hoy.es\/guirisporextremadura\/2016\/09\/20\/badajoz-anos-treinta\/","title":{"rendered":"Badajoz, a\u00f1os treinta"},"content":{"rendered":"<div id=\"attachment_855\" style=\"width: 310px\" class=\"wp-caption aligncenter\"><a href=\"\/guirisporextremadura\/wp-content\/uploads\/sites\/70\/2016\/09\/Calle-Menacho-antigua-del-Pozo2.jpg\"><img aria-describedby=\"caption-attachment-855\" loading=\"lazy\" class=\"size-medium wp-image-855\" src=\"\/guirisporextremadura\/wp-content\/uploads\/sites\/70\/2016\/09\/Calle-Menacho-antigua-del-Pozo2.jpg\" alt=\"Calle Menacho, antigua del Pozo\" width=\"300\" height=\"199\" \/><\/a><p id=\"caption-attachment-855\" class=\"wp-caption-text\">Calle Menacho, antigua del Pozo<\/p><\/div>\n<p>&nbsp;<\/p>\n<p>La fisonom\u00eda de las ciudades cambia poco a poco, pero cambia. A\u00fan sus monumentos m\u00e1s representativos acaban modific\u00e1ndose en detalles, y el paisaje urbano plasmado en calles y plazas tambi\u00e9n sufre alteraciones a lo largo del tiempo.<\/p>\n<p>As\u00ed ocurre con las fotograf\u00edas que Antonio Passaporte, a quien dedicamos una entrada anterior, realiz\u00f3 en Badajoz y M\u00e9rida a mediados de los a\u00f1os treinta del siglo pasado, hace ya ochenta a\u00f1os.<\/p>\n<div id=\"attachment_872\" style=\"width: 208px\" class=\"wp-caption aligncenter\"><a href=\"\/guirisporextremadura\/wp-content\/uploads\/sites\/70\/2016\/09\/Hospital-Provincial2.jpg\"><img aria-describedby=\"caption-attachment-872\" loading=\"lazy\" class=\"size-medium wp-image-872\" src=\"\/guirisporextremadura\/wp-content\/uploads\/sites\/70\/2016\/09\/Hospital-Provincial2.jpg\" alt=\"Hospital Provincial\" width=\"198\" height=\"300\" \/><\/a><p id=\"caption-attachment-872\" class=\"wp-caption-text\">Hospital Provincial<\/p><\/div>\n<p>&nbsp;<\/p>\n<p>&nbsp;<\/p>\n<div id=\"attachment_856\" style=\"width: 209px\" class=\"wp-caption alignleft\"><a href=\"\/guirisporextremadura\/wp-content\/uploads\/sites\/70\/2016\/09\/Calle-Moreno-Nieto-hoy-del-Obispo1.jpg\"><img aria-describedby=\"caption-attachment-856\" loading=\"lazy\" class=\"size-medium wp-image-856\" src=\"\/guirisporextremadura\/wp-content\/uploads\/sites\/70\/2016\/09\/Calle-Moreno-Nieto-hoy-del-Obispo1.jpg\" alt=\"Calle Moreno Nieto, hoy del Obispo\" width=\"199\" height=\"300\" \/><\/a><p id=\"caption-attachment-856\" class=\"wp-caption-text\">Calle Moreno Nieto, hoy del Obispo<\/p><\/div>\n<div class=\"mceTemp mceIEcenter\">\n<div id=\"attachment_858\" style=\"width: 310px\" class=\"wp-caption alignright\"><a href=\"\/guirisporextremadura\/wp-content\/uploads\/sites\/70\/2016\/09\/Hospital-Militar2.jpg\"><img aria-describedby=\"caption-attachment-858\" loading=\"lazy\" class=\"size-medium wp-image-858\" src=\"\/guirisporextremadura\/wp-content\/uploads\/sites\/70\/2016\/09\/Hospital-Militar2.jpg\" alt=\"Hospital Militar\" width=\"300\" height=\"200\" \/><\/a><p id=\"caption-attachment-858\" class=\"wp-caption-text\">Hospital Militar<\/p><\/div>\n<\/div>\n<div class=\"mceTemp mceIEcenter\">\n&nbsp;<\/p>\n<div id=\"attachment_860\" style=\"width: 209px\" class=\"wp-caption aligncenter\"><a href=\"\/guirisporextremadura\/wp-content\/uploads\/sites\/70\/2016\/09\/Catedral2.jpg\"><img aria-describedby=\"caption-attachment-860\" loading=\"lazy\" class=\"size-medium wp-image-860\" src=\"\/guirisporextremadura\/wp-content\/uploads\/sites\/70\/2016\/09\/Catedral2.jpg\" alt=\"Catedral\" width=\"199\" height=\"300\" \/><\/a><p id=\"caption-attachment-860\" class=\"wp-caption-text\">Catedral<\/p><\/div>\n<div id=\"attachment_861\" style=\"width: 310px\" class=\"wp-caption alignleft\"><a href=\"\/guirisporextremadura\/wp-content\/uploads\/sites\/70\/2016\/09\/Palacio-Municipal1.jpg\"><img aria-describedby=\"caption-attachment-861\" loading=\"lazy\" class=\"size-medium wp-image-861\" src=\"\/guirisporextremadura\/wp-content\/uploads\/sites\/70\/2016\/09\/Palacio-Municipal1.jpg\" alt=\"Palacio Municipal\" width=\"300\" height=\"200\" \/><\/a><p id=\"caption-attachment-861\" class=\"wp-caption-text\">Palacio Municipal<\/p><\/div>\n<div id=\"attachment_862\" style=\"width: 210px\" class=\"wp-caption alignright\"><a href=\"\/guirisporextremadura\/wp-content\/uploads\/sites\/70\/2016\/09\/Parque-de-Castelar2.jpg\"><img aria-describedby=\"caption-attachment-862\" loading=\"lazy\" class=\"size-medium wp-image-862\" src=\"\/guirisporextremadura\/wp-content\/uploads\/sites\/70\/2016\/09\/Parque-de-Castelar2.jpg\" alt=\"Parque de Castelar\" width=\"200\" height=\"300\" \/><\/a><p id=\"caption-attachment-862\" class=\"wp-caption-text\">Parque de Castelar<\/p><\/div>\n<div id=\"attachment_863\" style=\"width: 209px\" class=\"wp-caption aligncenter\"><a href=\"\/guirisporextremadura\/wp-content\/uploads\/sites\/70\/2016\/09\/Plaza-de-Cervantes1.jpg\"><img aria-describedby=\"caption-attachment-863\" loading=\"lazy\" class=\"size-medium wp-image-863\" src=\"\/guirisporextremadura\/wp-content\/uploads\/sites\/70\/2016\/09\/Plaza-de-Cervantes1.jpg\" alt=\"Plaza de Cervantes\" width=\"199\" height=\"300\" \/><\/a><p id=\"caption-attachment-863\" class=\"wp-caption-text\">Plaza de Cervantes<\/p><\/div>\n<div id=\"attachment_864\" style=\"width: 250px\" class=\"wp-caption aligncenter\"><a href=\"\/guirisporextremadura\/wp-content\/uploads\/sites\/70\/2016\/09\/Puerta-de-Palmas1.jpg\"><img aria-describedby=\"caption-attachment-864\" loading=\"lazy\" class=\"size-medium wp-image-864\" src=\"\/guirisporextremadura\/wp-content\/uploads\/sites\/70\/2016\/09\/Puerta-de-Palmas1.jpg\" alt=\"Puerta de Palmas\" width=\"240\" height=\"300\" \/><\/a><p id=\"caption-attachment-864\" class=\"wp-caption-text\">Puerta de Palmas<\/p><\/div>\n<div id=\"attachment_873\" style=\"width: 310px\" class=\"wp-caption aligncenter\"><a href=\"\/guirisporextremadura\/wp-content\/uploads\/sites\/70\/2016\/09\/Hornabeque-del-Puente-Viejo1.jpg\"><img aria-describedby=\"caption-attachment-873\" loading=\"lazy\" class=\"size-medium wp-image-873\" src=\"\/guirisporextremadura\/wp-content\/uploads\/sites\/70\/2016\/09\/Hornabeque-del-Puente-Viejo1.jpg\" alt=\"Hornabeque del Puente Viejo\" width=\"300\" height=\"200\" \/><\/a><p id=\"caption-attachment-873\" class=\"wp-caption-text\">Hornabeque del Puente Viejo<\/p><\/div>\n<p>&nbsp;<\/p>\n<p>&nbsp;<\/p>\n<p>&nbsp;<\/p>\n<div id=\"attachment_865\" style=\"width: 211px\" class=\"wp-caption alignleft\"><a href=\"\/guirisporextremadura\/wp-content\/uploads\/sites\/70\/2016\/09\/Acueducto-practicable1.jpg\"><img aria-describedby=\"caption-attachment-865\" loading=\"lazy\" class=\"size-medium wp-image-865\" src=\"\/guirisporextremadura\/wp-content\/uploads\/sites\/70\/2016\/09\/Acueducto-practicable1.jpg\" alt=\"Acueducto practicable\" width=\"201\" height=\"300\" \/><\/a><p id=\"caption-attachment-865\" class=\"wp-caption-text\">Acueducto practicable<\/p><\/div>\n<div id=\"attachment_866\" style=\"width: 310px\" class=\"wp-caption alignright\"><a href=\"\/guirisporextremadura\/wp-content\/uploads\/sites\/70\/2016\/09\/Acueducto2.jpg\"><img aria-describedby=\"caption-attachment-866\" loading=\"lazy\" class=\"size-medium wp-image-866\" src=\"\/guirisporextremadura\/wp-content\/uploads\/sites\/70\/2016\/09\/Acueducto2.jpg\" alt=\"Acueducto\" width=\"300\" height=\"197\" \/><\/a><p id=\"caption-attachment-866\" class=\"wp-caption-text\">Acueducto<\/p><\/div>\n<div id=\"attachment_867\" style=\"width: 310px\" class=\"wp-caption aligncenter\"><a href=\"\/guirisporextremadura\/wp-content\/uploads\/sites\/70\/2016\/09\/Estado-del-Teatro1.jpg\"><img aria-describedby=\"caption-attachment-867\" loading=\"lazy\" class=\"size-medium wp-image-867\" src=\"\/guirisporextremadura\/wp-content\/uploads\/sites\/70\/2016\/09\/Estado-del-Teatro1.jpg\" alt=\"Estado del Teatro\" width=\"300\" height=\"199\" \/><\/a><p id=\"caption-attachment-867\" class=\"wp-caption-text\">Estado del Teatro<\/p><\/div>\n<div id=\"attachment_868\" style=\"width: 210px\" class=\"wp-caption alignleft\"><a href=\"\/guirisporextremadura\/wp-content\/uploads\/sites\/70\/2016\/09\/Plaza-de-Espa\u00f1a-M\u00e9rida2.jpg\"><img aria-describedby=\"caption-attachment-868\" loading=\"lazy\" class=\"size-medium wp-image-868\" src=\"\/guirisporextremadura\/wp-content\/uploads\/sites\/70\/2016\/09\/Plaza-de-Espa\u00f1a-M\u00e9rida2.jpg\" alt=\"Plaza de Espa\u00f1a M\u00e9rida\" width=\"200\" height=\"300\" \/><\/a><p id=\"caption-attachment-868\" class=\"wp-caption-text\">Plaza de Espa\u00f1a M\u00e9rida<\/p><\/div>\n<p>&nbsp;<\/p>\n<p>&nbsp;<\/p>\n<div id=\"attachment_870\" style=\"width: 310px\" class=\"wp-caption alignright\"><a href=\"\/guirisporextremadura\/wp-content\/uploads\/sites\/70\/2016\/09\/Plaza-de-Toros-San-Alb\u00edn1.jpg\"><img aria-describedby=\"caption-attachment-870\" loading=\"lazy\" class=\"size-medium wp-image-870\" src=\"\/guirisporextremadura\/wp-content\/uploads\/sites\/70\/2016\/09\/Plaza-de-Toros-San-Alb\u00edn1.jpg\" alt=\"Plaza de Toros San Alb\u00edn\" width=\"300\" height=\"200\" \/><\/a><p id=\"caption-attachment-870\" class=\"wp-caption-text\">Plaza de Toros San Alb\u00edn<\/p><\/div>\n<p>&nbsp;<\/p>\n<p>&nbsp;<\/p>\n<p>&nbsp;<\/p>\n<p>&nbsp;<\/p>\n<p>&nbsp;<\/p>\n<p>&nbsp;<\/p>\n<p>&nbsp;<\/p>\n<p>&nbsp;<\/p>\n<p>&nbsp;<\/p>\n<div id=\"attachment_871\" style=\"width: 310px\" class=\"wp-caption aligncenter\"><a href=\"\/guirisporextremadura\/wp-content\/uploads\/sites\/70\/2016\/09\/Puente-de-M\u00e9rida.jpg\"><img aria-describedby=\"caption-attachment-871\" loading=\"lazy\" class=\"size-medium wp-image-871\" src=\"\/guirisporextremadura\/wp-content\/uploads\/sites\/70\/2016\/09\/Puente-de-M\u00e9rida.jpg\" alt=\"Puente de M\u00e9rida\" width=\"300\" height=\"199\" \/><\/a><p id=\"caption-attachment-871\" class=\"wp-caption-text\">Puente de M\u00e9rida<\/p><\/div>\n<\/div>\n<!-- AddThis Advanced Settings generic via filter on the_content --><!-- AddThis Share Buttons generic via filter on the_content -->","protected":false},"excerpt":{"rendered":"<p>&nbsp; La fisonom\u00eda de las ciudades cambia poco a poco, pero cambia. A\u00fan sus monumentos m\u00e1s representativos acaban modific\u00e1ndose en detalles, y el paisaje urbano plasmado en calles y plazas tambi\u00e9n sufre alteraciones a lo largo del tiempo. As\u00ed ocurre con las fotograf\u00edas que Antonio Passaporte, a quien dedicamos una entrada anterior, realiz\u00f3 en Badajoz [&hellip;]<!-- AddThis Advanced Settings generic via filter on get_the_excerpt --><!-- AddThis Share Buttons generic via filter on get_the_excerpt --><\/p>\n","protected":false},"author":77,"featured_media":0,"comment_status":"open","ping_status":"closed","sticky":false,"template":"","format":"standard","meta":[],"categories":[2],"tags":[],"_links":{"self":[{"href":"https:\/\/blogs.hoy.es\/guirisporextremadura\/wp-json\/wp\/v2\/posts\/862"}],"collection":[{"href":"https:\/\/blogs.hoy.es\/guirisporextremadura\/wp-json\/wp\/v2\/posts"}],"about":[{"href":"https:\/\/blogs.hoy.es\/guirisporextremadura\/wp-json\/wp\/v2\/types\/post"}],"author":[{"embeddable":true,"href":"https:\/\/blogs.hoy.es\/guirisporextremadura\/wp-json\/wp\/v2\/users\/77"}],"replies":[{"embeddable":true,"href":"https:\/\/blogs.hoy.es\/guirisporextremadura\/wp-json\/wp\/v2\/comments?post=862"}],"version-history":[{"count":0,"href":"https:\/\/blogs.hoy.es\/guirisporextremadura\/wp-json\/wp\/v2\/posts\/862\/revisions"}],"wp:attachment":[{"href":"https:\/\/blogs.hoy.es\/guirisporextremadura\/wp-json\/wp\/v2\/media?parent=862"}],"wp:term":[{"taxonomy":"category","embeddable":true,"href":"https:\/\/blogs.hoy.es\/guirisporextremadura\/wp-json\/wp\/v2\/categories?post=862"},{"taxonomy":"post_tag","embeddable":true,"href":"https:\/\/blogs.hoy.es\/guirisporextremadura\/wp-json\/wp\/v2\/tags?post=862"}],"curies":[{"name":"wp","href":"https:\/\/api.w.org\/{rel}","templated":true}]}}