{"id":894,"date":"2016-10-06T18:34:34","date_gmt":"2016-10-06T16:34:34","guid":{"rendered":"http:\/\/blogs.hoy.es\/guirisporextremadura\/?p=874"},"modified":"2016-10-06T18:34:34","modified_gmt":"2016-10-06T16:34:34","slug":"caballo-en-rectorado","status":"publish","type":"post","link":"https:\/\/blogs.hoy.es\/guirisporextremadura\/2016\/10\/06\/caballo-en-rectorado\/","title":{"rendered":"Caballo en Rectorado"},"content":{"rendered":"<p>Traemos hoy a <em>guiris por Extremadura<\/em> un guiri desconocido para muchos, aunque tambi\u00e9n muchos hayamos visto su obra que permanece entre nosotros desde 1994.<\/p>\n<div id=\"attachment_875\" style=\"width: 310px\" class=\"wp-caption aligncenter\"><a href=\"\/guirisporextremadura\/wp-content\/uploads\/sites\/70\/2016\/10\/eescapada.jpg\"><img aria-describedby=\"caption-attachment-875\" loading=\"lazy\" class=\"size-medium wp-image-875\" src=\"\/guirisporextremadura\/wp-content\/uploads\/sites\/70\/2016\/10\/eescapada.jpg\" alt=\"Escapada\" width=\"300\" height=\"249\" \/><\/a><p id=\"caption-attachment-875\" class=\"wp-caption-text\">Escapada<\/p><\/div>\n<p>Se trata de Roy Shifrin, escultor neoyorkino con obra en Badajoz, concretamente en la fachada del Rectorado de la Universidad de Extremadura, en la Avda. de Elvas.<\/p>\n<div id=\"attachment_876\" style=\"width: 310px\" class=\"wp-caption aligncenter\"><a href=\"\/guirisporextremadura\/wp-content\/uploads\/sites\/70\/2016\/10\/Xhorses-1.gif\"><img aria-describedby=\"caption-attachment-876\" loading=\"lazy\" class=\"size-medium wp-image-876\" src=\"\/guirisporextremadura\/wp-content\/uploads\/sites\/70\/2016\/10\/Xhorses-1.gif\" alt=\"El artista con su obra\" width=\"300\" height=\"174\" \/><\/a><p id=\"caption-attachment-876\" class=\"wp-caption-text\">El artista con su obra<\/p><\/div>\n<p>&nbsp;<\/p>\n<p>Efectivamente fue en 1994 cuando esta peculiar escultura se instal\u00f3 en el campus universitario de Badajoz, donada por Diego Hidalgo Schnur al finalizar su mandato como primer presidente del Consejo Social de la Universidad de Extremadura.<\/p>\n<div id=\"attachment_877\" style=\"width: 310px\" class=\"wp-caption alignleft\"><a href=\"\/guirisporextremadura\/wp-content\/uploads\/sites\/70\/2016\/10\/tumblr_nthyxmkAfa1to4rjro1_540.jpg\"><img aria-describedby=\"caption-attachment-877\" loading=\"lazy\" class=\"size-medium wp-image-877\" src=\"\/guirisporextremadura\/wp-content\/uploads\/sites\/70\/2016\/10\/tumblr_nthyxmkAfa1to4rjro1_540.jpg\" alt=\"Rectorado\" width=\"300\" height=\"225\" \/><\/a><p id=\"caption-attachment-877\" class=\"wp-caption-text\">Rectorado<\/p><\/div>\n<p>&nbsp;<\/p>\n<p>&nbsp;<\/p>\n<p>&nbsp;<\/p>\n<div id=\"attachment_878\" style=\"width: 310px\" class=\"wp-caption alignright\"><a href=\"\/guirisporextremadura\/wp-content\/uploads\/sites\/70\/2016\/10\/tumblr_nthyxmkAfa1to4rjro2_540.jpg\"><img aria-describedby=\"caption-attachment-878\" loading=\"lazy\" class=\"size-medium wp-image-878\" src=\"\/guirisporextremadura\/wp-content\/uploads\/sites\/70\/2016\/10\/tumblr_nthyxmkAfa1to4rjro2_540.jpg\" alt=\"Rectorado\" width=\"300\" height=\"225\" \/><\/a><p id=\"caption-attachment-878\" class=\"wp-caption-text\">Rectorado<\/p><\/div>\n<p>&nbsp;<\/p>\n<p>&nbsp;<\/p>\n<p>&nbsp;<\/p>\n<p>&nbsp;<\/p>\n<p>&nbsp;<\/p>\n<p>&nbsp;<\/p>\n<p>&nbsp;<\/p>\n<p>&nbsp;<\/p>\n<p>&nbsp;<\/p>\n<p>&nbsp;<\/p>\n<p>La escultura, que est\u00e1 realizada en bronce y fundida en el taller de Vila Vals en Tarragona, representa a tres caballos rampantes unidos en un solo cuerpo, simbolizando la nobleza y la fortaleza de un animal que fue determinante en el descubrimiento de Am\u00e9rica y una aportaci\u00f3n m\u00e1s de la cultura hispana al desarrollo de los Estados Unidos y de Canad\u00e1, al introducirlos los descubridores, muchos de ellos extreme\u00f1os, no solo en el centro y sur de Am\u00e9rica, sino tambi\u00e9n en el norte.<\/p>\n<p>En el pedestal de esta estatua aparece una leyenda que explica c\u00f3mo un d\u00eda apareci\u00f3 un animal nuevo nunca antes visto en las grandes llanuras norteamericanas, con toda seguridad huido de los corrales de los conquistadores espa\u00f1oles, que pronto cambiar\u00eda la cultura india para siempre. El caballo revolucion\u00f3 la caza del b\u00fafalo y permiti\u00f3 que la obtenci\u00f3n del alimento y del vestuario fuera mucho m\u00e1s f\u00e1cil y abundante, trayendo consigo la \u00abedad de oro\u00bb de esta cultura.<\/p>\n<div id=\"attachment_879\" style=\"width: 235px\" class=\"wp-caption alignleft\"><a href=\"\/guirisporextremadura\/wp-content\/uploads\/sites\/70\/2016\/10\/1f4a14f6a9057a225e93846d6fcd6bf3.jpg\"><img aria-describedby=\"caption-attachment-879\" loading=\"lazy\" class=\"size-medium wp-image-879\" src=\"\/guirisporextremadura\/wp-content\/uploads\/sites\/70\/2016\/10\/1f4a14f6a9057a225e93846d6fcd6bf3.jpg\" alt=\"Marco Aurelio\" width=\"225\" height=\"300\" \/><\/a><p id=\"caption-attachment-879\" class=\"wp-caption-text\">Marco Aurelio<\/p><\/div>\n<p>&nbsp;<\/p>\n<div id=\"attachment_880\" style=\"width: 310px\" class=\"wp-caption alignright\"><a href=\"\/guirisporextremadura\/wp-content\/uploads\/sites\/70\/2016\/10\/0003.jpg\"><img aria-describedby=\"caption-attachment-880\" loading=\"lazy\" class=\"size-medium wp-image-880\" src=\"\/guirisporextremadura\/wp-content\/uploads\/sites\/70\/2016\/10\/0003.jpg\" alt=\"Condottiero Gattamelata\" width=\"300\" height=\"218\" \/><\/a><p id=\"caption-attachment-880\" class=\"wp-caption-text\">Condottiero Gattamelata<\/p><\/div>\n<p>&nbsp;<\/p>\n<p>&nbsp;<\/p>\n<p>&nbsp;<\/p>\n<p>&nbsp;<\/p>\n<p>&nbsp;<\/p>\n<p>&nbsp;<\/p>\n<p>&nbsp;<\/p>\n<p>&nbsp;<\/p>\n<p>&nbsp;<\/p>\n<p>&nbsp;<\/p>\n<p>La larga tradici\u00f3n de estatuas a caballo, o de caballos, desde Marco Aurelio al Condottiero Gattamelata, o los caballos de Marly se incorpora a la iconograf\u00eda universitaria con los Portadores de la antorcha, obra de Anna Hyatt Huntingyon que actualmente preside el campus de la Complutense en la ciudad universitaria de Madrid.<\/p>\n<div id=\"attachment_881\" style=\"width: 224px\" class=\"wp-caption alignleft\"><a href=\"\/guirisporextremadura\/wp-content\/uploads\/sites\/70\/2016\/10\/untitled1.png\"><img aria-describedby=\"caption-attachment-881\" loading=\"lazy\" class=\"size-full wp-image-881\" src=\"\/guirisporextremadura\/wp-content\/uploads\/sites\/70\/2016\/10\/untitled1.png\" alt=\"Caballos de Marly\" width=\"214\" height=\"235\" \/><\/a><p id=\"caption-attachment-881\" class=\"wp-caption-text\">Caballos de Marly<\/p><\/div>\n<p>&nbsp;<\/p>\n<div id=\"attachment_882\" style=\"width: 310px\" class=\"wp-caption alignright\"><a href=\"\/guirisporextremadura\/wp-content\/uploads\/sites\/70\/2016\/10\/untitled.png\"><img aria-describedby=\"caption-attachment-882\" loading=\"lazy\" class=\"size-medium wp-image-882\" src=\"\/guirisporextremadura\/wp-content\/uploads\/sites\/70\/2016\/10\/untitled.png\" alt=\"Portadores de la Antorcha\" width=\"300\" height=\"289\" \/><\/a><p id=\"caption-attachment-882\" class=\"wp-caption-text\">Portadores de la Antorcha<\/p><\/div>\n<p>&nbsp;<\/p>\n<p>&nbsp;<\/p>\n<p>&nbsp;<\/p>\n<p>&nbsp;<\/p>\n<p>&nbsp;<\/p>\n<p>&nbsp;<\/p>\n<p>&nbsp;<\/p>\n<p>&nbsp;<\/p>\n<p>&nbsp;<\/p>\n<p>&nbsp;<\/p>\n<p>&nbsp;<\/p>\n<p>&nbsp;<\/p>\n<div id=\"attachment_883\" style=\"width: 255px\" class=\"wp-caption aligncenter\"><a href=\"\/guirisporextremadura\/wp-content\/uploads\/sites\/70\/2016\/10\/Los_portadores_de_la_antorcha_-_11.jpg\"><img aria-describedby=\"caption-attachment-883\" loading=\"lazy\" class=\"size-full wp-image-883\" src=\"\/guirisporextremadura\/wp-content\/uploads\/sites\/70\/2016\/10\/Los_portadores_de_la_antorcha_-_11.jpg\" alt=\"Ciudad universitaria de Madrid\" width=\"245\" height=\"177\" \/><\/a><p id=\"caption-attachment-883\" class=\"wp-caption-text\">Ciudad universitaria de Madrid<\/p><\/div>\n<p>Roy Shifrin naci\u00f3 y asisti\u00f3 a la escuela de arte en la ciudad de Nueva York y posteriormente en Vermont. Trabaja sobre todo como escultor en bronce, en los \u00faltimos treinta a\u00f1os \u00a0ha completado quince grandes encargos p\u00fablicos tanto en Europa como en EEUU.<\/p>\n<div id=\"attachment_884\" style=\"width: 310px\" class=\"wp-caption alignleft\"><a href=\"\/guirisporextremadura\/wp-content\/uploads\/sites\/70\/2016\/10\/Leaper-8.jpg\"><img aria-describedby=\"caption-attachment-884\" loading=\"lazy\" class=\"size-medium wp-image-884\" src=\"\/guirisporextremadura\/wp-content\/uploads\/sites\/70\/2016\/10\/Leaper-8.jpg\" alt=\"Roy Shifrin\" width=\"300\" height=\"225\" \/><\/a><p id=\"caption-attachment-884\" class=\"wp-caption-text\">Roy Shifrin<\/p><\/div>\n<p>&nbsp;<\/p>\n<div id=\"attachment_885\" style=\"width: 310px\" class=\"wp-caption alignright\"><a href=\"\/guirisporextremadura\/wp-content\/uploads\/sites\/70\/2016\/10\/memorial-international-brigades-barcelona.jpg\"><img aria-describedby=\"caption-attachment-885\" loading=\"lazy\" class=\"size-medium wp-image-885\" src=\"\/guirisporextremadura\/wp-content\/uploads\/sites\/70\/2016\/10\/memorial-international-brigades-barcelona.jpg\" alt=\"Obra en Barcelona\" width=\"300\" height=\"199\" \/><\/a><p id=\"caption-attachment-885\" class=\"wp-caption-text\">Obra en Barcelona<\/p><\/div>\n<p>&nbsp;<\/p>\n<p>&nbsp;<\/p>\n<p>&nbsp;<\/p>\n<p>&nbsp;<\/p>\n<p>&nbsp;<\/p>\n<p>&nbsp;<\/p>\n<p>&nbsp;<\/p>\n<p>&nbsp;<\/p>\n<p>Tambi\u00e9n trabaja para particulares, estados y municipios. Muchas de estas obras han sido premiadas y a su vez muchas otras se han convertido en \u00a0logotipos de las organizaciones de arte y de negocios.<\/p>\n<p>Ha tenido cuatro exposiciones individuales en Nueva York, seis en Londres, siete en Barcelona, \u200b\u200bas\u00ed como muchas muestras colectivas y museos en ambos lados del Atl\u00e1ntico.<\/p>\n<p><a href=\"\/guirisporextremadura\/wp-content\/uploads\/sites\/70\/2016\/10\/sss.jpg\"><img loading=\"lazy\" class=\"size-full wp-image-897 alignleft\" src=\"\/guirisporextremadura\/wp-content\/uploads\/sites\/70\/2016\/10\/sss.jpg\" alt=\"\" width=\"191\" height=\"134\" \/><\/a><\/p>\n<p>&nbsp;<\/p>\n<div id=\"attachment_898\" style=\"width: 205px\" class=\"wp-caption aligncenter\"><a href=\"\/guirisporextremadura\/wp-content\/uploads\/sites\/70\/2016\/10\/sd.jpg\"><img aria-describedby=\"caption-attachment-898\" loading=\"lazy\" class=\"size-full wp-image-898\" src=\"\/guirisporextremadura\/wp-content\/uploads\/sites\/70\/2016\/10\/sd.jpg\" alt=\"Astronauta\" width=\"195\" height=\"285\" \/><\/a><p id=\"caption-attachment-898\" class=\"wp-caption-text\">Astronauta<\/p><\/div>\n<p>&nbsp;<\/p>\n<p>&nbsp;<\/p>\n<p>&nbsp;<\/p>\n<p>Adem\u00e1s de escultor Shifrin es tambi\u00e9n un artista gr\u00e1fico que trabaja sobre todo en xilograf\u00eda y litograf\u00eda. Recientemente ha terminado una serie de impresi\u00f3n de figuras desnudas.<\/p>\n<p>Desde su etapa en la escuela de arte tambi\u00e9n se ha dedicado a la escritura. Recientemente ha publicado un libro que contiene 200 de sus poemas.<\/p>\n<p>&nbsp;<\/p>\n<!-- AddThis Advanced Settings generic via filter on the_content --><!-- AddThis Share Buttons generic via filter on the_content -->","protected":false},"excerpt":{"rendered":"<p>Traemos hoy a guiris por Extremadura un guiri desconocido para muchos, aunque tambi\u00e9n muchos hayamos visto su obra que permanece entre nosotros desde 1994. Se trata de Roy Shifrin, escultor neoyorkino con obra en Badajoz, concretamente en la fachada del Rectorado de la Universidad de Extremadura, en la Avda. de Elvas. &nbsp; Efectivamente fue en [&hellip;]<!-- AddThis Advanced Settings generic via filter on get_the_excerpt --><!-- AddThis Share Buttons generic via filter on get_the_excerpt --><\/p>\n","protected":false},"author":77,"featured_media":0,"comment_status":"open","ping_status":"closed","sticky":false,"template":"","format":"standard","meta":[],"categories":[6],"tags":[],"_links":{"self":[{"href":"https:\/\/blogs.hoy.es\/guirisporextremadura\/wp-json\/wp\/v2\/posts\/894"}],"collection":[{"href":"https:\/\/blogs.hoy.es\/guirisporextremadura\/wp-json\/wp\/v2\/posts"}],"about":[{"href":"https:\/\/blogs.hoy.es\/guirisporextremadura\/wp-json\/wp\/v2\/types\/post"}],"author":[{"embeddable":true,"href":"https:\/\/blogs.hoy.es\/guirisporextremadura\/wp-json\/wp\/v2\/users\/77"}],"replies":[{"embeddable":true,"href":"https:\/\/blogs.hoy.es\/guirisporextremadura\/wp-json\/wp\/v2\/comments?post=894"}],"version-history":[{"count":0,"href":"https:\/\/blogs.hoy.es\/guirisporextremadura\/wp-json\/wp\/v2\/posts\/894\/revisions"}],"wp:attachment":[{"href":"https:\/\/blogs.hoy.es\/guirisporextremadura\/wp-json\/wp\/v2\/media?parent=894"}],"wp:term":[{"taxonomy":"category","embeddable":true,"href":"https:\/\/blogs.hoy.es\/guirisporextremadura\/wp-json\/wp\/v2\/categories?post=894"},{"taxonomy":"post_tag","embeddable":true,"href":"https:\/\/blogs.hoy.es\/guirisporextremadura\/wp-json\/wp\/v2\/tags?post=894"}],"curies":[{"name":"wp","href":"https:\/\/api.w.org\/{rel}","templated":true}]}}