{"id":899,"date":"2016-10-19T11:16:24","date_gmt":"2016-10-19T09:16:24","guid":{"rendered":"http:\/\/blogs.hoy.es\/guirisporextremadura\/?p=899"},"modified":"2016-10-19T11:16:24","modified_gmt":"2016-10-19T09:16:24","slug":"el-holandes-constante","status":"publish","type":"post","link":"https:\/\/blogs.hoy.es\/guirisporextremadura\/2016\/10\/19\/el-holandes-constante\/","title":{"rendered":"El holand\u00e9s constante"},"content":{"rendered":"<p>&nbsp;<\/p>\n<p>&nbsp;<\/p>\n<div id=\"attachment_908\" style=\"width: 310px\" class=\"wp-caption aligncenter\"><a href=\"\/guirisporextremadura\/wp-content\/uploads\/sites\/70\/2016\/10\/hqdefault1.jpg\"><img aria-describedby=\"caption-attachment-908\" loading=\"lazy\" class=\"size-medium wp-image-908\" src=\"\/guirisporextremadura\/wp-content\/uploads\/sites\/70\/2016\/10\/hqdefault1.jpg\" alt=\"Alwin van der Linde\" width=\"300\" height=\"225\" srcset=\"https:\/\/static-blogs.hoy.es\/wp-content\/uploads\/sites\/70\/2016\/10\/hqdefault1.jpg 480w, https:\/\/static-blogs.hoy.es\/wp-content\/uploads\/sites\/70\/2016\/10\/hqdefault1-300x225.jpg 300w\" sizes=\"(max-width: 300px) 100vw, 300px\" \/><\/a><p id=\"caption-attachment-908\" class=\"wp-caption-text\">Alwin van der Linde<\/p><\/div>\n<p>&nbsp;<\/p>\n<p>&nbsp;<\/p>\n<p>Un antiguo eslogan publicitario de KLM aerol\u00edneas de los Pa\u00edses Bajos, o sea, Holanda, publicitaba que, <em>Volar<\/em> <em>es normal para los holandeses<\/em>.<\/p>\n<p>&nbsp;<\/p>\n<p>&nbsp;<\/p>\n<div id=\"attachment_907\" style=\"width: 255px\" class=\"wp-caption aligncenter\"><a href=\"\/guirisporextremadura\/wp-content\/uploads\/sites\/70\/2016\/10\/Flying-Dutchman.jpg\"><img aria-describedby=\"caption-attachment-907\" loading=\"lazy\" class=\"size-full wp-image-907\" src=\"\/guirisporextremadura\/wp-content\/uploads\/sites\/70\/2016\/10\/Flying-Dutchman.jpg\" alt=\"El Holand\u00e9s errante\" width=\"245\" height=\"184\" \/><\/a><p id=\"caption-attachment-907\" class=\"wp-caption-text\">El Holand\u00e9s errante<\/p><\/div>\n<p>Quiz\u00e1s el eslogan tuviera raz\u00f3n, ya que desde hace tantos a\u00f1os los holandeses han sido errantes y han tenido fama de viajeros. No en vano Wagner puso m\u00fasica a su propio libreto de car\u00e1cter autobiogr\u00e1fico, &#8220;El holand\u00e9s errante&#8221;, de un barco que atraviesa todas las vicisitudes en su tormentoso viaje, y los holandeses tambi\u00e9n fueron los encargados de coger el testigo de la expansi\u00f3n colonial hispana, fundando imperios transoce\u00e1nicos como la Compa\u00f1\u00eda de las Indias Orientales y Occidentales.<\/p>\n<p>&nbsp;<\/p>\n<div id=\"attachment_900\" style=\"width: 510px\" class=\"wp-caption aligncenter\"><a href=\"\/guirisporextremadura\/wp-content\/uploads\/sites\/70\/2016\/10\/atalayando.jpg\"><img aria-describedby=\"caption-attachment-900\" loading=\"lazy\" class=\"size-full wp-image-900\" src=\"\/guirisporextremadura\/wp-content\/uploads\/sites\/70\/2016\/10\/atalayando.jpg\" alt=\"Atalayando. Covars\u00ed\" width=\"500\" height=\"271\" srcset=\"https:\/\/static-blogs.hoy.es\/wp-content\/uploads\/sites\/70\/2016\/10\/atalayando.jpg 500w, https:\/\/static-blogs.hoy.es\/wp-content\/uploads\/sites\/70\/2016\/10\/atalayando-300x163.jpg 300w\" sizes=\"(max-width: 500px) 100vw, 500px\" \/><\/a><p id=\"caption-attachment-900\" class=\"wp-caption-text\">Atalayando. Covars\u00ed<\/p><\/div>\n<p>&nbsp;<\/p>\n<p>&nbsp;<\/p>\n<p>&nbsp;<\/p>\n<p>&nbsp;<\/p>\n<p>&nbsp;<\/p>\n<p>&nbsp;<\/p>\n<p>&nbsp;<\/p>\n<p>&nbsp;<\/p>\n<p>&nbsp;<\/p>\n<p>Pues bien, sin esas ambiciones imperiales, pero s\u00ed con un criterio de imbricaci\u00f3n social y de permanencia, viven entro nosotros, concretamente en Mont\u00e1nchez desde hace m\u00e1s de una d\u00e9cada un <em>holand\u00e9s constante,<\/em> que al igual que su colega, el pintor Covars\u00ed en su cuadro Atalayando gusta de ver el paisaje extreme\u00f1o desde la altura que proporciona su casa en la ladera del Castillo de Mont\u00e1nchez, en el centro geogr\u00e1fico de Extremadura, con vistas a las dos provincias y desde cuyo altozano los d\u00edas claro puede vislumbrarse m\u00e1s de 80 km en derredor. Es el pintor Alwin van der Linde (La Haya, 1957).<\/p>\n<p>Artista en general, ha cultivado particularmente la pintura realista y la m\u00fasica, aunque no desde\u00f1a para nada formatos verdaderamente espectaculares donde mezcla v\u00eddeo, instalaci\u00f3n, folk, costumbres populares y tambi\u00e9n \u00a0m\u00fasica electr\u00f3nica y fotograf\u00eda digital.<\/p>\n<p><iframe loading=\"lazy\" src=\"https:\/\/www.youtube.com\/embed\/bcX0WIXPGkY?rel=0&#038;controls=0\" frameborder=\"0\" width=\"560\" height=\"315\"><\/iframe><\/p>\n<p>&nbsp;<\/p>\n<p>Su universo art\u00edstico desarrolla nuevas perspectivas dentro de la figuraci\u00f3n, y siente una enorme fascinaci\u00f3n con la observaci\u00f3n de la naturaleza a trav\u00e9s de su obra.<\/p>\n<div id=\"attachment_903\" style=\"width: 310px\" class=\"wp-caption aligncenter\"><a href=\"\/guirisporextremadura\/wp-content\/uploads\/sites\/70\/2016\/10\/Van-der-Linde.jpg\"><img aria-describedby=\"caption-attachment-903\" loading=\"lazy\" class=\"size-medium wp-image-903\" src=\"\/guirisporextremadura\/wp-content\/uploads\/sites\/70\/2016\/10\/Van-der-Linde.jpg\" alt=\"Obra de Van der Linde\" width=\"300\" height=\"155\" srcset=\"https:\/\/static-blogs.hoy.es\/wp-content\/uploads\/sites\/70\/2016\/10\/Van-der-Linde.jpg 1600w, https:\/\/static-blogs.hoy.es\/wp-content\/uploads\/sites\/70\/2016\/10\/Van-der-Linde-300x155.jpg 300w, https:\/\/static-blogs.hoy.es\/wp-content\/uploads\/sites\/70\/2016\/10\/Van-der-Linde-768x397.jpg 768w, https:\/\/static-blogs.hoy.es\/wp-content\/uploads\/sites\/70\/2016\/10\/Van-der-Linde-1024x529.jpg 1024w\" sizes=\"(max-width: 300px) 100vw, 300px\" \/><\/a><p id=\"caption-attachment-903\" class=\"wp-caption-text\">Obra de Van der Linde<\/p><\/div>\n<p>&nbsp;<\/p>\n<p>Intenta dar al llamado realismo tradicional un contenido espiritual y una est\u00e9tica particular que refleja una investigaci\u00f3n hacia lo invisible. Cree que la intenci\u00f3n creadora, o digamos la parte espiritual e invisible son igual de importantes que la parte visible y t\u00e9cnica de una obra de arte.<\/p>\n<p>Tampoco sus cuadros son hiperrealistas. No tiene ning\u00fan inter\u00e9s en pintar una foto. Cada cent\u00edmetro cuadrado lleva una decisi\u00f3n est\u00e9tica y contribuye al equilibrio final.<\/p>\n<p>&nbsp;<\/p>\n<p>&nbsp;<\/p>\n<p><a href=\"\/guirisporextremadura\/wp-content\/uploads\/sites\/70\/2016\/10\/alwin-van-der-linde-31.jpg\"><img loading=\"lazy\" class=\"aligncenter size-medium wp-image-904\" src=\"\/guirisporextremadura\/wp-content\/uploads\/sites\/70\/2016\/10\/alwin-van-der-linde-31.jpg\" alt=\"\" width=\"300\" height=\"228\" srcset=\"https:\/\/static-blogs.hoy.es\/wp-content\/uploads\/sites\/70\/2016\/10\/alwin-van-der-linde-31.jpg 700w, https:\/\/static-blogs.hoy.es\/wp-content\/uploads\/sites\/70\/2016\/10\/alwin-van-der-linde-31-300x229.jpg 300w\" sizes=\"(max-width: 300px) 100vw, 300px\" \/><\/a><\/p>\n<p>&nbsp;<\/p>\n<p>&nbsp;<\/p>\n<p>&nbsp;<\/p>\n<p>Opina que lo que distingue la pintura de la fotograf\u00eda es la trasmisi\u00f3n directa de la idea hacia la materia sin intervenci\u00f3n de procedimientos t\u00e9cnicos. La creaci\u00f3n reordena el caos de la informaci\u00f3n perceptiva en im\u00e1genes que a trav\u00e9s de su armon\u00eda y equilibrio hablan de la estructura del universo. El Arte y la Filosof\u00eda o la libertad de pensar, son sin\u00f3nimos en esencia como lo son la Verdad y la Belleza. Solo el Arte es capaz de trascender una experiencia personal en una verdad universal.<\/p>\n<p>&nbsp;<\/p>\n<p>&nbsp;<\/p>\n<p style=\"text-align: center;\"><a href=\"\/guirisporextremadura\/wp-content\/uploads\/sites\/70\/2016\/10\/097ad155575ft.jpg\"><img loading=\"lazy\" class=\"size-medium wp-image-905 aligncenter\" src=\"\/guirisporextremadura\/wp-content\/uploads\/sites\/70\/2016\/10\/097ad155575ft.jpg\" alt=\"\" width=\"300\" height=\"232\" srcset=\"https:\/\/static-blogs.hoy.es\/wp-content\/uploads\/sites\/70\/2016\/10\/097ad155575ft.jpg 700w, https:\/\/static-blogs.hoy.es\/wp-content\/uploads\/sites\/70\/2016\/10\/097ad155575ft-300x233.jpg 300w\" sizes=\"(max-width: 300px) 100vw, 300px\" \/><\/a><\/p>\n<p>&nbsp;<\/p>\n<p>&nbsp;<\/p>\n<p>Lo suyo es una pintura bien ejecutada que refleja un equilibrio perfecto dentro de la estructura de la sombra y de la luz, color puro e impuro, paz y conflicto. Las fuerzas opuestas crean una tensi\u00f3n y trasmiten el mensaje de la intenci\u00f3n inicial. Crear es bailar alrededor del centro. El gesto lleva la emoci\u00f3n, nos dice el artista.<\/p>\n<p>&nbsp;<\/p>\n<p><a href=\"\/guirisporextremadura\/wp-content\/uploads\/sites\/70\/2016\/10\/1982.jpg\"><img loading=\"lazy\" class=\"aligncenter size-medium wp-image-906\" src=\"\/guirisporextremadura\/wp-content\/uploads\/sites\/70\/2016\/10\/1982.jpg\" alt=\"\" width=\"300\" height=\"187\" srcset=\"https:\/\/static-blogs.hoy.es\/wp-content\/uploads\/sites\/70\/2016\/10\/1982.jpg 600w, https:\/\/static-blogs.hoy.es\/wp-content\/uploads\/sites\/70\/2016\/10\/1982-300x188.jpg 300w\" sizes=\"(max-width: 300px) 100vw, 300px\" \/><\/a><\/p>\n<p>&nbsp;<\/p>\n<p>Radicado por voluntad propia en Extremadura, Alwin van der Linde \u00a0es ya un referente dentro del universo art\u00edstico extreme\u00f1o y participa en numerosas exposiciones personales y colectivas, como por ejemplo en la sala Ansorena de Madrid o en el MEIAC. Tambi\u00e9n actualmente est\u00e1 en contacto desde la fundaci\u00f3n que dirige en Mont\u00e1nchez<\/p>\n<p>&nbsp;<\/p>\n<div id=\"attachment_909\" style=\"width: 310px\" class=\"wp-caption aligncenter\"><a href=\"\/guirisporextremadura\/wp-content\/uploads\/sites\/70\/2016\/10\/ltJUiCc21.jpg\"><img aria-describedby=\"caption-attachment-909\" loading=\"lazy\" class=\"size-medium wp-image-909\" src=\"\/guirisporextremadura\/wp-content\/uploads\/sites\/70\/2016\/10\/ltJUiCc21.jpg\" alt=\"Fundaci\u00f3n Alwin van der Linde\" width=\"300\" height=\"300\" srcset=\"https:\/\/static-blogs.hoy.es\/wp-content\/uploads\/sites\/70\/2016\/10\/ltJUiCc21.jpg 2547w, https:\/\/static-blogs.hoy.es\/wp-content\/uploads\/sites\/70\/2016\/10\/ltJUiCc21-150x150.jpg 150w, https:\/\/static-blogs.hoy.es\/wp-content\/uploads\/sites\/70\/2016\/10\/ltJUiCc21-300x300.jpg 300w, https:\/\/static-blogs.hoy.es\/wp-content\/uploads\/sites\/70\/2016\/10\/ltJUiCc21-768x768.jpg 768w, https:\/\/static-blogs.hoy.es\/wp-content\/uploads\/sites\/70\/2016\/10\/ltJUiCc21-1024x1024.jpg 1024w\" sizes=\"(max-width: 300px) 100vw, 300px\" \/><\/a><p id=\"caption-attachment-909\" class=\"wp-caption-text\">Fundaci\u00f3n Alwin van der Linde<\/p><\/div>\n<p>&nbsp;<\/p>\n<p>con la vanguardia conceptual art\u00edstica, que le lleva a ejercer de maestro de ceremonia desde el centro geogr\u00e1fico de Extremadura hasta Polonia o el c\u00edrculo polar \u00c1rtico, concretamente en Svalbard \u00a0donde forma parte de movimientos culturales y donde present\u00f3 este mismo a\u00f1o el espectacular v\u00eddeo, titulado \u201cX Minutos\u201d, cuyo enlace de youtube facilitamos y que nos puede dar una idea de la magnitud del artista en lo referente a la naturaleza, la denuncia ecol\u00f3gica y la depurada est\u00e9tica.<\/p>\n<p>&nbsp;<br \/>\n<iframe loading=\"lazy\" width=\"560\" height=\"315\" src=\"https:\/\/www.youtube.com\/embed\/T-1J0VuuKxI?rel=0&#038;controls=0\" frameborder=\"0\" allowfullscreen><\/iframe><\/p>\n<p>&nbsp;<\/p>\n<!-- AddThis Advanced Settings generic via filter on the_content --><!-- AddThis Share Buttons generic via filter on the_content -->","protected":false},"excerpt":{"rendered":"<p>&nbsp; &nbsp; &nbsp; &nbsp; Un antiguo eslogan publicitario de KLM aerol\u00edneas de los Pa\u00edses Bajos, o sea, Holanda, publicitaba que, Volar es normal para los holandeses. &nbsp; &nbsp; Quiz\u00e1s el eslogan tuviera raz\u00f3n, ya que desde hace tantos a\u00f1os los holandeses han sido errantes y han tenido fama de viajeros. No en vano Wagner puso [&hellip;]<!-- AddThis Advanced Settings generic via filter on get_the_excerpt --><!-- AddThis Share Buttons generic via filter on get_the_excerpt --><\/p>\n","protected":false},"author":77,"featured_media":0,"comment_status":"open","ping_status":"closed","sticky":false,"template":"","format":"standard","meta":[],"categories":[6],"tags":[],"_links":{"self":[{"href":"https:\/\/blogs.hoy.es\/guirisporextremadura\/wp-json\/wp\/v2\/posts\/899"}],"collection":[{"href":"https:\/\/blogs.hoy.es\/guirisporextremadura\/wp-json\/wp\/v2\/posts"}],"about":[{"href":"https:\/\/blogs.hoy.es\/guirisporextremadura\/wp-json\/wp\/v2\/types\/post"}],"author":[{"embeddable":true,"href":"https:\/\/blogs.hoy.es\/guirisporextremadura\/wp-json\/wp\/v2\/users\/77"}],"replies":[{"embeddable":true,"href":"https:\/\/blogs.hoy.es\/guirisporextremadura\/wp-json\/wp\/v2\/comments?post=899"}],"version-history":[{"count":0,"href":"https:\/\/blogs.hoy.es\/guirisporextremadura\/wp-json\/wp\/v2\/posts\/899\/revisions"}],"wp:attachment":[{"href":"https:\/\/blogs.hoy.es\/guirisporextremadura\/wp-json\/wp\/v2\/media?parent=899"}],"wp:term":[{"taxonomy":"category","embeddable":true,"href":"https:\/\/blogs.hoy.es\/guirisporextremadura\/wp-json\/wp\/v2\/categories?post=899"},{"taxonomy":"post_tag","embeddable":true,"href":"https:\/\/blogs.hoy.es\/guirisporextremadura\/wp-json\/wp\/v2\/tags?post=899"}],"curies":[{"name":"wp","href":"https:\/\/api.w.org\/{rel}","templated":true}]}}